{"id":49574,"date":"2025-01-13T16:43:55","date_gmt":"2025-01-13T19:43:55","guid":{"rendered":"https:\/\/radiorevelacionfm.cl\/?p=49574"},"modified":"2025-01-13T16:43:55","modified_gmt":"2025-01-13T19:43:55","slug":"empresa-continua-trabajando-para-restablecer-suministro-electrico-tras-fuertes-vientos-en-la-region","status":"publish","type":"post","link":"https:\/\/radiorevelacionfm.cl\/?p=49574","title":{"rendered":"Empresa contin\u00faa trabajando para restablecer suministro el\u00e9ctrico tras fuertes vientos en la regi\u00f3n"},"content":{"rendered":"<div class=\"flex_column av_one_full  flex_column_div av-zero-column-padding first  avia-builder-el-0  el_before_av_one_full  avia-builder-el-first  \" style='border-radius:0px; '><div  class='avia-image-container  av-styling-    avia-builder-el-1  avia-builder-el-no-sibling  avia-align-center '  itemprop=\"image\" itemscope=\"itemscope\" itemtype=\"https:\/\/schema.org\/ImageObject\"  ><div class='avia-image-container-inner'><div class='avia-image-overlay-wrap'><img decoding=\"async\" class='wp-image-49575 avia-img-lazy-loading-not-49575 avia_image' src=\"https:\/\/radiorevelacionfm.cl\/wp-content\/uploads\/2025\/01\/emergencia-climatica-1-1_optimized-1.jpeg\" alt='' title='emergencia-clim\u00e1tica-(1)-(1)_optimized (1)' height=\"600\" width=\"974\"  itemprop=\"thumbnailUrl\" srcset=\"https:\/\/radiorevelacionfm.cl\/wp-content\/uploads\/2025\/01\/emergencia-climatica-1-1_optimized-1.jpeg 974w, https:\/\/radiorevelacionfm.cl\/wp-content\/uploads\/2025\/01\/emergencia-climatica-1-1_optimized-1-300x185.jpeg 300w, https:\/\/radiorevelacionfm.cl\/wp-content\/uploads\/2025\/01\/emergencia-climatica-1-1_optimized-1-768x473.jpeg 768w, https:\/\/radiorevelacionfm.cl\/wp-content\/uploads\/2025\/01\/emergencia-climatica-1-1_optimized-1-705x434.jpeg 705w, https:\/\/radiorevelacionfm.cl\/wp-content\/uploads\/2025\/01\/emergencia-climatica-1-1_optimized-1-450x277.jpeg 450w, https:\/\/radiorevelacionfm.cl\/wp-content\/uploads\/2025\/01\/emergencia-climatica-1-1_optimized-1-600x370.jpeg 600w\" sizes=\"(max-width: 974px) 100vw, 974px\" \/><\/div><\/div><\/div><\/div><div class=\"flex_column av_one_full  flex_column_div av-zero-column-padding first  avia-builder-el-2  el_after_av_one_full  el_before_av_one_full  column-top-margin\" style='border-radius:0px; '><section class=\"av_textblock_section \"  itemscope=\"itemscope\" itemtype=\"https:\/\/schema.org\/BlogPosting\" itemprop=\"blogPost\" ><div class='avia_textblock  '   itemprop=\"text\" ><p style=\"text-align: center;\"><strong><span style=\"font-size: 18pt;\">Empresa contin\u00faa trabajando para restablecer suministro el\u00e9ctrico tras fuertes vientos en la regi\u00f3n<\/span><\/strong><\/p>\n<div id=\"gtx-trans\" style=\"position: absolute; left: -50px; top: 4.31534px;\">\n<div class=\"gtx-trans-icon\"><\/div>\n<\/div>\n<\/div><\/section><\/div><div class=\"flex_column av_one_full  flex_column_div av-zero-column-padding first  avia-builder-el-4  el_after_av_one_full  el_before_av_hr  column-top-margin\" style='border-radius:0px; '><section class=\"av_textblock_section \"  itemscope=\"itemscope\" itemtype=\"https:\/\/schema.org\/BlogPosting\" itemprop=\"blogPost\" ><div class='avia_textblock  '   itemprop=\"text\" ><p style=\"text-align: justify;\"><em>Las condiciones clim\u00e1ticas adversas provocaron interrupciones en el servicio el\u00e9ctrico en diversos sectores. Sin embargo, m\u00e1s del 85% de los clientes afectados la jornada de ayer, terminaron por ser normalizados hasta el cierre de ayer domingo y las brigadas contin\u00faan trabajando para normalizar el suministro restante.<\/em><\/p>\n<p style=\"text-align: justify;\">La el\u00e9ctrica dio a conocer que debido a las fuertes r\u00e1fagas de viento las cuales en algunos casos superaron los 72 Km\/h y que afectaron a la regi\u00f3n desde la jornada del domingo 12 de enero, se registraron m\u00faltiples interrupciones en el suministro el\u00e9ctrico, principalmente causadas por ca\u00eddas de \u00e1rboles y ramas sobre la red el\u00e9ctrica, situaci\u00f3n con un alto impacto negativo, debido al aumento de vegetaci\u00f3n y follaje que se produce en esta \u00e9poca del a\u00f1o en los \u00e1rboles. Estas contingencias impactaron tanto a sectores rurales como al \u00e1rea urbana de comunas como Coyhaique, Ays\u00e9n, la cuenca del Lago General Carrera y Cochrane.<\/p>\n<p style=\"text-align: justify;\">Desde ayer, m\u00e1s de 50 personas se han mantenido trabajando en terreno para atender las emergencias y restablecer el servicio. Este n\u00famero aument\u00f3 el d\u00eda de hoy, con el objetivo de acelerar la normalizaci\u00f3n del suministro. De acuerdo con ello, m\u00e1s del 85% de los clientes afectados durante la jornada del domingo ya se encuentran con suministro normal, gracias al esfuerzo continuo de las brigadas especializadas en terreno. Sin embargo, en Coyhaique principalmente, a\u00fan quedan sectores pendientes por recuperar, para quienes se espera tener el servicio normalizado durante esta jornada.<\/p>\n<p style=\"text-align: justify;\">Roberto Pe\u00f1a, encargado de operaciones de Edelaysen coment\u00f3: \u201cDesde ayer nos encontramos trabajando intensamente en terreno con todas nuestras brigadas. De igual manera, continuamos trabajando durante la noche hasta altas horas de la madrugada para avanzar en la recuperaci\u00f3n del servicio. Hoy y desde primera hora contamos con m\u00e1s personal para atender la emergencia de manera eficiente. Nuestro principal compromiso es con las familias de la regi\u00f3n por lo que, agradecemos la paciencia y la comprensi\u00f3n de nuestros clientes frente a esta situaci\u00f3n de emergencia\u201d.<\/p>\n<p style=\"text-align: justify;\">Edelaysen record\u00f3 a la comunidad sus canales de contacto: l\u00ednea gratuita 800 600 803, X (ex twitter), Facebook y bot\u00f3n \u201cEstoy sin luz\u201d en la web: www.edelaysen.cl<\/p>\n<\/div><\/section><\/div><div  style='height:50px' class='hr hr-invisible   avia-builder-el-6  el_after_av_one_full  el_before_av_social_share '><span class='hr-inner ' ><span class='hr-inner-style'><\/span><\/span><\/div><\/p>\n<div  class='av-social-sharing-box  avia-builder-el-7  el_after_av_hr  el_before_av_hr  '><div class='av-share-box'><h5 class='av-share-link-description av-no-toc '>Compartir esta noticia<\/h5><ul class='av-share-box-list noLightbox'><li class='av-share-link av-social-link-facebook' ><a target=\"_blank\" aria-label=\"Compartir en Facebook\" href='https:\/\/www.facebook.com\/sharer.php?u=https:\/\/radiorevelacionfm.cl\/?p=49574&#038;t=Empresa%20contin%C3%BAa%20trabajando%20para%20restablecer%20suministro%20el%C3%A9ctrico%20tras%20fuertes%20vientos%20en%20la%20regi%C3%B3n' aria-hidden='false' data-av_icon='\ue8f3' data-av_iconfont='entypo-fontello' title='' data-avia-related-tooltip='Compartir en Facebook' rel=\"noopener\"><span class='avia_hidden_link_text'>Compartir en Facebook<\/span><\/a><\/li><li class='av-share-link av-social-link-twitter' ><a target=\"_blank\" aria-label=\"Compartir en Twitter\" href='https:\/\/twitter.com\/share?text=Empresa%20contin%C3%BAa%20trabajando%20para%20restablecer%20suministro%20el%C3%A9ctrico%20tras%20fuertes%20vientos%20en%20la%20regi%C3%B3n&#038;url=https:\/\/radiorevelacionfm.cl\/?p=49574' aria-hidden='false' data-av_icon='\ue8f1' data-av_iconfont='entypo-fontello' title='' data-avia-related-tooltip='Compartir en Twitter' rel=\"noopener\"><span class='avia_hidden_link_text'>Compartir en Twitter<\/span><\/a><\/li><li class='av-share-link av-social-link-whatsapp' ><a target=\"_blank\" aria-label=\"Compartir en Whatsapp\" href='https:\/\/api.whatsapp.com\/send?text=https:\/\/radiorevelacionfm.cl\/?p=49574' aria-hidden='false' data-av_icon='\uf232' data-av_iconfont='entypo-fontello' title='' data-avia-related-tooltip='Compartir en Whatsapp' rel=\"noopener\"><span class='avia_hidden_link_text'>Compartir en Whatsapp<\/span><\/a><\/li><li class='av-share-link av-social-link-linkedin' ><a target=\"_blank\" aria-label=\"Compartir en LinkedIn\" href='https:\/\/linkedin.com\/shareArticle?mini=true&#038;title=Empresa%20contin%C3%BAa%20trabajando%20para%20restablecer%20suministro%20el%C3%A9ctrico%20tras%20fuertes%20vientos%20en%20la%20regi%C3%B3n&#038;url=https:\/\/radiorevelacionfm.cl\/?p=49574' aria-hidden='false' data-av_icon='\ue8fc' data-av_iconfont='entypo-fontello' title='' data-avia-related-tooltip='Compartir en LinkedIn' rel=\"noopener\"><span class='avia_hidden_link_text'>Compartir en LinkedIn<\/span><\/a><\/li><li class='av-share-link av-social-link-mail' ><a  aria-label=\"Compartir por correo\" href='mailto:?subject=Empresa%20contin%C3%BAa%20trabajando%20para%20restablecer%20suministro%20el%C3%A9ctrico%20tras%20fuertes%20vientos%20en%20la%20regi%C3%B3n&#038;body=https:\/\/radiorevelacionfm.cl\/?p=49574' aria-hidden='false' data-av_icon='\ue805' data-av_iconfont='entypo-fontello' title='' data-avia-related-tooltip='Compartir por correo'><span class='avia_hidden_link_text'>Compartir por correo<\/span><\/a><\/li><\/ul><\/div><\/div>\n<div  style='height:50px' class='hr hr-invisible   avia-builder-el-8  el_after_av_social_share  el_before_av_comments_list '><span class='hr-inner ' ><span class='hr-inner-style'><\/span><\/span><\/div>\n<div  class='av-buildercomment  av-blog-meta-html-info-disabled av-blog-meta-tag-disabled  '><\/div>\n","protected":false},"excerpt":{"rendered":"","protected":false},"author":1,"featured_media":49575,"comment_status":"open","ping_status":"open","sticky":false,"template":"","format":"standard","meta":{"footnotes":""},"categories":[38],"tags":[],"class_list":["post-49574","post","type-post","status-publish","format-standard","has-post-thumbnail","hentry","category-regional"],"jetpack_featured_media_url":"https:\/\/radiorevelacionfm.cl\/wp-content\/uploads\/2025\/01\/emergencia-climatica-1-1_optimized-1.jpeg","_links":{"self":[{"href":"https:\/\/radiorevelacionfm.cl\/index.php?rest_route=\/wp\/v2\/posts\/49574","targetHints":{"allow":["GET"]}}],"collection":[{"href":"https:\/\/radiorevelacionfm.cl\/index.php?rest_route=\/wp\/v2\/posts"}],"about":[{"href":"https:\/\/radiorevelacionfm.cl\/index.php?rest_route=\/wp\/v2\/types\/post"}],"author":[{"embeddable":true,"href":"https:\/\/radiorevelacionfm.cl\/index.php?rest_route=\/wp\/v2\/users\/1"}],"replies":[{"embeddable":true,"href":"https:\/\/radiorevelacionfm.cl\/index.php?rest_route=%2Fwp%2Fv2%2Fcomments&post=49574"}],"version-history":[{"count":1,"href":"https:\/\/radiorevelacionfm.cl\/index.php?rest_route=\/wp\/v2\/posts\/49574\/revisions"}],"predecessor-version":[{"id":49576,"href":"https:\/\/radiorevelacionfm.cl\/index.php?rest_route=\/wp\/v2\/posts\/49574\/revisions\/49576"}],"wp:featuredmedia":[{"embeddable":true,"href":"https:\/\/radiorevelacionfm.cl\/index.php?rest_route=\/wp\/v2\/media\/49575"}],"wp:attachment":[{"href":"https:\/\/radiorevelacionfm.cl\/index.php?rest_route=%2Fwp%2Fv2%2Fmedia&parent=49574"}],"wp:term":[{"taxonomy":"category","embeddable":true,"href":"https:\/\/radiorevelacionfm.cl\/index.php?rest_route=%2Fwp%2Fv2%2Fcategories&post=49574"},{"taxonomy":"post_tag","embeddable":true,"href":"https:\/\/radiorevelacionfm.cl\/index.php?rest_route=%2Fwp%2Fv2%2Ftags&post=49574"}],"curies":[{"name":"wp","href":"https:\/\/api.w.org\/{rel}","templated":true}]}}