{"id":49571,"date":"2025-01-14T09:58:28","date_gmt":"2025-01-14T12:58:28","guid":{"rendered":"https:\/\/radiorevelacionfm.cl\/?p=49571"},"modified":"2025-01-14T09:58:28","modified_gmt":"2025-01-14T12:58:28","slug":"organizaciones-de-todo-el-pais-llaman-al-gobierno-de-boric-a-terminar-con-el-proceso-de-regresion-ambiental","status":"publish","type":"post","link":"https:\/\/radiorevelacionfm.cl\/?p=49571","title":{"rendered":"Organizaciones de todo el pa\u00eds llaman al gobierno de Boric a \u00abterminar con el proceso de regresi\u00f3n ambiental\u00bb"},"content":{"rendered":"<div class=\"flex_column av_one_full  flex_column_div av-zero-column-padding first  avia-builder-el-0  el_before_av_one_full  avia-builder-el-first  \" style='border-radius:0px; '><div  class='avia-image-container  av-styling-    avia-builder-el-1  avia-builder-el-no-sibling  avia-align-center '  itemprop=\"image\" itemscope=\"itemscope\" itemtype=\"https:\/\/schema.org\/ImageObject\"  ><div class='avia-image-container-inner'><div class='avia-image-overlay-wrap'><img decoding=\"async\" class='wp-image-49572 avia-img-lazy-loading-not-49572 avia_image' src=\"https:\/\/radiorevelacionfm.cl\/wp-content\/uploads\/2025\/01\/ambiental1-1_optimized-1_optimized-1.jpg\" alt='' title='ambiental1-(1)_optimized-(1)_optimized (1)' height=\"600\" width=\"800\"  itemprop=\"thumbnailUrl\" srcset=\"https:\/\/radiorevelacionfm.cl\/wp-content\/uploads\/2025\/01\/ambiental1-1_optimized-1_optimized-1.jpg 800w, https:\/\/radiorevelacionfm.cl\/wp-content\/uploads\/2025\/01\/ambiental1-1_optimized-1_optimized-1-300x225.jpg 300w, https:\/\/radiorevelacionfm.cl\/wp-content\/uploads\/2025\/01\/ambiental1-1_optimized-1_optimized-1-768x576.jpg 768w, https:\/\/radiorevelacionfm.cl\/wp-content\/uploads\/2025\/01\/ambiental1-1_optimized-1_optimized-1-705x529.jpg 705w, https:\/\/radiorevelacionfm.cl\/wp-content\/uploads\/2025\/01\/ambiental1-1_optimized-1_optimized-1-450x338.jpg 450w, https:\/\/radiorevelacionfm.cl\/wp-content\/uploads\/2025\/01\/ambiental1-1_optimized-1_optimized-1-600x450.jpg 600w\" sizes=\"(max-width: 800px) 100vw, 800px\" \/><\/div><\/div><\/div><\/div><div class=\"flex_column av_one_full  flex_column_div av-zero-column-padding first  avia-builder-el-2  el_after_av_one_full  el_before_av_one_full  column-top-margin\" style='border-radius:0px; '><section class=\"av_textblock_section \"  itemscope=\"itemscope\" itemtype=\"https:\/\/schema.org\/BlogPosting\" itemprop=\"blogPost\" ><div class='avia_textblock  '   itemprop=\"text\" ><p style=\"text-align: center;\"><strong><span style=\"font-size: 18pt;\">Organizaciones de todo el pa\u00eds llaman al gobierno de Boric a \u00abterminar con el proceso de regresi\u00f3n ambiental\u00bb<\/span><\/strong><\/p>\n<div id=\"gtx-trans\" style=\"position: absolute; left: -50px; top: 4.31534px;\">\n<div class=\"gtx-trans-icon\"><\/div>\n<\/div>\n<\/div><\/section><\/div><div class=\"flex_column av_one_full  flex_column_div av-zero-column-padding first  avia-builder-el-4  el_after_av_one_full  el_before_av_hr  column-top-margin\" style='border-radius:0px; '><section class=\"av_textblock_section \"  itemscope=\"itemscope\" itemtype=\"https:\/\/schema.org\/BlogPosting\" itemprop=\"blogPost\" ><div class='avia_textblock  '   itemprop=\"text\" ><p>Unas 160 organizaciones han firmado la misiva.<\/p>\n<p style=\"text-align: justify;\">Cuestionan apoyo a proyectos de ley como el de permisos sectoriales (que se sustenta en el neologismo extractivista de la \u00abpermisolog\u00eda\u00bb), la reforma al Sistema de Evaluaci\u00f3n de Impacto Ambiental y la iniciativa de administraci\u00f3n del borde costero y concesiones mar\u00edtimas, que flexibilizan la protecci\u00f3n de la naturaleza y las comunidades por parte del Estado.<\/p>\n<p style=\"text-align: justify;\">Un total de 161 organizaciones ecologistas y territoriales de todo el pa\u00eds emplazan al gobierno de Gabriel Boric a terminar con el proceso de regresi\u00f3n ambiental que impulsa tanto a nivel legislativo como territorial, bajo la excusa de fomentar la inversi\u00f3n. La <a href=\"https:\/\/forms.gle\/bstDmmRii4DhpwYK8\">carta<\/a>, que a la fecha ha sido suscrita por movimientos sociales, ONGs, agrupaciones locales y comunitarias, hace un an\u00e1lisis de distintos proyectos y acciones ejecutivas en curso que han sido apoyadas por el Ejecutivo, autodefinido como \u00abel primer gobierno ecologista de Chile\u00bb.<\/p>\n<p style=\"text-align: justify;\">Alertan que esta agenda va \u00aben contra del principio preventivo y precautorio, por lo que es regresiva en t\u00e9rminos ambientales y sociales, ya que se est\u00e1 colocando en peligro a ecosistemas \u00fanicos de nuestro pa\u00eds, como tambi\u00e9n la posibilidad de impulsar actividades econ\u00f3micas a nivel local que hagan sentido y reconexi\u00f3n con los ecosistemas y las comunidades que all\u00ed habitan\u00bb.<\/p>\n<p style=\"text-align: justify;\">Mencionan entre estas iniciativas el proyecto de ley de permisos sectoriales, en segundo tr\u00e1mite en el Senado, que a la fecha modifica el silencio administrativo, las declaraciones juradas y otros tr\u00e1mites fundamentales para asegurar que los proyectos cumplan con lo estipulado por la administraci\u00f3n. M\u00e1s a\u00fan, no contempla la contrataci\u00f3n de m\u00e1s personal que es uno de los motivos de las demoras del sistema. Se agrega la reforma al Sistema de Evaluaci\u00f3n de Impacto Ambiental, que entre los cambios m\u00e1s graves contempla reducir a la mitad los plazos de evaluaci\u00f3n si \u00e9ste se declara como un proyecto que debe resolverse de forma \u00aburgente\u00bb.<\/p>\n<p style=\"text-align: justify;\">La\u00a0iniciativa\u00a0de administraci\u00f3n del borde costero y concesiones mar\u00edtimas, en tanto, ha sido sujeto de indicaciones que ven los ecosistemas marinos como una simple despensa y repositorio de recursos naturales, simplificando sus funciones inherentes.<\/p>\n<p style=\"text-align: justify;\">Lo anterior va de la mano con la arremetida del sector privado relacionado con\u00a0el hidr\u00f3geno industrial, mal llamado \u00abverde\u00bb, que no se hace cargo de las escalas y emplazamientos, al igual que los\u00a0proyectos de inversi\u00f3n en materia de litio, que amenazan salares y ecosistemas reconocidos a nivel internacional.\u00a0\u00a0Por \u00faltimo, se releva la \u00abfalta de compromiso para caducar concesiones a la salmonicultura en \u00e1reas protegidas\u00bb.<\/p>\n<p style=\"text-align: justify;\">\u00abLa lista es larga y podr\u00edamos seguir enumerando elementos preocupantes, como Escaz\u00fa, la baja implementaci\u00f3n del Servicio de Biodiversidad o la Ley de Cambio Clim\u00e1tico, el aplazamiento de la ley de pl\u00e1sticos de un solo uso, entre muchas iniciativas m\u00e1s\u00bb expresan.<\/p>\n<p style=\"text-align: justify;\">Todo esto en el contexto de la masificaci\u00f3n a nivel de gobierno del t\u00e9rmino\u00a0\u00abpermisolog\u00eda\u00bb, neologismo peyorativo e ideol\u00f3gico acu\u00f1ado por el sector extractivo que el gobierno hizo suyo.<\/p>\n<p style=\"text-align: justify;\">\u00abPor todo lo anterior, solicitamos que estas agenda pro-inversi\u00f3n sea revisada y su discurso rectificado por el gobierno y que se rechace por las Senadoras y los Senadores sus Propuestas legislativas de Racionalizaci\u00f3n Regulatoria, por tratarse de pol\u00edticas regresivas en t\u00e9rminos ambientales y sociales, que ponen a\u00fan m\u00e1s en riesgo los derechos humanos ambientales y de la\u00a0naturaleza\u00bb concluyen en la misiva.<\/p>\n<\/div><\/section><\/div><div  style='height:50px' class='hr hr-invisible   avia-builder-el-6  el_after_av_one_full  el_before_av_social_share '><span class='hr-inner ' ><span class='hr-inner-style'><\/span><\/span><\/div><\/p>\n<div  class='av-social-sharing-box  avia-builder-el-7  el_after_av_hr  el_before_av_hr  '><div class='av-share-box'><h5 class='av-share-link-description av-no-toc '>Compartir esta noticia<\/h5><ul class='av-share-box-list noLightbox'><li class='av-share-link av-social-link-facebook' ><a target=\"_blank\" aria-label=\"Compartir en Facebook\" href='https:\/\/www.facebook.com\/sharer.php?u=https:\/\/radiorevelacionfm.cl\/?p=49571&#038;t=Organizaciones%20de%20todo%20el%20pa%C3%ADs%20llaman%20al%20gobierno%20de%20Boric%20a%20%C2%ABterminar%20con%20el%20proceso%20de%20regresi%C3%B3n%20ambiental%C2%BB' aria-hidden='false' data-av_icon='\ue8f3' data-av_iconfont='entypo-fontello' title='' data-avia-related-tooltip='Compartir en Facebook' rel=\"noopener\"><span class='avia_hidden_link_text'>Compartir en Facebook<\/span><\/a><\/li><li class='av-share-link av-social-link-twitter' ><a target=\"_blank\" aria-label=\"Compartir en Twitter\" href='https:\/\/twitter.com\/share?text=Organizaciones%20de%20todo%20el%20pa%C3%ADs%20llaman%20al%20gobierno%20de%20Boric%20a%20%C2%ABterminar%20con%20el%20proceso%20de%20regresi%C3%B3n%20ambiental%C2%BB&#038;url=https:\/\/radiorevelacionfm.cl\/?p=49571' aria-hidden='false' data-av_icon='\ue8f1' data-av_iconfont='entypo-fontello' title='' data-avia-related-tooltip='Compartir en Twitter' rel=\"noopener\"><span class='avia_hidden_link_text'>Compartir en Twitter<\/span><\/a><\/li><li class='av-share-link av-social-link-whatsapp' ><a target=\"_blank\" aria-label=\"Compartir en Whatsapp\" href='https:\/\/api.whatsapp.com\/send?text=https:\/\/radiorevelacionfm.cl\/?p=49571' aria-hidden='false' data-av_icon='\uf232' data-av_iconfont='entypo-fontello' title='' data-avia-related-tooltip='Compartir en Whatsapp' rel=\"noopener\"><span class='avia_hidden_link_text'>Compartir en Whatsapp<\/span><\/a><\/li><li class='av-share-link av-social-link-linkedin' ><a target=\"_blank\" aria-label=\"Compartir en LinkedIn\" href='https:\/\/linkedin.com\/shareArticle?mini=true&#038;title=Organizaciones%20de%20todo%20el%20pa%C3%ADs%20llaman%20al%20gobierno%20de%20Boric%20a%20%C2%ABterminar%20con%20el%20proceso%20de%20regresi%C3%B3n%20ambiental%C2%BB&#038;url=https:\/\/radiorevelacionfm.cl\/?p=49571' aria-hidden='false' data-av_icon='\ue8fc' data-av_iconfont='entypo-fontello' title='' data-avia-related-tooltip='Compartir en LinkedIn' rel=\"noopener\"><span class='avia_hidden_link_text'>Compartir en LinkedIn<\/span><\/a><\/li><li class='av-share-link av-social-link-mail' ><a  aria-label=\"Compartir por correo\" href='mailto:?subject=Organizaciones%20de%20todo%20el%20pa%C3%ADs%20llaman%20al%20gobierno%20de%20Boric%20a%20%C2%ABterminar%20con%20el%20proceso%20de%20regresi%C3%B3n%20ambiental%C2%BB&#038;body=https:\/\/radiorevelacionfm.cl\/?p=49571' aria-hidden='false' data-av_icon='\ue805' data-av_iconfont='entypo-fontello' title='' data-avia-related-tooltip='Compartir por correo'><span class='avia_hidden_link_text'>Compartir por correo<\/span><\/a><\/li><\/ul><\/div><\/div>\n<div  style='height:50px' class='hr hr-invisible   avia-builder-el-8  el_after_av_social_share  el_before_av_comments_list '><span class='hr-inner ' ><span class='hr-inner-style'><\/span><\/span><\/div>\n<div  class='av-buildercomment  av-blog-meta-html-info-disabled av-blog-meta-tag-disabled  '><\/div>\n","protected":false},"excerpt":{"rendered":"","protected":false},"author":1,"featured_media":49572,"comment_status":"open","ping_status":"open","sticky":false,"template":"","format":"standard","meta":{"footnotes":""},"categories":[39],"tags":[],"class_list":["post-49571","post","type-post","status-publish","format-standard","has-post-thumbnail","hentry","category-medio-ambiente"],"jetpack_featured_media_url":"https:\/\/radiorevelacionfm.cl\/wp-content\/uploads\/2025\/01\/ambiental1-1_optimized-1_optimized-1.jpg","_links":{"self":[{"href":"https:\/\/radiorevelacionfm.cl\/index.php?rest_route=\/wp\/v2\/posts\/49571","targetHints":{"allow":["GET"]}}],"collection":[{"href":"https:\/\/radiorevelacionfm.cl\/index.php?rest_route=\/wp\/v2\/posts"}],"about":[{"href":"https:\/\/radiorevelacionfm.cl\/index.php?rest_route=\/wp\/v2\/types\/post"}],"author":[{"embeddable":true,"href":"https:\/\/radiorevelacionfm.cl\/index.php?rest_route=\/wp\/v2\/users\/1"}],"replies":[{"embeddable":true,"href":"https:\/\/radiorevelacionfm.cl\/index.php?rest_route=%2Fwp%2Fv2%2Fcomments&post=49571"}],"version-history":[{"count":1,"href":"https:\/\/radiorevelacionfm.cl\/index.php?rest_route=\/wp\/v2\/posts\/49571\/revisions"}],"predecessor-version":[{"id":49573,"href":"https:\/\/radiorevelacionfm.cl\/index.php?rest_route=\/wp\/v2\/posts\/49571\/revisions\/49573"}],"wp:featuredmedia":[{"embeddable":true,"href":"https:\/\/radiorevelacionfm.cl\/index.php?rest_route=\/wp\/v2\/media\/49572"}],"wp:attachment":[{"href":"https:\/\/radiorevelacionfm.cl\/index.php?rest_route=%2Fwp%2Fv2%2Fmedia&parent=49571"}],"wp:term":[{"taxonomy":"category","embeddable":true,"href":"https:\/\/radiorevelacionfm.cl\/index.php?rest_route=%2Fwp%2Fv2%2Fcategories&post=49571"},{"taxonomy":"post_tag","embeddable":true,"href":"https:\/\/radiorevelacionfm.cl\/index.php?rest_route=%2Fwp%2Fv2%2Ftags&post=49571"}],"curies":[{"name":"wp","href":"https:\/\/api.w.org\/{rel}","templated":true}]}}