{"id":49568,"date":"2025-01-13T19:41:09","date_gmt":"2025-01-13T22:41:09","guid":{"rendered":"https:\/\/radiorevelacionfm.cl\/?p=49568"},"modified":"2025-01-13T19:41:09","modified_gmt":"2025-01-13T22:41:09","slug":"lanzamientos-literarios-se-toman-la-parrilla-del-97-aniversario-de-puerto-aysen","status":"publish","type":"post","link":"https:\/\/radiorevelacionfm.cl\/?p=49568","title":{"rendered":"Lanzamientos literarios se toman la parrilla del 97 Aniversario de Puerto Ays\u00e9n"},"content":{"rendered":"<div class=\"flex_column av_one_full  flex_column_div av-zero-column-padding first  avia-builder-el-0  el_before_av_one_full  avia-builder-el-first  \" style='border-radius:0px; '><div  class='avia-image-container  av-styling-    avia-builder-el-1  avia-builder-el-no-sibling  avia-align-center '  itemprop=\"image\" itemscope=\"itemscope\" itemtype=\"https:\/\/schema.org\/ImageObject\"  ><div class='avia-image-container-inner'><div class='avia-image-overlay-wrap'><img decoding=\"async\" class='wp-image-49569 avia-img-lazy-loading-not-49569 avia_image' src=\"https:\/\/radiorevelacionfm.cl\/wp-content\/uploads\/2025\/01\/portada-libro-3v2-1_optimized-1.jpg\" alt='' title='portada-libro-(3)v2-(1)_optimized (1)' height=\"610\" width=\"801\"  itemprop=\"thumbnailUrl\" srcset=\"https:\/\/radiorevelacionfm.cl\/wp-content\/uploads\/2025\/01\/portada-libro-3v2-1_optimized-1.jpg 801w, https:\/\/radiorevelacionfm.cl\/wp-content\/uploads\/2025\/01\/portada-libro-3v2-1_optimized-1-300x228.jpg 300w, https:\/\/radiorevelacionfm.cl\/wp-content\/uploads\/2025\/01\/portada-libro-3v2-1_optimized-1-768x585.jpg 768w, https:\/\/radiorevelacionfm.cl\/wp-content\/uploads\/2025\/01\/portada-libro-3v2-1_optimized-1-705x537.jpg 705w, https:\/\/radiorevelacionfm.cl\/wp-content\/uploads\/2025\/01\/portada-libro-3v2-1_optimized-1-450x343.jpg 450w, https:\/\/radiorevelacionfm.cl\/wp-content\/uploads\/2025\/01\/portada-libro-3v2-1_optimized-1-600x457.jpg 600w\" sizes=\"(max-width: 801px) 100vw, 801px\" \/><\/div><\/div><\/div><\/div><div class=\"flex_column av_one_full  flex_column_div av-zero-column-padding first  avia-builder-el-2  el_after_av_one_full  el_before_av_one_full  column-top-margin\" style='border-radius:0px; '><section class=\"av_textblock_section \"  itemscope=\"itemscope\" itemtype=\"https:\/\/schema.org\/BlogPosting\" itemprop=\"blogPost\" ><div class='avia_textblock  '   itemprop=\"text\" ><p style=\"text-align: center;\"><strong><span style=\"font-size: 18pt;\">Lanzamientos literarios se toman la parrilla del 97 Aniversario de Puerto Ays\u00e9n<\/span><\/strong><\/p>\n<div id=\"gtx-trans\" style=\"position: absolute; left: -50px; top: 4.31534px;\">\n<div class=\"gtx-trans-icon\"><\/div>\n<\/div>\n<\/div><\/section><\/div><div class=\"flex_column av_one_full  flex_column_div av-zero-column-padding first  avia-builder-el-4  el_after_av_one_full  el_before_av_hr  column-top-margin\" style='border-radius:0px; '><section class=\"av_textblock_section \"  itemscope=\"itemscope\" itemtype=\"https:\/\/schema.org\/BlogPosting\" itemprop=\"blogPost\" ><div class='avia_textblock  '   itemprop=\"text\" ><p style=\"text-align: justify;\"><em>La tercera edici\u00f3n de \u201cSombras en la lluvia\u201d y la presentaci\u00f3n de \u201cVivencias en la Patagonia Chona, Ays\u00e9n\u201d se efectuar\u00e1n jueves y viernes, respectivamente, en la Biblioteca P\u00fablica aysenina.<\/em><\/p>\n<p style=\"text-align: justify;\">Porque la cultura tambi\u00e9n forma parte de 97 aniversario de Puerto Ays\u00e9n, esta semana se llevar\u00e1 a cabo dos lanzamientos de libros, que tendr\u00e1n lugar en dependencias de la Biblioteca Municipal, y donde desde ya, toda la comunidad est\u00e1 invitada a participar.<\/p>\n<p style=\"text-align: justify;\">Es as\u00ed que el jueves 16 a partir de las 15:00 horas, se realizar\u00e1 la presentaci\u00f3n del libro \u201cSombras en la lluvia\u201d, del autor Eleodoro Sanhueza, en su tercera edici\u00f3n. Se trata de la continuidad de su obra \u201cAlmas en el r\u00edo\u201d, donde mezclando ficci\u00f3n y realidad, se da a conocer el denominado Caso Ays\u00e9n, y las extra\u00f1as circunstancias que rodearon las muertes de n\u00fameros j\u00f3venes en las g\u00e9lidas aguas del r\u00edo del mismo nombre. En este segundo texto, Sanhueza Ram\u00edrez ampl\u00eda la investigaci\u00f3n, explorando los hechos que permitieron que este caso -que alcanz\u00f3 ribetes medi\u00e1ticos nacionales a fines de la d\u00e9cada de los noventa y principios de los dos mil-, quedara impune, sin posibilidad de verdad ni justicia. Todo esto plasmado en sus p\u00e1ginas con una pluma precisa y directa, en esta entrega de ficci\u00f3n literaria que, originalmente, fue lanzada en 2016, y que luego de un trabajo en conjunto con la editorial \u00d1ire Negro, el apoyo club de adultos mayores Cerro Nevado de Puerto Ays\u00e9n y del 8% del FNDR del Gobierno Regional, pudo reversionar de cara a este nuevo lanzamiento.<\/p>\n<p style=\"text-align: justify;\">El viernes 17 de enero, en tanto, se efectuar\u00e1 la presentaci\u00f3n del libro \u201cVivencias en la Patagonia Chona, Ays\u00e9n\u201d, de Claudio \u201cTito\u201d Villegas. Un texto que refleja el viaje de su autor, no s\u00f3lo a trav\u00e9s de canales y fiordos de la regi\u00f3n, sino tambi\u00e9n por las experiencias, los desaf\u00edos y las reflexiones que han marcado la vida de un hombre, que decidi\u00f3 contar su historia y compartirla con todos quienes quieran hacerse parte.<\/p>\n<p style=\"text-align: justify;\">De esta manera, \u201cTito\u201d Villegas Canquil, vecino aysenino, rescata entre sus p\u00e1ginas, las historias de muchas personas que, aunque no figuren en los libros oficiales, dejaron una huella profunda en tierras ayseninas. Convirti\u00e9ndose as\u00ed, no s\u00f3lo en un conjunto de relatos personales. Sino tambi\u00e9n un homenaje a las vidas y esfuerzos que construyeron lejanas tierras.<\/p>\n<p style=\"text-align: justify;\">Una doble invitaci\u00f3n para los amantes de a literatura regional, que espera convocar a un gran n\u00famero de personas, en ambas jornadas, y dar un toque de cultura en el marco del nonag\u00e9simo s\u00e9ptimo aniversario de Puerto Ays\u00e9n.<\/p>\n<p style=\"text-align: justify;\">\u201cDesde la Biblioteca P\u00fablica queremos pedirles a los vecinos que participen junto a nosotros. En el caso de \u201cSombras en la lluvia\u201d, el autor estar\u00e1 abierto a conversar sobre este texto, as\u00ed como de toda su trayectoria y pr\u00f3ximos desaf\u00edos. En el caso, del libro de don \u201cTito\u201d, sabemos que mucha gente lo conoce, especialmente en el litoral; y es justamente esa vida, en Huichas, en las lanchas, mientras estuvo con su planta de proceso. Esas historias son las que est\u00e1n consideradas en el libro. Una buena invitaci\u00f3n para conversar, recordar vivencias de c\u00f3mo era y c\u00f3mo es la vida en nuestro litoral\u201d, indic\u00f3 la encargada de la Biblioteca P\u00fablica, Yasna Jara. A\u00f1adiendo que \u201cagradecemos a ambos autores el trabajo que est\u00e1 llevando adelante en pos de la literatura regional, as\u00ed como la confianza depositada en nuestra biblioteca para llevar a cabo sus lanzamientos. Para la nueva administraci\u00f3n es fundamental relevar la cultura y desde este lugar, continuaremos realizando este tipo de actividades que permitan avanzar hacia el fomento de la lecto escritura. Los esperamos en estas hermosas instancias totalmente gratuitas\u201d, finaliz\u00f3.<\/p>\n<\/div><\/section><\/div><div  style='height:50px' class='hr hr-invisible   avia-builder-el-6  el_after_av_one_full  el_before_av_social_share '><span class='hr-inner ' ><span class='hr-inner-style'><\/span><\/span><\/div><\/p>\n<div  class='av-social-sharing-box  avia-builder-el-7  el_after_av_hr  el_before_av_hr  '><div class='av-share-box'><h5 class='av-share-link-description av-no-toc '>Compartir esta noticia<\/h5><ul class='av-share-box-list noLightbox'><li class='av-share-link av-social-link-facebook' ><a target=\"_blank\" aria-label=\"Compartir en Facebook\" href='https:\/\/www.facebook.com\/sharer.php?u=https:\/\/radiorevelacionfm.cl\/?p=49568&#038;t=Lanzamientos%20literarios%20se%20toman%20la%20parrilla%20del%2097%20Aniversario%20de%20Puerto%20Ays%C3%A9n' aria-hidden='false' data-av_icon='\ue8f3' data-av_iconfont='entypo-fontello' title='' data-avia-related-tooltip='Compartir en Facebook' rel=\"noopener\"><span class='avia_hidden_link_text'>Compartir en Facebook<\/span><\/a><\/li><li class='av-share-link av-social-link-twitter' ><a target=\"_blank\" aria-label=\"Compartir en Twitter\" href='https:\/\/twitter.com\/share?text=Lanzamientos%20literarios%20se%20toman%20la%20parrilla%20del%2097%20Aniversario%20de%20Puerto%20Ays%C3%A9n&#038;url=https:\/\/radiorevelacionfm.cl\/?p=49568' aria-hidden='false' data-av_icon='\ue8f1' data-av_iconfont='entypo-fontello' title='' data-avia-related-tooltip='Compartir en Twitter' rel=\"noopener\"><span class='avia_hidden_link_text'>Compartir en Twitter<\/span><\/a><\/li><li class='av-share-link av-social-link-whatsapp' ><a target=\"_blank\" aria-label=\"Compartir en Whatsapp\" href='https:\/\/api.whatsapp.com\/send?text=https:\/\/radiorevelacionfm.cl\/?p=49568' aria-hidden='false' data-av_icon='\uf232' data-av_iconfont='entypo-fontello' title='' data-avia-related-tooltip='Compartir en Whatsapp' rel=\"noopener\"><span class='avia_hidden_link_text'>Compartir en Whatsapp<\/span><\/a><\/li><li class='av-share-link av-social-link-linkedin' ><a target=\"_blank\" aria-label=\"Compartir en LinkedIn\" href='https:\/\/linkedin.com\/shareArticle?mini=true&#038;title=Lanzamientos%20literarios%20se%20toman%20la%20parrilla%20del%2097%20Aniversario%20de%20Puerto%20Ays%C3%A9n&#038;url=https:\/\/radiorevelacionfm.cl\/?p=49568' aria-hidden='false' data-av_icon='\ue8fc' data-av_iconfont='entypo-fontello' title='' data-avia-related-tooltip='Compartir en LinkedIn' rel=\"noopener\"><span class='avia_hidden_link_text'>Compartir en LinkedIn<\/span><\/a><\/li><li class='av-share-link av-social-link-mail' ><a  aria-label=\"Compartir por correo\" href='mailto:?subject=Lanzamientos%20literarios%20se%20toman%20la%20parrilla%20del%2097%20Aniversario%20de%20Puerto%20Ays%C3%A9n&#038;body=https:\/\/radiorevelacionfm.cl\/?p=49568' aria-hidden='false' data-av_icon='\ue805' data-av_iconfont='entypo-fontello' title='' data-avia-related-tooltip='Compartir por correo'><span class='avia_hidden_link_text'>Compartir por correo<\/span><\/a><\/li><\/ul><\/div><\/div>\n<div  style='height:50px' class='hr hr-invisible   avia-builder-el-8  el_after_av_social_share  el_before_av_comments_list '><span class='hr-inner ' ><span class='hr-inner-style'><\/span><\/span><\/div>\n<div  class='av-buildercomment  av-blog-meta-html-info-disabled av-blog-meta-tag-disabled  '><\/div>\n","protected":false},"excerpt":{"rendered":"","protected":false},"author":1,"featured_media":49569,"comment_status":"open","ping_status":"open","sticky":false,"template":"","format":"standard","meta":{"footnotes":""},"categories":[38],"tags":[],"class_list":["post-49568","post","type-post","status-publish","format-standard","has-post-thumbnail","hentry","category-regional"],"jetpack_featured_media_url":"https:\/\/radiorevelacionfm.cl\/wp-content\/uploads\/2025\/01\/portada-libro-3v2-1_optimized-1.jpg","_links":{"self":[{"href":"https:\/\/radiorevelacionfm.cl\/index.php?rest_route=\/wp\/v2\/posts\/49568","targetHints":{"allow":["GET"]}}],"collection":[{"href":"https:\/\/radiorevelacionfm.cl\/index.php?rest_route=\/wp\/v2\/posts"}],"about":[{"href":"https:\/\/radiorevelacionfm.cl\/index.php?rest_route=\/wp\/v2\/types\/post"}],"author":[{"embeddable":true,"href":"https:\/\/radiorevelacionfm.cl\/index.php?rest_route=\/wp\/v2\/users\/1"}],"replies":[{"embeddable":true,"href":"https:\/\/radiorevelacionfm.cl\/index.php?rest_route=%2Fwp%2Fv2%2Fcomments&post=49568"}],"version-history":[{"count":1,"href":"https:\/\/radiorevelacionfm.cl\/index.php?rest_route=\/wp\/v2\/posts\/49568\/revisions"}],"predecessor-version":[{"id":49570,"href":"https:\/\/radiorevelacionfm.cl\/index.php?rest_route=\/wp\/v2\/posts\/49568\/revisions\/49570"}],"wp:featuredmedia":[{"embeddable":true,"href":"https:\/\/radiorevelacionfm.cl\/index.php?rest_route=\/wp\/v2\/media\/49569"}],"wp:attachment":[{"href":"https:\/\/radiorevelacionfm.cl\/index.php?rest_route=%2Fwp%2Fv2%2Fmedia&parent=49568"}],"wp:term":[{"taxonomy":"category","embeddable":true,"href":"https:\/\/radiorevelacionfm.cl\/index.php?rest_route=%2Fwp%2Fv2%2Fcategories&post=49568"},{"taxonomy":"post_tag","embeddable":true,"href":"https:\/\/radiorevelacionfm.cl\/index.php?rest_route=%2Fwp%2Fv2%2Ftags&post=49568"}],"curies":[{"name":"wp","href":"https:\/\/api.w.org\/{rel}","templated":true}]}}