{"id":49565,"date":"2025-01-13T16:01:34","date_gmt":"2025-01-13T19:01:34","guid":{"rendered":"https:\/\/radiorevelacionfm.cl\/?p=49565"},"modified":"2025-01-13T16:01:34","modified_gmt":"2025-01-13T19:01:34","slug":"puerto-aysen-prepara-fiesta-electronica-con-reconocido-dj-nacional","status":"publish","type":"post","link":"https:\/\/radiorevelacionfm.cl\/?p=49565","title":{"rendered":"Puerto Ays\u00e9n prepara fiesta electr\u00f3nica con reconocido DJ nacional"},"content":{"rendered":"<div class=\"flex_column av_one_full  flex_column_div av-zero-column-padding first  avia-builder-el-0  el_before_av_one_full  avia-builder-el-first  \" style='border-radius:0px; '><div  class='avia-image-container  av-styling-    avia-builder-el-1  avia-builder-el-no-sibling  avia-align-center '  itemprop=\"image\" itemscope=\"itemscope\" itemtype=\"https:\/\/schema.org\/ImageObject\"  ><div class='avia-image-container-inner'><div class='avia-image-overlay-wrap'><img decoding=\"async\" class='wp-image-49566 avia-img-lazy-loading-not-49566 avia_image' src=\"https:\/\/radiorevelacionfm.cl\/wp-content\/uploads\/2025\/01\/fiestastock-gratuito-1-1.jpg\" alt='' title='fiesta(stock gratuito) (1) (1)' height=\"600\" width=\"900\"  itemprop=\"thumbnailUrl\" srcset=\"https:\/\/radiorevelacionfm.cl\/wp-content\/uploads\/2025\/01\/fiestastock-gratuito-1-1.jpg 900w, https:\/\/radiorevelacionfm.cl\/wp-content\/uploads\/2025\/01\/fiestastock-gratuito-1-1-300x200.jpg 300w, https:\/\/radiorevelacionfm.cl\/wp-content\/uploads\/2025\/01\/fiestastock-gratuito-1-1-768x512.jpg 768w, https:\/\/radiorevelacionfm.cl\/wp-content\/uploads\/2025\/01\/fiestastock-gratuito-1-1-705x470.jpg 705w, https:\/\/radiorevelacionfm.cl\/wp-content\/uploads\/2025\/01\/fiestastock-gratuito-1-1-450x300.jpg 450w, https:\/\/radiorevelacionfm.cl\/wp-content\/uploads\/2025\/01\/fiestastock-gratuito-1-1-600x400.jpg 600w\" sizes=\"(max-width: 900px) 100vw, 900px\" \/><\/div><\/div><\/div><\/div><div class=\"flex_column av_one_full  flex_column_div av-zero-column-padding first  avia-builder-el-2  el_after_av_one_full  el_before_av_one_full  column-top-margin\" style='border-radius:0px; '><section class=\"av_textblock_section \"  itemscope=\"itemscope\" itemtype=\"https:\/\/schema.org\/BlogPosting\" itemprop=\"blogPost\" ><div class='avia_textblock  '   itemprop=\"text\" ><p style=\"text-align: center;\"><strong><span style=\"font-size: 18pt;\">Puerto Ays\u00e9n prepara fiesta electr\u00f3nica con reconocido DJ nacional<\/span><\/strong><\/p>\n<div id=\"gtx-trans\" style=\"position: absolute; left: -50px; top: 4.31534px;\">\n<div class=\"gtx-trans-icon\"><\/div>\n<\/div>\n<\/div><\/section><\/div><div class=\"flex_column av_one_full  flex_column_div av-zero-column-padding first  avia-builder-el-4  el_after_av_one_full  el_before_av_hr  column-top-margin\" style='border-radius:0px; '><section class=\"av_textblock_section \"  itemscope=\"itemscope\" itemtype=\"https:\/\/schema.org\/BlogPosting\" itemprop=\"blogPost\" ><div class='avia_textblock  '   itemprop=\"text\" ><p style=\"text-align: justify;\"><em>Este mi\u00e9rcoles 15 de enero la municipalidad de Ays\u00e9n realizar\u00e1 en la plaza de la capital comunal una celebraci\u00f3n con m\u00fasica electr\u00f3nica de manera gratuita para todos los vecinos y visitantes que quieran festejar el aniversario 97 de la ciudad portuaria.<\/em><\/p>\n<p style=\"text-align: justify;\">Con la presentaci\u00f3n del DJ chileno Pedro Campos, adem\u00e1s de los regionales Enric JAgg y Dj Savior; la celebraci\u00f3n comenzar\u00e1 a las 19:00 horas en la plaza de Armas de Puerto Ays\u00e9n.<\/p>\n<p style=\"text-align: justify;\">\u00abPaisajes lejanos: Sesiones de m\u00fasica electr\u00f3nica en Puerto Ays\u00e9n\u00bb es el nombre de esta actividad que planea congregar a todos a bailar mientras se pone el sol. La cual ser\u00e1 una de las grandes recreaciones que nos trae la parrilla program\u00e1tica del aniversario 97 de la ciudad de Puerto Ays\u00e9n.<\/p>\n<p style=\"text-align: justify;\">Sebasti\u00e1n Villegas, Director de Obras Municipales y organizador del evento, coment\u00f3 sobre Pedro Campos, \u201c\u00e9l toca, por lo menos, hace 20 a\u00f1os, por lo que es muy conocido, sobre todo en la escena de la m\u00fasica <em>house<\/em>, ya que su estilo se basa principalmente en el <em>deep house<\/em> y variantes de este. Ha tocado en importantes festivales tanto en Chile como en el extranjero, se le caracteriza por sus ritmos bailables, pero hay que decir que es bastante diverso en los ritmos que toca, es casi imposible no bailar cuando est\u00e1 en una fiesta donde \u00e9l est\u00e1, por lo que estamos muy contentos de que \u00e9l pueda venir a acompa\u00f1arnos a celebrar el aniversario de Ays\u00e9n\u201d<\/p>\n<p style=\"text-align: justify;\">Adem\u00e1s, el <em>Disc-jockey<\/em> chileno dentro de su amplia carrera ha participado en festivales como Red DoT Relief, Creamfields, Magik Garden, Love Parade, Life in Colors, Montemapu y se ha destacado tocando en los mejores escenarios del pa\u00eds. Ganador del premio Ceres por su trayectoria en 2016, ha tocado en Jap\u00f3n, Alemania, Espa\u00f1a, Brasil y en todo Chile.<\/p>\n<p style=\"text-align: justify;\">Campos ha compartido publicaciones en discogr\u00e1ficas con artistas reconocidos como Simone Vitulio, Hector Couto, Horatio, Bastian Shuster entre otros. Y hasta ha colaborado en escenarios con Franco Cinelli, Mochak, Nima Gorji, Rich Nxt, Mendo, Rossko, Lee Burridge y muchos m\u00e1s.<\/p>\n<p style=\"text-align: justify;\">La fiesta tiene duraci\u00f3n hasta las 23:00 horas, en el ode\u00f3n de la Plaza de Armas de Puerto Ays\u00e9n, un lugar abierto y capacitado para que toda la gente disfrute de una gran jornada bailando hasta el anochecer.<\/p>\n<\/div><\/section><\/div><div  style='height:50px' class='hr hr-invisible   avia-builder-el-6  el_after_av_one_full  el_before_av_social_share '><span class='hr-inner ' ><span class='hr-inner-style'><\/span><\/span><\/div><\/p>\n<div  class='av-social-sharing-box  avia-builder-el-7  el_after_av_hr  el_before_av_hr  '><div class='av-share-box'><h5 class='av-share-link-description av-no-toc '>Compartir esta noticia<\/h5><ul class='av-share-box-list noLightbox'><li class='av-share-link av-social-link-facebook' ><a target=\"_blank\" aria-label=\"Compartir en Facebook\" href='https:\/\/www.facebook.com\/sharer.php?u=https:\/\/radiorevelacionfm.cl\/?p=49565&#038;t=Puerto%20Ays%C3%A9n%20prepara%20fiesta%20electr%C3%B3nica%20con%20reconocido%20DJ%20nacional' aria-hidden='false' data-av_icon='\ue8f3' data-av_iconfont='entypo-fontello' title='' data-avia-related-tooltip='Compartir en Facebook' rel=\"noopener\"><span class='avia_hidden_link_text'>Compartir en Facebook<\/span><\/a><\/li><li class='av-share-link av-social-link-twitter' ><a target=\"_blank\" aria-label=\"Compartir en Twitter\" href='https:\/\/twitter.com\/share?text=Puerto%20Ays%C3%A9n%20prepara%20fiesta%20electr%C3%B3nica%20con%20reconocido%20DJ%20nacional&#038;url=https:\/\/radiorevelacionfm.cl\/?p=49565' aria-hidden='false' data-av_icon='\ue8f1' data-av_iconfont='entypo-fontello' title='' data-avia-related-tooltip='Compartir en Twitter' rel=\"noopener\"><span class='avia_hidden_link_text'>Compartir en Twitter<\/span><\/a><\/li><li class='av-share-link av-social-link-whatsapp' ><a target=\"_blank\" aria-label=\"Compartir en Whatsapp\" href='https:\/\/api.whatsapp.com\/send?text=https:\/\/radiorevelacionfm.cl\/?p=49565' aria-hidden='false' data-av_icon='\uf232' data-av_iconfont='entypo-fontello' title='' data-avia-related-tooltip='Compartir en Whatsapp' rel=\"noopener\"><span class='avia_hidden_link_text'>Compartir en Whatsapp<\/span><\/a><\/li><li class='av-share-link av-social-link-linkedin' ><a target=\"_blank\" aria-label=\"Compartir en LinkedIn\" href='https:\/\/linkedin.com\/shareArticle?mini=true&#038;title=Puerto%20Ays%C3%A9n%20prepara%20fiesta%20electr%C3%B3nica%20con%20reconocido%20DJ%20nacional&#038;url=https:\/\/radiorevelacionfm.cl\/?p=49565' aria-hidden='false' data-av_icon='\ue8fc' data-av_iconfont='entypo-fontello' title='' data-avia-related-tooltip='Compartir en LinkedIn' rel=\"noopener\"><span class='avia_hidden_link_text'>Compartir en LinkedIn<\/span><\/a><\/li><li class='av-share-link av-social-link-mail' ><a  aria-label=\"Compartir por correo\" href='mailto:?subject=Puerto%20Ays%C3%A9n%20prepara%20fiesta%20electr%C3%B3nica%20con%20reconocido%20DJ%20nacional&#038;body=https:\/\/radiorevelacionfm.cl\/?p=49565' aria-hidden='false' data-av_icon='\ue805' data-av_iconfont='entypo-fontello' title='' data-avia-related-tooltip='Compartir por correo'><span class='avia_hidden_link_text'>Compartir por correo<\/span><\/a><\/li><\/ul><\/div><\/div>\n<div  style='height:50px' class='hr hr-invisible   avia-builder-el-8  el_after_av_social_share  el_before_av_comments_list '><span class='hr-inner ' ><span class='hr-inner-style'><\/span><\/span><\/div>\n<div  class='av-buildercomment  av-blog-meta-html-info-disabled av-blog-meta-tag-disabled  '><\/div>\n","protected":false},"excerpt":{"rendered":"","protected":false},"author":1,"featured_media":49566,"comment_status":"open","ping_status":"open","sticky":false,"template":"","format":"standard","meta":{"footnotes":""},"categories":[43],"tags":[],"class_list":["post-49565","post","type-post","status-publish","format-standard","has-post-thumbnail","hentry","category-musica"],"jetpack_featured_media_url":"https:\/\/radiorevelacionfm.cl\/wp-content\/uploads\/2025\/01\/fiestastock-gratuito-1-1.jpg","_links":{"self":[{"href":"https:\/\/radiorevelacionfm.cl\/index.php?rest_route=\/wp\/v2\/posts\/49565","targetHints":{"allow":["GET"]}}],"collection":[{"href":"https:\/\/radiorevelacionfm.cl\/index.php?rest_route=\/wp\/v2\/posts"}],"about":[{"href":"https:\/\/radiorevelacionfm.cl\/index.php?rest_route=\/wp\/v2\/types\/post"}],"author":[{"embeddable":true,"href":"https:\/\/radiorevelacionfm.cl\/index.php?rest_route=\/wp\/v2\/users\/1"}],"replies":[{"embeddable":true,"href":"https:\/\/radiorevelacionfm.cl\/index.php?rest_route=%2Fwp%2Fv2%2Fcomments&post=49565"}],"version-history":[{"count":1,"href":"https:\/\/radiorevelacionfm.cl\/index.php?rest_route=\/wp\/v2\/posts\/49565\/revisions"}],"predecessor-version":[{"id":49567,"href":"https:\/\/radiorevelacionfm.cl\/index.php?rest_route=\/wp\/v2\/posts\/49565\/revisions\/49567"}],"wp:featuredmedia":[{"embeddable":true,"href":"https:\/\/radiorevelacionfm.cl\/index.php?rest_route=\/wp\/v2\/media\/49566"}],"wp:attachment":[{"href":"https:\/\/radiorevelacionfm.cl\/index.php?rest_route=%2Fwp%2Fv2%2Fmedia&parent=49565"}],"wp:term":[{"taxonomy":"category","embeddable":true,"href":"https:\/\/radiorevelacionfm.cl\/index.php?rest_route=%2Fwp%2Fv2%2Fcategories&post=49565"},{"taxonomy":"post_tag","embeddable":true,"href":"https:\/\/radiorevelacionfm.cl\/index.php?rest_route=%2Fwp%2Fv2%2Ftags&post=49565"}],"curies":[{"name":"wp","href":"https:\/\/api.w.org\/{rel}","templated":true}]}}