{"id":49562,"date":"2025-01-13T15:51:23","date_gmt":"2025-01-13T18:51:23","guid":{"rendered":"https:\/\/radiorevelacionfm.cl\/?p=49562"},"modified":"2025-01-13T15:51:23","modified_gmt":"2025-01-13T18:51:23","slug":"programa-mujeres-jefas-de-hogar-de-sernameg-abre-postulaciones-en-aysen-guaitecas-y-tortel","status":"publish","type":"post","link":"https:\/\/radiorevelacionfm.cl\/?p=49562","title":{"rendered":"Programa Mujeres Jefas de Hogar de SernamEG abre postulaciones en Ays\u00e9n, Guaitecas y Tortel"},"content":{"rendered":"<div class=\"flex_column av_one_full  flex_column_div av-zero-column-padding first  avia-builder-el-0  el_before_av_one_full  avia-builder-el-first  \" style='border-radius:0px; '><div  class='avia-image-container  av-styling-    avia-builder-el-1  avia-builder-el-no-sibling  avia-align-center '  itemprop=\"image\" itemscope=\"itemscope\" itemtype=\"https:\/\/schema.org\/ImageObject\"  ><div class='avia-image-container-inner'><div class='avia-image-overlay-wrap'><img decoding=\"async\" class='wp-image-49563 avia-img-lazy-loading-not-49563 avia_image' src=\"https:\/\/radiorevelacionfm.cl\/wp-content\/uploads\/2025\/01\/MJH-2-1-1.jpeg\" alt='' title='MJH 2 (1) (1)' height=\"640\" width=\"800\"  itemprop=\"thumbnailUrl\" srcset=\"https:\/\/radiorevelacionfm.cl\/wp-content\/uploads\/2025\/01\/MJH-2-1-1.jpeg 800w, https:\/\/radiorevelacionfm.cl\/wp-content\/uploads\/2025\/01\/MJH-2-1-1-300x240.jpeg 300w, https:\/\/radiorevelacionfm.cl\/wp-content\/uploads\/2025\/01\/MJH-2-1-1-768x614.jpeg 768w, https:\/\/radiorevelacionfm.cl\/wp-content\/uploads\/2025\/01\/MJH-2-1-1-705x564.jpeg 705w, https:\/\/radiorevelacionfm.cl\/wp-content\/uploads\/2025\/01\/MJH-2-1-1-450x360.jpeg 450w, https:\/\/radiorevelacionfm.cl\/wp-content\/uploads\/2025\/01\/MJH-2-1-1-600x480.jpeg 600w\" sizes=\"(max-width: 800px) 100vw, 800px\" \/><\/div><\/div><\/div><\/div><div class=\"flex_column av_one_full  flex_column_div av-zero-column-padding first  avia-builder-el-2  el_after_av_one_full  el_before_av_one_full  column-top-margin\" style='border-radius:0px; '><section class=\"av_textblock_section \"  itemscope=\"itemscope\" itemtype=\"https:\/\/schema.org\/BlogPosting\" itemprop=\"blogPost\" ><div class='avia_textblock  '   itemprop=\"text\" ><p style=\"text-align: center;\"><strong><span style=\"font-size: 18pt;\">Programa Mujeres Jefas de Hogar de SernamEG abre postulaciones en Ays\u00e9n, Guaitecas y Tortel<\/span><\/strong><\/p>\n<div id=\"gtx-trans\" style=\"position: absolute; left: -50px; top: 4.31534px;\">\n<div class=\"gtx-trans-icon\"><\/div>\n<\/div>\n<\/div><\/section><\/div><div class=\"flex_column av_one_full  flex_column_div av-zero-column-padding first  avia-builder-el-4  el_after_av_one_full  el_before_av_hr  column-top-margin\" style='border-radius:0px; '><section class=\"av_textblock_section \"  itemscope=\"itemscope\" itemtype=\"https:\/\/schema.org\/BlogPosting\" itemprop=\"blogPost\" ><div class='avia_textblock  '   itemprop=\"text\" ><p dir=\"ltr\" style=\"text-align: justify;\">El Servicio Nacional de la Mujer y la Equidad de G\u00e9nero (SernamEG) comunic\u00f3 oficialmente la apertura de las postulaciones al Programa Mujeres Jefas de Hogar, las que se extender\u00e1n desde enero hasta marzo de 2025, con el objetivo de fortalecer la autonom\u00eda econ\u00f3mica de las mujeres en todo Chile.<\/p>\n<p dir=\"ltr\" style=\"text-align: justify;\">Este programa, que en la regi\u00f3n se implementa en las localidades de Puerto Ays\u00e9n y Puerto Chacabuco, y en las comunas de Guaitecas y Tortel, busca proporcionar a las participantes las herramientas y habilidades necesarias para enfrentar el mercado laboral y fomentar su empleabilidad, desarrollo de redes de apoyo y competencias para el ejercicio pleno de su autonom\u00eda.<\/p>\n<p dir=\"ltr\" style=\"text-align: justify;\">\u00abCon este programa, buscamos seguir apoyando a las mujeres que lideran econ\u00f3micamente sus hogares, abri\u00e9ndoles nuevas opciones y oportunidades. Una de las principales brechas que enfrentan es precisamente la laboral. Gracias a este espacio, las participantes tienen la oportunidad real de generar sus propios recursos y acceder al mercado laboral en condiciones m\u00e1s favorables\u00bb, destac\u00f3 Priscilla Carrasco, directora nacional del SernamEG.<\/p>\n<p dir=\"ltr\" style=\"text-align: justify;\">Por su parte, la directora regional de SernamEG Ays\u00e9n, Patricia Baeza Cabezas,\u00a0 se\u00f1al\u00f3 que \u00abel servicio el a\u00f1o 2024 lleg\u00f3 con el Programa Mujeres Jefas de Hogar a dos nuevos y apartados territorios: Guaitecas y Tortel. Gracias al importante apoyo otorgado a las mujeres de dichas localidades para fortalecer su autonom\u00eda econ\u00f3mica, este a\u00f1o 2025 la iniciativa vuelve a implementarse en ambas comunas, adem\u00e1s de permanecer en las localidades de Puerto Ays\u00e9n y Puerto Chacabuco, donde lleva ya varios a\u00f1os ejecut\u00e1ndose de manera exitosa\u00bb.<\/p>\n<p dir=\"ltr\" style=\"text-align: justify;\">El programa ofrece una serie de acciones como talleres de formaci\u00f3n orientados al trabajo remunerado y a la autonom\u00eda econ\u00f3mica, as\u00ed como la elaboraci\u00f3n y ejecuci\u00f3n de un proyecto laboral personalizado, que les permitir\u00e1 desarrollar sus habilidades y avanzar en sus objetivos profesionales.<\/p>\n<p dir=\"ltr\" style=\"text-align: justify;\">Adem\u00e1s, en cada comuna se coordinar\u00e1n actividades de apoyo adicionales que incluyen diversas capacitaciones, cuidado infantil, nivelaci\u00f3n de estudios y alfabetizaci\u00f3n digital. Tambi\u00e9n se brindar\u00e1 atenci\u00f3n de salud odontol\u00f3gica, psicol\u00f3gica y general dirigida a las mujeres, junto con apoyo en temas migratorios, atenciones psicosociales y jur\u00eddicas, entre otros servicios que buscan fortalecer la autonom\u00eda econ\u00f3mica y el bienestar integral de las participantes.<\/p>\n<p dir=\"ltr\" style=\"text-align: justify;\">Requisitos para postular:<\/p>\n<ul style=\"text-align: justify;\">\n<li dir=\"ltr\">\n<p dir=\"ltr\">Ser jefa de hogar.<\/p>\n<\/li>\n<li dir=\"ltr\">\n<p dir=\"ltr\">Tener entre 18 y 65 a\u00f1os.<\/p>\n<\/li>\n<li dir=\"ltr\">\n<p dir=\"ltr\">Pertenecer hasta el 80% del Registro Social de Hogares (RSH).<\/p>\n<\/li>\n<li dir=\"ltr\">\n<p dir=\"ltr\">Ser econ\u00f3micamente activa.<\/p>\n<\/li>\n<li dir=\"ltr\">\n<p dir=\"ltr\">Vivir o trabajar en las localidades de Puerto Ays\u00e9n o Puerto Chacabuco, o en las comunas de Guaitecas o Tortel.<\/p>\n<\/li>\n<\/ul>\n<p dir=\"ltr\" style=\"text-align: justify;\">En 2024, m\u00e1s de 51 mil mujeres a lo largo del pa\u00eds participaron en el programa, y la mitad de ellas concluir\u00e1n una etapa este a\u00f1o, integr\u00e1ndose a las nuevas participantes.<\/p>\n<p dir=\"ltr\" style=\"text-align: justify;\">Para m\u00e1s informaci\u00f3n sobre los detalles del programa se puede visitar el sitio web\u00a0<a href=\"http:\/\/www.sernameg.gob.cl\/\" target=\"_blank\" rel=\"noopener noreferrer\">www.sernameg.gob.cl<\/a>, mientras que para llevar a cabo la postulaci\u00f3n las interesadas deben acudir de manera presencial al municipio de la comuna donde se desarrolla el programa.<\/p>\n<\/div><\/section><\/div><div  style='height:50px' class='hr hr-invisible   avia-builder-el-6  el_after_av_one_full  el_before_av_social_share '><span class='hr-inner ' ><span class='hr-inner-style'><\/span><\/span><\/div><\/p>\n<div  class='av-social-sharing-box  avia-builder-el-7  el_after_av_hr  el_before_av_hr  '><div class='av-share-box'><h5 class='av-share-link-description av-no-toc '>Compartir esta noticia<\/h5><ul class='av-share-box-list noLightbox'><li class='av-share-link av-social-link-facebook' ><a target=\"_blank\" aria-label=\"Compartir en Facebook\" href='https:\/\/www.facebook.com\/sharer.php?u=https:\/\/radiorevelacionfm.cl\/?p=49562&#038;t=Programa%20Mujeres%20Jefas%20de%20Hogar%20de%20SernamEG%20abre%20postulaciones%20en%20Ays%C3%A9n%2C%20Guaitecas%20y%20Tortel' aria-hidden='false' data-av_icon='\ue8f3' data-av_iconfont='entypo-fontello' title='' data-avia-related-tooltip='Compartir en Facebook' rel=\"noopener\"><span class='avia_hidden_link_text'>Compartir en Facebook<\/span><\/a><\/li><li class='av-share-link av-social-link-twitter' ><a target=\"_blank\" aria-label=\"Compartir en Twitter\" href='https:\/\/twitter.com\/share?text=Programa%20Mujeres%20Jefas%20de%20Hogar%20de%20SernamEG%20abre%20postulaciones%20en%20Ays%C3%A9n%2C%20Guaitecas%20y%20Tortel&#038;url=https:\/\/radiorevelacionfm.cl\/?p=49562' aria-hidden='false' data-av_icon='\ue8f1' data-av_iconfont='entypo-fontello' title='' data-avia-related-tooltip='Compartir en Twitter' rel=\"noopener\"><span class='avia_hidden_link_text'>Compartir en Twitter<\/span><\/a><\/li><li class='av-share-link av-social-link-whatsapp' ><a target=\"_blank\" aria-label=\"Compartir en Whatsapp\" href='https:\/\/api.whatsapp.com\/send?text=https:\/\/radiorevelacionfm.cl\/?p=49562' aria-hidden='false' data-av_icon='\uf232' data-av_iconfont='entypo-fontello' title='' data-avia-related-tooltip='Compartir en Whatsapp' rel=\"noopener\"><span class='avia_hidden_link_text'>Compartir en Whatsapp<\/span><\/a><\/li><li class='av-share-link av-social-link-linkedin' ><a target=\"_blank\" aria-label=\"Compartir en LinkedIn\" href='https:\/\/linkedin.com\/shareArticle?mini=true&#038;title=Programa%20Mujeres%20Jefas%20de%20Hogar%20de%20SernamEG%20abre%20postulaciones%20en%20Ays%C3%A9n%2C%20Guaitecas%20y%20Tortel&#038;url=https:\/\/radiorevelacionfm.cl\/?p=49562' aria-hidden='false' data-av_icon='\ue8fc' data-av_iconfont='entypo-fontello' title='' data-avia-related-tooltip='Compartir en LinkedIn' rel=\"noopener\"><span class='avia_hidden_link_text'>Compartir en LinkedIn<\/span><\/a><\/li><li class='av-share-link av-social-link-mail' ><a  aria-label=\"Compartir por correo\" href='mailto:?subject=Programa%20Mujeres%20Jefas%20de%20Hogar%20de%20SernamEG%20abre%20postulaciones%20en%20Ays%C3%A9n%2C%20Guaitecas%20y%20Tortel&#038;body=https:\/\/radiorevelacionfm.cl\/?p=49562' aria-hidden='false' data-av_icon='\ue805' data-av_iconfont='entypo-fontello' title='' data-avia-related-tooltip='Compartir por correo'><span class='avia_hidden_link_text'>Compartir por correo<\/span><\/a><\/li><\/ul><\/div><\/div>\n<div  style='height:50px' class='hr hr-invisible   avia-builder-el-8  el_after_av_social_share  el_before_av_comments_list '><span class='hr-inner ' ><span class='hr-inner-style'><\/span><\/span><\/div>\n<div  class='av-buildercomment  av-blog-meta-html-info-disabled av-blog-meta-tag-disabled  '><\/div>\n","protected":false},"excerpt":{"rendered":"","protected":false},"author":1,"featured_media":49563,"comment_status":"open","ping_status":"open","sticky":false,"template":"","format":"standard","meta":{"footnotes":""},"categories":[38],"tags":[],"class_list":["post-49562","post","type-post","status-publish","format-standard","has-post-thumbnail","hentry","category-regional"],"jetpack_featured_media_url":"https:\/\/radiorevelacionfm.cl\/wp-content\/uploads\/2025\/01\/MJH-2-1-1.jpeg","_links":{"self":[{"href":"https:\/\/radiorevelacionfm.cl\/index.php?rest_route=\/wp\/v2\/posts\/49562","targetHints":{"allow":["GET"]}}],"collection":[{"href":"https:\/\/radiorevelacionfm.cl\/index.php?rest_route=\/wp\/v2\/posts"}],"about":[{"href":"https:\/\/radiorevelacionfm.cl\/index.php?rest_route=\/wp\/v2\/types\/post"}],"author":[{"embeddable":true,"href":"https:\/\/radiorevelacionfm.cl\/index.php?rest_route=\/wp\/v2\/users\/1"}],"replies":[{"embeddable":true,"href":"https:\/\/radiorevelacionfm.cl\/index.php?rest_route=%2Fwp%2Fv2%2Fcomments&post=49562"}],"version-history":[{"count":1,"href":"https:\/\/radiorevelacionfm.cl\/index.php?rest_route=\/wp\/v2\/posts\/49562\/revisions"}],"predecessor-version":[{"id":49564,"href":"https:\/\/radiorevelacionfm.cl\/index.php?rest_route=\/wp\/v2\/posts\/49562\/revisions\/49564"}],"wp:featuredmedia":[{"embeddable":true,"href":"https:\/\/radiorevelacionfm.cl\/index.php?rest_route=\/wp\/v2\/media\/49563"}],"wp:attachment":[{"href":"https:\/\/radiorevelacionfm.cl\/index.php?rest_route=%2Fwp%2Fv2%2Fmedia&parent=49562"}],"wp:term":[{"taxonomy":"category","embeddable":true,"href":"https:\/\/radiorevelacionfm.cl\/index.php?rest_route=%2Fwp%2Fv2%2Fcategories&post=49562"},{"taxonomy":"post_tag","embeddable":true,"href":"https:\/\/radiorevelacionfm.cl\/index.php?rest_route=%2Fwp%2Fv2%2Ftags&post=49562"}],"curies":[{"name":"wp","href":"https:\/\/api.w.org\/{rel}","templated":true}]}}