{"id":49559,"date":"2025-01-13T12:16:50","date_gmt":"2025-01-13T15:16:50","guid":{"rendered":"https:\/\/radiorevelacionfm.cl\/?p=49559"},"modified":"2025-01-13T12:16:50","modified_gmt":"2025-01-13T15:16:50","slug":"anuncian-nueva-lista-de-seleccionados-al-programa-de-recambio-de-calefactores-en-coyhaique","status":"publish","type":"post","link":"https:\/\/radiorevelacionfm.cl\/?p=49559","title":{"rendered":"Anuncian nueva lista de seleccionados al programa de Recambio de Calefactores en Coyhaique"},"content":{"rendered":"<div class=\"flex_column av_one_full  flex_column_div av-zero-column-padding first  avia-builder-el-0  el_before_av_one_full  avia-builder-el-first  \" style='border-radius:0px; '><div  class='avia-image-container  av-styling-    avia-builder-el-1  avia-builder-el-no-sibling  avia-align-center '  itemprop=\"image\" itemscope=\"itemscope\" itemtype=\"https:\/\/schema.org\/ImageObject\"  ><div class='avia-image-container-inner'><div class='avia-image-overlay-wrap'><img decoding=\"async\" class='wp-image-49560 avia-img-lazy-loading-not-49560 avia_image' src=\"https:\/\/radiorevelacionfm.cl\/wp-content\/uploads\/2025\/01\/recambio-1-2-1_optimized.jpg\" alt='' title='recambio-1-(2)-(1)_optimized' height=\"600\" width=\"962\"  itemprop=\"thumbnailUrl\" srcset=\"https:\/\/radiorevelacionfm.cl\/wp-content\/uploads\/2025\/01\/recambio-1-2-1_optimized.jpg 962w, https:\/\/radiorevelacionfm.cl\/wp-content\/uploads\/2025\/01\/recambio-1-2-1_optimized-300x187.jpg 300w, https:\/\/radiorevelacionfm.cl\/wp-content\/uploads\/2025\/01\/recambio-1-2-1_optimized-768x479.jpg 768w, https:\/\/radiorevelacionfm.cl\/wp-content\/uploads\/2025\/01\/recambio-1-2-1_optimized-705x440.jpg 705w, https:\/\/radiorevelacionfm.cl\/wp-content\/uploads\/2025\/01\/recambio-1-2-1_optimized-450x281.jpg 450w, https:\/\/radiorevelacionfm.cl\/wp-content\/uploads\/2025\/01\/recambio-1-2-1_optimized-600x374.jpg 600w\" sizes=\"(max-width: 962px) 100vw, 962px\" \/><\/div><\/div><\/div><\/div><div class=\"flex_column av_one_full  flex_column_div av-zero-column-padding first  avia-builder-el-2  el_after_av_one_full  el_before_av_one_full  column-top-margin\" style='border-radius:0px; '><section class=\"av_textblock_section \"  itemscope=\"itemscope\" itemtype=\"https:\/\/schema.org\/BlogPosting\" itemprop=\"blogPost\" ><div class='avia_textblock  '   itemprop=\"text\" ><p style=\"text-align: center;\"><strong><span style=\"font-size: 18pt;\">Anuncian nueva lista de seleccionados al programa de Recambio de Calefactores en Coyhaique<\/span><\/strong><\/p>\n<div id=\"gtx-trans\" style=\"position: absolute; left: -50px; top: 4.31534px;\">\n<div class=\"gtx-trans-icon\"><\/div>\n<\/div>\n<\/div><\/section><\/div><div class=\"flex_column av_one_full  flex_column_div av-zero-column-padding first  avia-builder-el-4  el_after_av_one_full  el_before_av_hr  column-top-margin\" style='border-radius:0px; '><section class=\"av_textblock_section \"  itemscope=\"itemscope\" itemtype=\"https:\/\/schema.org\/BlogPosting\" itemprop=\"blogPost\" ><div class='avia_textblock  '   itemprop=\"text\" ><p style=\"text-align: justify;\">Ya est\u00e1n disponibles los dos listados de seleccionados del segundo llamado de postulaci\u00f3n al \u00abPrograma de Recambio de Artefactos a Le\u00f1a Zona saturada de Coyhaique l\u00ednea pellet\u201d, iniciativa impulsada por la SEREMI del Medio Ambiente y financiada por el Gobierno Regional de Ays\u00e9n y su Consejo, que busca promover la calefacci\u00f3n sustentable para la disminuci\u00f3n de contaminantes asociados al uso le\u00f1a h\u00fameda como medio de calefacci\u00f3n domiciliaria.<\/p>\n<p style=\"text-align: justify;\">Ambas listas est\u00e1n disponibles en <a href=\"https:\/\/calefactores.mma.gob.cl\">https:\/\/calefactores.mma.gob.cl<\/a> y el equipo de profesionales del programa de recambio ya est\u00e1 realizando los contactos directos con beneficiarios y beneficiarias, mediante correo electr\u00f3nico y llamados telef\u00f3nicos.<\/p>\n<p style=\"text-align: justify;\">\u201cLe pedimos a los y las postulantes a nuestro programa de recambio que revisen la nueva lista de seleccionados y as\u00ed tambi\u00e9n que se mantengan atentos a los correos y n\u00fameros de tel\u00e9fono que nos proporcionaron al momento de realizar su postulaci\u00f3n. As\u00ed tambi\u00e9n les invitamos a realizar el copago para acceder a este beneficio ambiental y tambi\u00e9n llamamos a vecinos y vecinas a mantenerse muy atentos a nuestras redes porque durante los pr\u00f3ximos d\u00edas estaremos realizando un nuevo llamado al recambio\u201d, anunci\u00f3 el Seremi del Medio Ambiente, Yoal D\u00edaz Reyes.<\/p>\n<p style=\"text-align: justify;\">Para quienes fueron beneficiados en la primera lista de seleccionados disponible en <a href=\"https:\/\/calefactores.mma.gob.cl\/storage\/calls_documents\/Acta%20N%C2%B01,%20seleccionados%202do%20llamado%20Coyhaique%202024.pdf\">https:\/\/calefactores.mma.gob.cl\/storage\/calls_documents\/Acta%20N%C2%B01,%20seleccionados%202do%20llamado%20Coyhaique%202024.pdf<\/a><\/p>\n<p style=\"text-align: justify;\">El periodo de copago concluye el d\u00eda viernes 17 de enero, mientras que quienes fueron beneficiados en la segunda lista disponible en <a href=\"https:\/\/calefactores.mma.gob.cl\/storage\/calls_documents\/selecci%C3%B3n%202.pdf\">https:\/\/calefactores.mma.gob.cl\/storage\/calls_documents\/selecci%C3%B3n%202.pdf<\/a>\u00a0 tendr\u00e1n plazo hasta el d\u00eda viernes 24 de enero.<\/p>\n<p style=\"text-align: justify;\">En ambos casos, las y los seleccionados podr\u00e1n realizar el copago de $50.000 mediante transferencia electr\u00f3nica, efectivo directamente en la oficina del recambio, o tarjeta de cr\u00e9dito en hasta 6 cuotas sin inter\u00e9s.<\/p>\n<p style=\"text-align: justify;\">Finalmente, el Seremi invit\u00f3 a la comunidad a aclarar las dudas sobre el proceso en los canales oficiales a trav\u00e9s del correo <a href=\"mailto:recambiocoyhaique@mma.gob.cl\">recambiocoyhaique@mma.gob.cl<\/a>; al tel\u00e9fono: 67 245 1468 \/ 67 245 146; o bien presencialmente en la oficina del recambio ubicada en Errazuriz #514, Coyhaique (esquina Lillo).<\/p>\n<\/div><\/section><\/div><div  style='height:50px' class='hr hr-invisible   avia-builder-el-6  el_after_av_one_full  el_before_av_social_share '><span class='hr-inner ' ><span class='hr-inner-style'><\/span><\/span><\/div><\/p>\n<div  class='av-social-sharing-box  avia-builder-el-7  el_after_av_hr  el_before_av_hr  '><div class='av-share-box'><h5 class='av-share-link-description av-no-toc '>Compartir esta noticia<\/h5><ul class='av-share-box-list noLightbox'><li class='av-share-link av-social-link-facebook' ><a target=\"_blank\" aria-label=\"Compartir en Facebook\" href='https:\/\/www.facebook.com\/sharer.php?u=https:\/\/radiorevelacionfm.cl\/?p=49559&#038;t=Anuncian%20nueva%20lista%20de%20seleccionados%20al%20programa%20de%20Recambio%20de%20Calefactores%20en%20Coyhaique' aria-hidden='false' data-av_icon='\ue8f3' data-av_iconfont='entypo-fontello' title='' data-avia-related-tooltip='Compartir en Facebook' rel=\"noopener\"><span class='avia_hidden_link_text'>Compartir en Facebook<\/span><\/a><\/li><li class='av-share-link av-social-link-twitter' ><a target=\"_blank\" aria-label=\"Compartir en Twitter\" href='https:\/\/twitter.com\/share?text=Anuncian%20nueva%20lista%20de%20seleccionados%20al%20programa%20de%20Recambio%20de%20Calefactores%20en%20Coyhaique&#038;url=https:\/\/radiorevelacionfm.cl\/?p=49559' aria-hidden='false' data-av_icon='\ue8f1' data-av_iconfont='entypo-fontello' title='' data-avia-related-tooltip='Compartir en Twitter' rel=\"noopener\"><span class='avia_hidden_link_text'>Compartir en Twitter<\/span><\/a><\/li><li class='av-share-link av-social-link-whatsapp' ><a target=\"_blank\" aria-label=\"Compartir en Whatsapp\" href='https:\/\/api.whatsapp.com\/send?text=https:\/\/radiorevelacionfm.cl\/?p=49559' aria-hidden='false' data-av_icon='\uf232' data-av_iconfont='entypo-fontello' title='' data-avia-related-tooltip='Compartir en Whatsapp' rel=\"noopener\"><span class='avia_hidden_link_text'>Compartir en Whatsapp<\/span><\/a><\/li><li class='av-share-link av-social-link-linkedin' ><a target=\"_blank\" aria-label=\"Compartir en LinkedIn\" href='https:\/\/linkedin.com\/shareArticle?mini=true&#038;title=Anuncian%20nueva%20lista%20de%20seleccionados%20al%20programa%20de%20Recambio%20de%20Calefactores%20en%20Coyhaique&#038;url=https:\/\/radiorevelacionfm.cl\/?p=49559' aria-hidden='false' data-av_icon='\ue8fc' data-av_iconfont='entypo-fontello' title='' data-avia-related-tooltip='Compartir en LinkedIn' rel=\"noopener\"><span class='avia_hidden_link_text'>Compartir en LinkedIn<\/span><\/a><\/li><li class='av-share-link av-social-link-mail' ><a  aria-label=\"Compartir por correo\" href='mailto:?subject=Anuncian%20nueva%20lista%20de%20seleccionados%20al%20programa%20de%20Recambio%20de%20Calefactores%20en%20Coyhaique&#038;body=https:\/\/radiorevelacionfm.cl\/?p=49559' aria-hidden='false' data-av_icon='\ue805' data-av_iconfont='entypo-fontello' title='' data-avia-related-tooltip='Compartir por correo'><span class='avia_hidden_link_text'>Compartir por correo<\/span><\/a><\/li><\/ul><\/div><\/div>\n<div  style='height:50px' class='hr hr-invisible   avia-builder-el-8  el_after_av_social_share  el_before_av_comments_list '><span class='hr-inner ' ><span class='hr-inner-style'><\/span><\/span><\/div>\n<div  class='av-buildercomment  av-blog-meta-html-info-disabled av-blog-meta-tag-disabled  '><\/div>\n","protected":false},"excerpt":{"rendered":"","protected":false},"author":1,"featured_media":49560,"comment_status":"open","ping_status":"open","sticky":false,"template":"","format":"standard","meta":{"footnotes":""},"categories":[39],"tags":[],"class_list":["post-49559","post","type-post","status-publish","format-standard","has-post-thumbnail","hentry","category-medio-ambiente"],"jetpack_featured_media_url":"https:\/\/radiorevelacionfm.cl\/wp-content\/uploads\/2025\/01\/recambio-1-2-1_optimized.jpg","_links":{"self":[{"href":"https:\/\/radiorevelacionfm.cl\/index.php?rest_route=\/wp\/v2\/posts\/49559","targetHints":{"allow":["GET"]}}],"collection":[{"href":"https:\/\/radiorevelacionfm.cl\/index.php?rest_route=\/wp\/v2\/posts"}],"about":[{"href":"https:\/\/radiorevelacionfm.cl\/index.php?rest_route=\/wp\/v2\/types\/post"}],"author":[{"embeddable":true,"href":"https:\/\/radiorevelacionfm.cl\/index.php?rest_route=\/wp\/v2\/users\/1"}],"replies":[{"embeddable":true,"href":"https:\/\/radiorevelacionfm.cl\/index.php?rest_route=%2Fwp%2Fv2%2Fcomments&post=49559"}],"version-history":[{"count":1,"href":"https:\/\/radiorevelacionfm.cl\/index.php?rest_route=\/wp\/v2\/posts\/49559\/revisions"}],"predecessor-version":[{"id":49561,"href":"https:\/\/radiorevelacionfm.cl\/index.php?rest_route=\/wp\/v2\/posts\/49559\/revisions\/49561"}],"wp:featuredmedia":[{"embeddable":true,"href":"https:\/\/radiorevelacionfm.cl\/index.php?rest_route=\/wp\/v2\/media\/49560"}],"wp:attachment":[{"href":"https:\/\/radiorevelacionfm.cl\/index.php?rest_route=%2Fwp%2Fv2%2Fmedia&parent=49559"}],"wp:term":[{"taxonomy":"category","embeddable":true,"href":"https:\/\/radiorevelacionfm.cl\/index.php?rest_route=%2Fwp%2Fv2%2Fcategories&post=49559"},{"taxonomy":"post_tag","embeddable":true,"href":"https:\/\/radiorevelacionfm.cl\/index.php?rest_route=%2Fwp%2Fv2%2Ftags&post=49559"}],"curies":[{"name":"wp","href":"https:\/\/api.w.org\/{rel}","templated":true}]}}