{"id":49556,"date":"2025-01-13T12:04:03","date_gmt":"2025-01-13T15:04:03","guid":{"rendered":"https:\/\/radiorevelacionfm.cl\/?p=49556"},"modified":"2025-01-13T12:04:03","modified_gmt":"2025-01-13T15:04:03","slug":"senadora-ordenes-confirmo-la-llegada-de-un-cardiologo-la-urgencia-era-un-nuevo-profesional-y-tambien-que-se-cuente-con-una-unidad-de-hemodinamia","status":"publish","type":"post","link":"https:\/\/radiorevelacionfm.cl\/?p=49556","title":{"rendered":"Senadora \u00d3rdenes confirm\u00f3 la llegada de un cardi\u00f3logo: \u201cla urgencia era un nuevo profesional y tambi\u00e9n que se cuente con una unidad de hemodinamia\u201d"},"content":{"rendered":"<div class=\"flex_column av_one_full  flex_column_div av-zero-column-padding first  avia-builder-el-0  el_before_av_one_full  avia-builder-el-first  \" style='border-radius:0px; '><div  class='avia-image-container  av-styling-    avia-builder-el-1  avia-builder-el-no-sibling  avia-align-center '  itemprop=\"image\" itemscope=\"itemscope\" itemtype=\"https:\/\/schema.org\/ImageObject\"  ><div class='avia-image-container-inner'><div class='avia-image-overlay-wrap'><img decoding=\"async\" class='wp-image-49557 avia-img-lazy-loading-not-49557 avia_image' src=\"https:\/\/radiorevelacionfm.cl\/wp-content\/uploads\/2025\/01\/foto-19-1_optimized.jpg\" alt='' title='foto-(19)-(1)_optimized' height=\"640\" width=\"800\"  itemprop=\"thumbnailUrl\" srcset=\"https:\/\/radiorevelacionfm.cl\/wp-content\/uploads\/2025\/01\/foto-19-1_optimized.jpg 800w, https:\/\/radiorevelacionfm.cl\/wp-content\/uploads\/2025\/01\/foto-19-1_optimized-300x240.jpg 300w, https:\/\/radiorevelacionfm.cl\/wp-content\/uploads\/2025\/01\/foto-19-1_optimized-768x614.jpg 768w, https:\/\/radiorevelacionfm.cl\/wp-content\/uploads\/2025\/01\/foto-19-1_optimized-705x564.jpg 705w, https:\/\/radiorevelacionfm.cl\/wp-content\/uploads\/2025\/01\/foto-19-1_optimized-450x360.jpg 450w, https:\/\/radiorevelacionfm.cl\/wp-content\/uploads\/2025\/01\/foto-19-1_optimized-600x480.jpg 600w\" sizes=\"(max-width: 800px) 100vw, 800px\" \/><\/div><\/div><\/div><\/div><div class=\"flex_column av_one_full  flex_column_div av-zero-column-padding first  avia-builder-el-2  el_after_av_one_full  el_before_av_one_full  column-top-margin\" style='border-radius:0px; '><section class=\"av_textblock_section \"  itemscope=\"itemscope\" itemtype=\"https:\/\/schema.org\/BlogPosting\" itemprop=\"blogPost\" ><div class='avia_textblock  '   itemprop=\"text\" ><p style=\"text-align: center;\"><strong><span style=\"font-size: 18pt;\">Senadora \u00d3rdenes confirm\u00f3 la llegada de un cardi\u00f3logo: \u201cla urgencia era un nuevo profesional y tambi\u00e9n que se cuente con una unidad de hemodinamia\u201d<\/span><\/strong><\/p>\n<div id=\"gtx-trans\" style=\"position: absolute; left: -50px; top: 4.31534px;\">\n<div class=\"gtx-trans-icon\"><\/div>\n<\/div>\n<\/div><\/section><\/div><div class=\"flex_column av_one_full  flex_column_div av-zero-column-padding first  avia-builder-el-4  el_after_av_one_full  el_before_av_hr  column-top-margin\" style='border-radius:0px; '><section class=\"av_textblock_section \"  itemscope=\"itemscope\" itemtype=\"https:\/\/schema.org\/BlogPosting\" itemprop=\"blogPost\" ><div class='avia_textblock  '   itemprop=\"text\" ><p style=\"text-align: justify;\">Luego de sostener nuevamente una reuni\u00f3n con el director del Servicio de Salud Ays\u00e9n, Juan Pablo Bravo, la representante aisenina en el Senado confirm\u00f3 que en marzo de este a\u00f1o llegar\u00e1 a la regi\u00f3n un cardi\u00f3logo y que seg\u00fan el proyecto que est\u00e1 empujando el Servicio, ser\u00e1 uno de los pasos fundamentales para la constituci\u00f3n de una Unidad de Hemodinamia.<\/p>\n<p style=\"text-align: justify;\">Recordemos que la senadora \u00d3rdenes ha llevado esta necesidad al debate p\u00fablico desde hace m\u00e1s de 4 a\u00f1os, dando cuenta de la necesidad de contar con un angi\u00f3grafo, dispositivo necesario para el diagn\u00f3stico y tratamiento a problemas cerebro y cardiovasculares, entre otras funciones. Uno de los motivos por los que ya antes algunos especialistas no han continuado en sus funciones, ya que la \u00fanica alternativa era derivar a las y los pacientes fuera de la regi\u00f3n.<\/p>\n<p style=\"text-align: justify;\">La senadora Ximena \u00d3rdenes se\u00f1al\u00f3 que \u201cel arribo de un nuevo especialista, de un cardi\u00f3logo al Hospital Regional de Coyhaique, sin dudas es una buena noticia\u201d, a la vez que destac\u00f3 el compromiso que se ha puesto en tener un cronograma claro. \u201cQuiero valorar el trabajo que ha realizado el Servicio de Salud Ays\u00e9n en esta materia\u201d, indic\u00f3, confirmando que desde la cabeza del Servicio se le asegur\u00f3 que \u201ca partir del 15 de marzo se espera que este profesional ya est\u00e9 en la regi\u00f3n. Es un especialista en hemodinamia, quien tambi\u00e9n va a acompa\u00f1ar y liderar la tarea de la instalaci\u00f3n de un angi\u00f3grafo en la regi\u00f3n de Ays\u00e9n\u201d.<\/p>\n<p style=\"text-align: justify;\">Cabe destacar que el proyecto tambi\u00e9n incluye la capacitaci\u00f3n durante este 2025 del personal que estar\u00e1 a cargo de operar el esperado angi\u00f3grafo, dispositivo que ser\u00e1 clave para concretar el proyecto. \u201cLa Unidad de Cardiolog\u00eda, a nuestro juicio, es muy relevante. Va a permitir hacer un mejor trabajo respecto a la prevenci\u00f3n, diagn\u00f3stico y tratamiento de enfermedades cardiovasculares\u201d, sostuvo la parlamentaria.<\/p>\n<p style=\"text-align: justify;\">\u201cSin dudas que estos temas no ocurren de la noche a la ma\u00f1ana y quiero valorar que durante ya mucho tiempo hemos ido trabajando con el servicio de Salud Ays\u00e9n y con su director, Juan Pablo Bravo, para sacar adelante este tipo de iniciativas, que tambi\u00e9n he planteado a trav\u00e9s de la Comisi\u00f3n de Salud del Senado\u201d, record\u00f3 la parlamentaria con una evidente alegr\u00eda por estar concretando una necesidad tan latente en Ays\u00e9n. \u201cHoy d\u00eda la urgencia era un nuevo profesional y tambi\u00e9n que se cuente con una unidad de hemodinamia\u201d, concluy\u00f3 la impulsora de que la soluci\u00f3n no solo se quede en traer nuevamente un especialista, sino que tambi\u00e9n en integrar una nueva Unidad, especializada, para ampliar los servicios de la red de salud en Ays\u00e9n.<\/p>\n<p style=\"text-align: justify;\">Finalmente, \u00d3rdenes record\u00f3 que \u201cambos temas tienen un cronograma y durante el 2025 vamos a tener avances importantes, que es lo que espero, para que se ratifique la garant\u00eda del acceso al derecho a la salud de los pacientes y particularmente de los pacientes de la Unidad de Cardiolog\u00eda del Hospital Regional\u201d.<\/p>\n<p style=\"text-align: justify;\">Cabe destacar que en el \u00faltimo tiempo, otros parlamentarios han ido sumando sus voces a esta cruzada, dando cuenta de esta necesidad. Sin embargo, las gestiones realizadas por la senadora \u00d3rdenes han tenido una data un tanto m\u00e1s larga, con oficios y una serie de advertencias sobre esta necesidad, adem\u00e1s de una insistencia al Servicio de Salud Ays\u00e9n para que efectivamente esta sea una prioridad.<\/p>\n<\/div><\/section><\/div><div  style='height:50px' class='hr hr-invisible   avia-builder-el-6  el_after_av_one_full  el_before_av_social_share '><span class='hr-inner ' ><span class='hr-inner-style'><\/span><\/span><\/div><\/p>\n<div  class='av-social-sharing-box  avia-builder-el-7  el_after_av_hr  el_before_av_hr  '><div class='av-share-box'><h5 class='av-share-link-description av-no-toc '>Compartir esta noticia<\/h5><ul class='av-share-box-list noLightbox'><li class='av-share-link av-social-link-facebook' ><a target=\"_blank\" aria-label=\"Compartir en Facebook\" href='https:\/\/www.facebook.com\/sharer.php?u=https:\/\/radiorevelacionfm.cl\/?p=49556&#038;t=Senadora%20%C3%93rdenes%20confirm%C3%B3%20la%20llegada%20de%20un%20cardi%C3%B3logo%3A%20%E2%80%9Cla%20urgencia%20era%20un%20nuevo%20profesional%20y%20tambi%C3%A9n%20que%20se%20cuente%20con%20una%20unidad%20de%20hemodinamia%E2%80%9D' aria-hidden='false' data-av_icon='\ue8f3' data-av_iconfont='entypo-fontello' title='' data-avia-related-tooltip='Compartir en Facebook' rel=\"noopener\"><span class='avia_hidden_link_text'>Compartir en Facebook<\/span><\/a><\/li><li class='av-share-link av-social-link-twitter' ><a target=\"_blank\" aria-label=\"Compartir en Twitter\" href='https:\/\/twitter.com\/share?text=Senadora%20%C3%93rdenes%20confirm%C3%B3%20la%20llegada%20de%20un%20cardi%C3%B3logo%3A%20%E2%80%9Cla%20urgencia%20era%20un%20nuevo%20profesional%20y%20tambi%C3%A9n%20que%20se%20cuente%20con%20una%20unidad%20de%20hemodinamia%E2%80%9D&#038;url=https:\/\/radiorevelacionfm.cl\/?p=49556' aria-hidden='false' data-av_icon='\ue8f1' data-av_iconfont='entypo-fontello' title='' data-avia-related-tooltip='Compartir en Twitter' rel=\"noopener\"><span class='avia_hidden_link_text'>Compartir en Twitter<\/span><\/a><\/li><li class='av-share-link av-social-link-whatsapp' ><a target=\"_blank\" aria-label=\"Compartir en Whatsapp\" href='https:\/\/api.whatsapp.com\/send?text=https:\/\/radiorevelacionfm.cl\/?p=49556' aria-hidden='false' data-av_icon='\uf232' data-av_iconfont='entypo-fontello' title='' data-avia-related-tooltip='Compartir en Whatsapp' rel=\"noopener\"><span class='avia_hidden_link_text'>Compartir en Whatsapp<\/span><\/a><\/li><li class='av-share-link av-social-link-linkedin' ><a target=\"_blank\" aria-label=\"Compartir en LinkedIn\" href='https:\/\/linkedin.com\/shareArticle?mini=true&#038;title=Senadora%20%C3%93rdenes%20confirm%C3%B3%20la%20llegada%20de%20un%20cardi%C3%B3logo%3A%20%E2%80%9Cla%20urgencia%20era%20un%20nuevo%20profesional%20y%20tambi%C3%A9n%20que%20se%20cuente%20con%20una%20unidad%20de%20hemodinamia%E2%80%9D&#038;url=https:\/\/radiorevelacionfm.cl\/?p=49556' aria-hidden='false' data-av_icon='\ue8fc' data-av_iconfont='entypo-fontello' title='' data-avia-related-tooltip='Compartir en LinkedIn' rel=\"noopener\"><span class='avia_hidden_link_text'>Compartir en LinkedIn<\/span><\/a><\/li><li class='av-share-link av-social-link-mail' ><a  aria-label=\"Compartir por correo\" href='mailto:?subject=Senadora%20%C3%93rdenes%20confirm%C3%B3%20la%20llegada%20de%20un%20cardi%C3%B3logo%3A%20%E2%80%9Cla%20urgencia%20era%20un%20nuevo%20profesional%20y%20tambi%C3%A9n%20que%20se%20cuente%20con%20una%20unidad%20de%20hemodinamia%E2%80%9D&#038;body=https:\/\/radiorevelacionfm.cl\/?p=49556' aria-hidden='false' data-av_icon='\ue805' data-av_iconfont='entypo-fontello' title='' data-avia-related-tooltip='Compartir por correo'><span class='avia_hidden_link_text'>Compartir por correo<\/span><\/a><\/li><\/ul><\/div><\/div>\n<div  style='height:50px' class='hr hr-invisible   avia-builder-el-8  el_after_av_social_share  el_before_av_comments_list '><span class='hr-inner ' ><span class='hr-inner-style'><\/span><\/span><\/div>\n<div  class='av-buildercomment  av-blog-meta-html-info-disabled av-blog-meta-tag-disabled  '><\/div>\n","protected":false},"excerpt":{"rendered":"","protected":false},"author":1,"featured_media":49557,"comment_status":"open","ping_status":"open","sticky":false,"template":"","format":"standard","meta":{"footnotes":""},"categories":[38],"tags":[],"class_list":["post-49556","post","type-post","status-publish","format-standard","has-post-thumbnail","hentry","category-regional"],"jetpack_featured_media_url":"https:\/\/radiorevelacionfm.cl\/wp-content\/uploads\/2025\/01\/foto-19-1_optimized.jpg","_links":{"self":[{"href":"https:\/\/radiorevelacionfm.cl\/index.php?rest_route=\/wp\/v2\/posts\/49556","targetHints":{"allow":["GET"]}}],"collection":[{"href":"https:\/\/radiorevelacionfm.cl\/index.php?rest_route=\/wp\/v2\/posts"}],"about":[{"href":"https:\/\/radiorevelacionfm.cl\/index.php?rest_route=\/wp\/v2\/types\/post"}],"author":[{"embeddable":true,"href":"https:\/\/radiorevelacionfm.cl\/index.php?rest_route=\/wp\/v2\/users\/1"}],"replies":[{"embeddable":true,"href":"https:\/\/radiorevelacionfm.cl\/index.php?rest_route=%2Fwp%2Fv2%2Fcomments&post=49556"}],"version-history":[{"count":1,"href":"https:\/\/radiorevelacionfm.cl\/index.php?rest_route=\/wp\/v2\/posts\/49556\/revisions"}],"predecessor-version":[{"id":49558,"href":"https:\/\/radiorevelacionfm.cl\/index.php?rest_route=\/wp\/v2\/posts\/49556\/revisions\/49558"}],"wp:featuredmedia":[{"embeddable":true,"href":"https:\/\/radiorevelacionfm.cl\/index.php?rest_route=\/wp\/v2\/media\/49557"}],"wp:attachment":[{"href":"https:\/\/radiorevelacionfm.cl\/index.php?rest_route=%2Fwp%2Fv2%2Fmedia&parent=49556"}],"wp:term":[{"taxonomy":"category","embeddable":true,"href":"https:\/\/radiorevelacionfm.cl\/index.php?rest_route=%2Fwp%2Fv2%2Fcategories&post=49556"},{"taxonomy":"post_tag","embeddable":true,"href":"https:\/\/radiorevelacionfm.cl\/index.php?rest_route=%2Fwp%2Fv2%2Ftags&post=49556"}],"curies":[{"name":"wp","href":"https:\/\/api.w.org\/{rel}","templated":true}]}}