{"id":49553,"date":"2025-01-13T09:46:47","date_gmt":"2025-01-13T12:46:47","guid":{"rendered":"https:\/\/radiorevelacionfm.cl\/?p=49553"},"modified":"2025-01-13T09:46:47","modified_gmt":"2025-01-13T12:46:47","slug":"gobierno-desarrolla-conversatorio-ciudadano-chile-merece-mejores-pensiones","status":"publish","type":"post","link":"https:\/\/radiorevelacionfm.cl\/?p=49553","title":{"rendered":"Gobierno desarrolla conversatorio ciudadano \u00abChile merece mejores pensiones\u00bb"},"content":{"rendered":"<div class=\"flex_column av_one_full  flex_column_div av-zero-column-padding first  avia-builder-el-0  el_before_av_one_full  avia-builder-el-first  \" style='border-radius:0px; '><div  class='avia-image-container  av-styling-    avia-builder-el-1  avia-builder-el-no-sibling  avia-align-center '  itemprop=\"image\" itemscope=\"itemscope\" itemtype=\"https:\/\/schema.org\/ImageObject\"  ><div class='avia-image-container-inner'><div class='avia-image-overlay-wrap'><img decoding=\"async\" class='wp-image-49554 avia-img-lazy-loading-not-49554 avia_image' src=\"https:\/\/radiorevelacionfm.cl\/wp-content\/uploads\/2025\/01\/pensiones-4-1_optimized-1.jpeg\" alt='' title='pensiones-4-(1)_optimized (1)' height=\"600\" width=\"800\"  itemprop=\"thumbnailUrl\" srcset=\"https:\/\/radiorevelacionfm.cl\/wp-content\/uploads\/2025\/01\/pensiones-4-1_optimized-1.jpeg 800w, https:\/\/radiorevelacionfm.cl\/wp-content\/uploads\/2025\/01\/pensiones-4-1_optimized-1-300x225.jpeg 300w, https:\/\/radiorevelacionfm.cl\/wp-content\/uploads\/2025\/01\/pensiones-4-1_optimized-1-768x576.jpeg 768w, https:\/\/radiorevelacionfm.cl\/wp-content\/uploads\/2025\/01\/pensiones-4-1_optimized-1-705x529.jpeg 705w, https:\/\/radiorevelacionfm.cl\/wp-content\/uploads\/2025\/01\/pensiones-4-1_optimized-1-450x338.jpeg 450w, https:\/\/radiorevelacionfm.cl\/wp-content\/uploads\/2025\/01\/pensiones-4-1_optimized-1-600x450.jpeg 600w\" sizes=\"(max-width: 800px) 100vw, 800px\" \/><\/div><\/div><\/div><\/div><div class=\"flex_column av_one_full  flex_column_div av-zero-column-padding first  avia-builder-el-2  el_after_av_one_full  el_before_av_one_full  column-top-margin\" style='border-radius:0px; '><section class=\"av_textblock_section \"  itemscope=\"itemscope\" itemtype=\"https:\/\/schema.org\/BlogPosting\" itemprop=\"blogPost\" ><div class='avia_textblock  '   itemprop=\"text\" ><p style=\"text-align: center;\"><strong><span style=\"font-size: 18pt;\">Gobierno desarrolla conversatorio ciudadano \u00abChile merece mejores pensiones\u00bb<\/span><\/strong><\/p>\n<div id=\"gtx-trans\" style=\"position: absolute; left: -50px; top: 4.31534px;\">\n<div class=\"gtx-trans-icon\"><\/div>\n<\/div>\n<\/div><\/section><\/div><div class=\"flex_column av_one_full  flex_column_div av-zero-column-padding first  avia-builder-el-4  el_after_av_one_full  el_before_av_hr  column-top-margin\" style='border-radius:0px; '><section class=\"av_textblock_section \"  itemscope=\"itemscope\" itemtype=\"https:\/\/schema.org\/BlogPosting\" itemprop=\"blogPost\" ><div class='avia_textblock  '   itemprop=\"text\" ><p style=\"text-align: justify;\"><em>En la ocasi\u00f3n, se dieron cita la ciudadan\u00eda, gobierno y Senado para profundizar y discutir iniciativa del Ejecutivo que busca una reforma al sistema previsional.<\/em><\/p>\n<p style=\"text-align: justify;\">\u00abChile merece mejores pensiones\u00bb fue el conversatorio que se realiz\u00f3 hacia la comunidad en la sede social El Mirador de Coyhaique, organizado por la Seremi del Trabajo y Previsi\u00f3n Social, Desarrollo Social y Familia y la Secretar\u00eda General de Gobierno este viernes y que continuar\u00e1 durante esta semana incluyendo otras comunas de la regi\u00f3n.<\/p>\n<p style=\"text-align: justify;\">En la ocasi\u00f3n se expuso a los presentes la actual discusi\u00f3n de la Reforma de Pensiones que lleva adelante el Ejecutivo y que estos d\u00edas nuevamente se vota en el Senado para luego despacharse a la C\u00e1mara de Diputados.<\/p>\n<p style=\"text-align: justify;\">La Seremi del Trabajo y Previsi\u00f3n Social Camila Covarrubias concluy\u00f3 que \u00abPermiti\u00f3 despejar dudas respecto a que lo que el Gobierno propone respecto a la reforma de pensiones. El balance es sumamente positivo, pudimos resolver consultas de la ciudadan\u00eda, escuchar sus preocupaciones y recogerlas para poder seguir con la discusi\u00f3n en el Senado. Invito a todos, a todas, a informarse porque ha habido una campa\u00f1a muy fuerte por parte de las mismas AFP para producir miedo respecto a esta reforma, generar confusiones y finalmente desconocimiento respecto a lo que se busca, que es poder tener como principio la seguridad social\u00bb.<\/p>\n<p style=\"text-align: justify;\">\u00abPoner en el centro a las personas y garantizar equidad social en la materia\u00bb fue el mensaje de La Seremi de Desarrollo Social y Familia Karina Acevedo quien moder\u00f3 el encuentro \u00abDimos cuenta a la ciudadan\u00eda de lo que es el trabajo de la reforma previsional y que se requiere poder concretar. Tuvimos la\u00a0participaci\u00f3n de la senadora Ximena \u00f3rdenes, que nos dio cuenta de este trabajo legislativo, de la discusi\u00f3n y de los acuerdos tomados, pues es necesario, que pongamos en el centro a las personas y podamos garantizar que cuando se envejece, se tendr\u00e1 una pensi\u00f3n digna. Al a\u00f1o 2050 un tercio de la poblaci\u00f3n va a ser adulta mayor, por tanto,\u00a0se requiere que nos preparemos como Estado, como pa\u00eds y para eso tambi\u00e9n mirar c\u00f3mo logramos una equidad social\u00bb.<\/p>\n<p style=\"text-align: justify;\">En la misma\u00a0l\u00ednea el Delegado Presidencial Regional Jorge D\u00edaz Guzm\u00e1n relev\u00f3 \u00abNosotros como Gobierno, queremos un sistema que efectivamente favorezca a las grandes mayor\u00edas, que favorezca a nuestros adultos mayores. Hay un sector del Congreso y dig\u00e1moslo que est\u00e1 en la oposici\u00f3n que no comparte esa idea y en esa conversaci\u00f3n estamos y es por eso que hemos tenido esta convocatoria que ha sido muy interesante y lo que queremos hacer no es sensibilizar a nuestros ciudadanos y ciudadanas, porque ellos viven en carne propia el sistema injusto de previsi\u00f3n que tenemos en nuestro pa\u00eds, sino a los parlamentarios que votan la iniciativa\u00bb.<\/p>\n<p style=\"text-align: justify;\">MIRADA CIUDADANA Y PARLAMENTARIA<\/p>\n<p style=\"text-align: justify;\">\u00abOjal\u00e1 que resulte\u00bb \u00abnuestros hijos nos ayudan\u00bb \u00ablas pensiones no alcanzan\u00bb fue el sentir ciudadano generalizado, entre ellos el de Mar\u00eda Miranda quien valor\u00f3 tener los beneficios del gobierno para mantenerse \u00abTengo la PGU, tengo Bono por Hijo y s\u00ed, no alcanza, pero una se las arregla como puede. Yo converso porque estoy en un taller de adultos mayores y s\u00ed, a la mayor\u00eda no le alcanza la plata porque hay que comprar le\u00f1a, pagar la luz, todas esas cosas. Yo, gracias a Dios, mis hijos me ayudan\u00a0con eso. Ojal\u00e1 que suba malas pensiones porque es necesario. Qu\u00e9 muy caro cada el costo de la vida.<\/p>\n<p style=\"text-align: justify;\">Como \u00abp\u00e9sima\u00bb, calific\u00f3 su pensi\u00f3n Margarita Urrutia agregando que ese monto alcanza para lo m\u00ednimo \u00abLa pensi\u00f3n es p\u00e9sima, sino fuera porque realmente uno tiene hijos que te pueden ayudar, no tendr\u00edas para comer, como dijeron algunas personas ac\u00e1. As\u00ed que de coraz\u00f3n que realmente se pueda lograr. A la senadora la felicito por su exposici\u00f3n porque nos deja con una esperanza, porque la pensi\u00f3n en este minuto te alcanza, pero no\u00a0para comer, sino para comprarte los remedios, la salud y eso\u00bb.<\/p>\n<p style=\"text-align: justify;\">Tras el fruct\u00edfero avance en la Comisi\u00f3n de Trabajo del Senado de la propuesta de reforma, la senadora por la regi\u00f3n de Ays\u00e9n Ximena \u00d3rdenes Neira destac\u00f3 \u00bb Valorar este encuentro que ha organizado el Gobierno en la regi\u00f3n de Ays\u00e9n porque la reforma de pensiones efectivamente est\u00e1 avanzando en el Senado. Nosotros esperamos terminar este debate en enero y despacharlo nuevamente para su ratificaci\u00f3n a la C\u00e1mara de Diputados. Ya hay cambios, se est\u00e1 hablando de un piso de Pensi\u00f3n Garantizada Universal de $250.000. Son diversos los temas, pero claramente lo que se requiere es el reconocimiento de los hombres y mujeres que cierran ese ciclo, que puedan vivir en buenas condiciones, que se les garantice una buena calidad de vida en dignidad y reconocimiento al trabajo que realizaron\u00bb.<\/p>\n<p style=\"text-align: justify;\">Hay que recordar que la Comisi\u00f3n de Trabajo del Senado aprob\u00f3 un total de ocho medidas ad referendum: la ampliaci\u00f3n del Seguro de Lagunas Previsionales del Seguro de Cesant\u00eda; el alza del tope imponible; mecanismos simplificados para la cotizaci\u00f3n de independientes voluntarios; la ampliaci\u00f3n del universo de afiliados voluntarios que podr\u00edan recibir el pago de cotizaciones por parte de un tercero; cambios a la cobranza previsional; el tr\u00e1nsito desde el actual esquema de multifondos al de fondos generacionales; las modificaciones al cobro de las comisiones indirectas; y el alza de la Pensi\u00f3n Garantizada Universal (PGU) a $250.000.<\/p>\n<p style=\"text-align: justify;\">.<\/p>\n<\/div><\/section><\/div><div  style='height:50px' class='hr hr-invisible   avia-builder-el-6  el_after_av_one_full  el_before_av_social_share '><span class='hr-inner ' ><span class='hr-inner-style'><\/span><\/span><\/div><\/p>\n<div  class='av-social-sharing-box  avia-builder-el-7  el_after_av_hr  el_before_av_hr  '><div class='av-share-box'><h5 class='av-share-link-description av-no-toc '>Compartir esta noticia<\/h5><ul class='av-share-box-list noLightbox'><li class='av-share-link av-social-link-facebook' ><a target=\"_blank\" aria-label=\"Compartir en Facebook\" href='https:\/\/www.facebook.com\/sharer.php?u=https:\/\/radiorevelacionfm.cl\/?p=49553&#038;t=Gobierno%20desarrolla%20conversatorio%20ciudadano%20%C2%ABChile%20merece%20mejores%20pensiones%C2%BB' aria-hidden='false' data-av_icon='\ue8f3' data-av_iconfont='entypo-fontello' title='' data-avia-related-tooltip='Compartir en Facebook' rel=\"noopener\"><span class='avia_hidden_link_text'>Compartir en Facebook<\/span><\/a><\/li><li class='av-share-link av-social-link-twitter' ><a target=\"_blank\" aria-label=\"Compartir en Twitter\" href='https:\/\/twitter.com\/share?text=Gobierno%20desarrolla%20conversatorio%20ciudadano%20%C2%ABChile%20merece%20mejores%20pensiones%C2%BB&#038;url=https:\/\/radiorevelacionfm.cl\/?p=49553' aria-hidden='false' data-av_icon='\ue8f1' data-av_iconfont='entypo-fontello' title='' data-avia-related-tooltip='Compartir en Twitter' rel=\"noopener\"><span class='avia_hidden_link_text'>Compartir en Twitter<\/span><\/a><\/li><li class='av-share-link av-social-link-whatsapp' ><a target=\"_blank\" aria-label=\"Compartir en Whatsapp\" href='https:\/\/api.whatsapp.com\/send?text=https:\/\/radiorevelacionfm.cl\/?p=49553' aria-hidden='false' data-av_icon='\uf232' data-av_iconfont='entypo-fontello' title='' data-avia-related-tooltip='Compartir en Whatsapp' rel=\"noopener\"><span class='avia_hidden_link_text'>Compartir en Whatsapp<\/span><\/a><\/li><li class='av-share-link av-social-link-linkedin' ><a target=\"_blank\" aria-label=\"Compartir en LinkedIn\" href='https:\/\/linkedin.com\/shareArticle?mini=true&#038;title=Gobierno%20desarrolla%20conversatorio%20ciudadano%20%C2%ABChile%20merece%20mejores%20pensiones%C2%BB&#038;url=https:\/\/radiorevelacionfm.cl\/?p=49553' aria-hidden='false' data-av_icon='\ue8fc' data-av_iconfont='entypo-fontello' title='' data-avia-related-tooltip='Compartir en LinkedIn' rel=\"noopener\"><span class='avia_hidden_link_text'>Compartir en LinkedIn<\/span><\/a><\/li><li class='av-share-link av-social-link-mail' ><a  aria-label=\"Compartir por correo\" href='mailto:?subject=Gobierno%20desarrolla%20conversatorio%20ciudadano%20%C2%ABChile%20merece%20mejores%20pensiones%C2%BB&#038;body=https:\/\/radiorevelacionfm.cl\/?p=49553' aria-hidden='false' data-av_icon='\ue805' data-av_iconfont='entypo-fontello' title='' data-avia-related-tooltip='Compartir por correo'><span class='avia_hidden_link_text'>Compartir por correo<\/span><\/a><\/li><\/ul><\/div><\/div>\n<div  style='height:50px' class='hr hr-invisible   avia-builder-el-8  el_after_av_social_share  el_before_av_comments_list '><span class='hr-inner ' ><span class='hr-inner-style'><\/span><\/span><\/div>\n<div  class='av-buildercomment  av-blog-meta-html-info-disabled av-blog-meta-tag-disabled  '><\/div>\n","protected":false},"excerpt":{"rendered":"","protected":false},"author":1,"featured_media":49554,"comment_status":"open","ping_status":"open","sticky":false,"template":"","format":"standard","meta":{"footnotes":""},"categories":[38],"tags":[],"class_list":["post-49553","post","type-post","status-publish","format-standard","has-post-thumbnail","hentry","category-regional"],"jetpack_featured_media_url":"https:\/\/radiorevelacionfm.cl\/wp-content\/uploads\/2025\/01\/pensiones-4-1_optimized-1.jpeg","_links":{"self":[{"href":"https:\/\/radiorevelacionfm.cl\/index.php?rest_route=\/wp\/v2\/posts\/49553","targetHints":{"allow":["GET"]}}],"collection":[{"href":"https:\/\/radiorevelacionfm.cl\/index.php?rest_route=\/wp\/v2\/posts"}],"about":[{"href":"https:\/\/radiorevelacionfm.cl\/index.php?rest_route=\/wp\/v2\/types\/post"}],"author":[{"embeddable":true,"href":"https:\/\/radiorevelacionfm.cl\/index.php?rest_route=\/wp\/v2\/users\/1"}],"replies":[{"embeddable":true,"href":"https:\/\/radiorevelacionfm.cl\/index.php?rest_route=%2Fwp%2Fv2%2Fcomments&post=49553"}],"version-history":[{"count":1,"href":"https:\/\/radiorevelacionfm.cl\/index.php?rest_route=\/wp\/v2\/posts\/49553\/revisions"}],"predecessor-version":[{"id":49555,"href":"https:\/\/radiorevelacionfm.cl\/index.php?rest_route=\/wp\/v2\/posts\/49553\/revisions\/49555"}],"wp:featuredmedia":[{"embeddable":true,"href":"https:\/\/radiorevelacionfm.cl\/index.php?rest_route=\/wp\/v2\/media\/49554"}],"wp:attachment":[{"href":"https:\/\/radiorevelacionfm.cl\/index.php?rest_route=%2Fwp%2Fv2%2Fmedia&parent=49553"}],"wp:term":[{"taxonomy":"category","embeddable":true,"href":"https:\/\/radiorevelacionfm.cl\/index.php?rest_route=%2Fwp%2Fv2%2Fcategories&post=49553"},{"taxonomy":"post_tag","embeddable":true,"href":"https:\/\/radiorevelacionfm.cl\/index.php?rest_route=%2Fwp%2Fv2%2Ftags&post=49553"}],"curies":[{"name":"wp","href":"https:\/\/api.w.org\/{rel}","templated":true}]}}