{"id":49550,"date":"2025-01-12T16:43:50","date_gmt":"2025-01-12T19:43:50","guid":{"rendered":"https:\/\/radiorevelacionfm.cl\/?p=49550"},"modified":"2025-01-12T16:43:50","modified_gmt":"2025-01-12T19:43:50","slug":"estudiantes-de-aysen-y-cochrane-participaron-en-el-campamento-de-verano-en-ingles-2025","status":"publish","type":"post","link":"https:\/\/radiorevelacionfm.cl\/?p=49550","title":{"rendered":"Estudiantes de Ays\u00e9n y Cochrane participaron en el Campamento de Verano en Ingl\u00e9s 2025"},"content":{"rendered":"<div class=\"flex_column av_one_full  flex_column_div av-zero-column-padding first  avia-builder-el-0  el_before_av_one_full  avia-builder-el-first  \" style='border-radius:0px; '><div  class='avia-image-container  av-styling-    avia-builder-el-1  avia-builder-el-no-sibling  avia-align-center '  itemprop=\"image\" itemscope=\"itemscope\" itemtype=\"https:\/\/schema.org\/ImageObject\"  ><div class='avia-image-container-inner'><div class='avia-image-overlay-wrap'><img decoding=\"async\" class='wp-image-49551 avia-img-lazy-loading-not-49551 avia_image' src=\"https:\/\/radiorevelacionfm.cl\/wp-content\/uploads\/2025\/01\/cierre-camp-2025-1_optimized-1.jpg\" alt='' title='cierre-camp-2025-(1)_optimized (1)' height=\"600\" width=\"800\"  itemprop=\"thumbnailUrl\" srcset=\"https:\/\/radiorevelacionfm.cl\/wp-content\/uploads\/2025\/01\/cierre-camp-2025-1_optimized-1.jpg 800w, https:\/\/radiorevelacionfm.cl\/wp-content\/uploads\/2025\/01\/cierre-camp-2025-1_optimized-1-300x225.jpg 300w, https:\/\/radiorevelacionfm.cl\/wp-content\/uploads\/2025\/01\/cierre-camp-2025-1_optimized-1-768x576.jpg 768w, https:\/\/radiorevelacionfm.cl\/wp-content\/uploads\/2025\/01\/cierre-camp-2025-1_optimized-1-705x529.jpg 705w, https:\/\/radiorevelacionfm.cl\/wp-content\/uploads\/2025\/01\/cierre-camp-2025-1_optimized-1-450x338.jpg 450w, https:\/\/radiorevelacionfm.cl\/wp-content\/uploads\/2025\/01\/cierre-camp-2025-1_optimized-1-600x450.jpg 600w\" sizes=\"(max-width: 800px) 100vw, 800px\" \/><\/div><\/div><\/div><\/div><div class=\"flex_column av_one_full  flex_column_div av-zero-column-padding first  avia-builder-el-2  el_after_av_one_full  el_before_av_one_full  column-top-margin\" style='border-radius:0px; '><section class=\"av_textblock_section \"  itemscope=\"itemscope\" itemtype=\"https:\/\/schema.org\/BlogPosting\" itemprop=\"blogPost\" ><div class='avia_textblock  '   itemprop=\"text\" ><p style=\"text-align: center;\"><strong><span style=\"font-size: 18pt;\">Estudiantes de Ays\u00e9n y Cochrane participaron en el Campamento de Verano en Ingl\u00e9s 2025<\/span><\/strong><\/p>\n<div id=\"gtx-trans\" style=\"position: absolute; left: -50px; top: 4.31534px;\">\n<div class=\"gtx-trans-icon\"><\/div>\n<\/div>\n<\/div><\/section><\/div><div class=\"flex_column av_one_full  flex_column_div av-zero-column-padding first  avia-builder-el-4  el_after_av_one_full  el_before_av_hr  column-top-margin\" style='border-radius:0px; '><section class=\"av_textblock_section \"  itemscope=\"itemscope\" itemtype=\"https:\/\/schema.org\/BlogPosting\" itemprop=\"blogPost\" ><div class='avia_textblock  '   itemprop=\"text\" ><p class=\"v1MsoNormal\" style=\"text-align: justify;\">El viernes en la Escuela Ays\u00e9n de Puerto Ays\u00e9n, la SEREMI de Educaci\u00f3n Isabel Garrido\u00a0 particip\u00f3 en la actividad de Cierre del Campamento de Verano en Ingl\u00e9s, English Summer Camp 2025 con la participaci\u00f3n de 20\u00a0 estudiantes de Ense\u00f1anza Media y 15 de educaci\u00f3n b\u00e1sica, entre 5\u00b0 y 8\u00b0 a\u00f1o, que tuvo como lema \u00abTeamwork makes the dream work!\u00bb, (el trabajo en Equipo Hace que los sue\u00f1os se cumplan).<\/p>\n<p class=\"v1MsoNormal\" style=\"text-align: justify;\">El campamento convocado por el Ministerio de Educaci\u00f3n a trav\u00e9s del Programa Ingl\u00e9s Abre Puertas tiene por objetivo favorecer la inmersi\u00f3n total en ingl\u00e9s y promover la pr\u00e1ctica del idioma en contextos reales, desarrollando valores como el compa\u00f1erismo, la solidaridad y la conciencia social a trav\u00e9s de una tem\u00e1tica de inter\u00e9s para los estudiantes. Desde su creaci\u00f3n, miles de estudiantes han participado en esta experiencia potenciando el desarrollo de habilidades ling\u00fc\u00edsticas junto con el desarrollo de aprendizajes conceptuales, habilidades cognitivas y socioemocionales.<\/p>\n<p class=\"v1MsoNormal\" style=\"text-align: justify;\">Los campamentos son guiados por docentes de ingl\u00e9s titulados (Monitores) y estudiantes de pedagog\u00eda en ingl\u00e9s en sus \u00faltimos a\u00f1os (Facilitadores Voluntarios), que son capacitados y monitoreados por la red de Coordinadores Regionales de Ingl\u00e9s del Programa Ingl\u00e9s Abre Puertas (PIAP). Durante la semana de implementaci\u00f3n, orientan diversas actividades recreativas que incentivan la comunicaci\u00f3n oral en ingl\u00e9s como din\u00e1micas de grupo, juegos de rol, presentaciones, proyectos grupales, competiciones, entre otras.<\/p>\n<p class=\"v1MsoNormal\" style=\"text-align: justify;\">La semana del campamento consisti\u00f3 \u00a0en cinco d\u00edas de actividades, comenzando con una sesi\u00f3n de bienvenida, seguida de actividades en grandes grupos para fomentar el trabajo en equipo y la creatividad, y actividades en peque\u00f1os grupos para experiencias de aprendizaje personalizadas.<\/p>\n<p class=\"v1MsoNormal\" style=\"text-align: justify;\">El campamento de verano en ingl\u00e9s tambi\u00e9n se desarroll\u00f3 en Cochrane con la participaci\u00f3n de\u00a0 30 estudiantes de 5\u00b0 a 8\u00b0 b\u00e1sico.<\/p>\n<p class=\"v1MsoNormal\" style=\"text-align: justify;\"><b><u>Reacciones<\/u><\/b><\/p>\n<p class=\"v1MsoNormal\" style=\"text-align: justify;\">La SEREMI Isabel Garrido manifest\u00f3: \u00abhemos participado en el cierre del Campamento de Verano en Ingl\u00e9s con m\u00e1s de 30 estudiantes y sus familias. Agradecemos su participaci\u00f3n y su compromiso durante esta semana, porque el ingl\u00e9s efectivamente abre puertas y es una herramienta para el aprendizaje de las ciencias, el arte, la cultura y el desarrollo personal. Estos campamentos est\u00e1n alineados con el Plan de Reactivaci\u00f3n Educativa que impulsa el Ministerio de Educaci\u00f3n. En esta semana de actividades no solo se desarrollan los contenidos y estrategias para el aprendizaje y pr\u00e1ctica del idioma ingl\u00e9s hablado. Tambi\u00e9n competencias socioemocionales como el trabajo en equipo. Invitamos a los estudiantes de la regi\u00f3n a estar atentos a futuras convocatorias y encuentro de este tipo del Programa Ingl\u00e9s Abre Puertas\u00bb.<\/p>\n<p class=\"v1MsoNormal\" style=\"text-align: justify;\">Alejandra Montecinos, profesora de Ingl\u00e9s y monitora del campamento en la sede de Puerto Ays\u00e9n. Destac\u00f3 el buen nivel de ingl\u00e9s de los estudiantes participantes. \u00abEllas y ellos fueron muy participativos y receptivos\u00a0 respecto a las actividades que se les propuso y todo funcion\u00f3 muy bien, tuvimos una muy buena asistencia todos los d\u00edas del campamento. Fue una actividad muy gratificante donde algunos ni\u00f1os destacaban y ellos apoyaban a sus pares, pudiendo compartir experiencias y aprendizaje. En resumen se cumplieron los objetivos pedag\u00f3gicos y tambi\u00e9n socioemocionales\u00bb.<\/p>\n<p class=\"v1MsoNormal\" style=\"text-align: justify;\">Pascale Matamala, estudiante del Colegio Kalem Bicentenario de Puerto Ays\u00e9n expres\u00f3. \u00abMe gust\u00f3 mucho porque es una din\u00e1mica diferente a las clases ingl\u00e9s. Antes a m\u00ed no me gustaba el ingl\u00e9s pero durante este campamento con las actividades me di cuenta que si me gusta. Estos d\u00edas lo pas\u00e9 bien, pude compartir, hacer amigos\u00bb.<\/p>\n<p class=\"v1MsoNormal\" style=\"text-align: justify;\">Joaqu\u00edn P\u00e9rez estudiante del Liceo San Felipe Benicio de Coyhaique. \u00abFue un campamento muy bueno, bien organizado y me encant\u00f3 la experiencia de compartir con chicos de la regi\u00f3n de Ays\u00e9n y yo invito a todos los j\u00f3venes a vivir una experiencia como esta, que se atrevan, los profesores son muy buenos y nos ense\u00f1aron a trabajar en equipo a hacer deportes, y a hacer amigos y a aprender ingl\u00e9s\u00bb.<\/p>\n<\/div><\/section><\/div><div  style='height:50px' class='hr hr-invisible   avia-builder-el-6  el_after_av_one_full  el_before_av_social_share '><span class='hr-inner ' ><span class='hr-inner-style'><\/span><\/span><\/div><\/p>\n<div  class='av-social-sharing-box  avia-builder-el-7  el_after_av_hr  el_before_av_hr  '><div class='av-share-box'><h5 class='av-share-link-description av-no-toc '>Compartir esta noticia<\/h5><ul class='av-share-box-list noLightbox'><li class='av-share-link av-social-link-facebook' ><a target=\"_blank\" aria-label=\"Compartir en Facebook\" href='https:\/\/www.facebook.com\/sharer.php?u=https:\/\/radiorevelacionfm.cl\/?p=49550&#038;t=Estudiantes%20de%20Ays%C3%A9n%20y%20Cochrane%20participaron%20en%20el%20Campamento%20de%20Verano%20en%20Ingl%C3%A9s%202025' aria-hidden='false' data-av_icon='\ue8f3' data-av_iconfont='entypo-fontello' title='' data-avia-related-tooltip='Compartir en Facebook' rel=\"noopener\"><span class='avia_hidden_link_text'>Compartir en Facebook<\/span><\/a><\/li><li class='av-share-link av-social-link-twitter' ><a target=\"_blank\" aria-label=\"Compartir en Twitter\" href='https:\/\/twitter.com\/share?text=Estudiantes%20de%20Ays%C3%A9n%20y%20Cochrane%20participaron%20en%20el%20Campamento%20de%20Verano%20en%20Ingl%C3%A9s%202025&#038;url=https:\/\/radiorevelacionfm.cl\/?p=49550' aria-hidden='false' data-av_icon='\ue8f1' data-av_iconfont='entypo-fontello' title='' data-avia-related-tooltip='Compartir en Twitter' rel=\"noopener\"><span class='avia_hidden_link_text'>Compartir en Twitter<\/span><\/a><\/li><li class='av-share-link av-social-link-whatsapp' ><a target=\"_blank\" aria-label=\"Compartir en Whatsapp\" href='https:\/\/api.whatsapp.com\/send?text=https:\/\/radiorevelacionfm.cl\/?p=49550' aria-hidden='false' data-av_icon='\uf232' data-av_iconfont='entypo-fontello' title='' data-avia-related-tooltip='Compartir en Whatsapp' rel=\"noopener\"><span class='avia_hidden_link_text'>Compartir en Whatsapp<\/span><\/a><\/li><li class='av-share-link av-social-link-linkedin' ><a target=\"_blank\" aria-label=\"Compartir en LinkedIn\" href='https:\/\/linkedin.com\/shareArticle?mini=true&#038;title=Estudiantes%20de%20Ays%C3%A9n%20y%20Cochrane%20participaron%20en%20el%20Campamento%20de%20Verano%20en%20Ingl%C3%A9s%202025&#038;url=https:\/\/radiorevelacionfm.cl\/?p=49550' aria-hidden='false' data-av_icon='\ue8fc' data-av_iconfont='entypo-fontello' title='' data-avia-related-tooltip='Compartir en LinkedIn' rel=\"noopener\"><span class='avia_hidden_link_text'>Compartir en LinkedIn<\/span><\/a><\/li><li class='av-share-link av-social-link-mail' ><a  aria-label=\"Compartir por correo\" href='mailto:?subject=Estudiantes%20de%20Ays%C3%A9n%20y%20Cochrane%20participaron%20en%20el%20Campamento%20de%20Verano%20en%20Ingl%C3%A9s%202025&#038;body=https:\/\/radiorevelacionfm.cl\/?p=49550' aria-hidden='false' data-av_icon='\ue805' data-av_iconfont='entypo-fontello' title='' data-avia-related-tooltip='Compartir por correo'><span class='avia_hidden_link_text'>Compartir por correo<\/span><\/a><\/li><\/ul><\/div><\/div>\n<div  style='height:50px' class='hr hr-invisible   avia-builder-el-8  el_after_av_social_share  el_before_av_comments_list '><span class='hr-inner ' ><span class='hr-inner-style'><\/span><\/span><\/div>\n<div  class='av-buildercomment  av-blog-meta-html-info-disabled av-blog-meta-tag-disabled  '><\/div>\n","protected":false},"excerpt":{"rendered":"","protected":false},"author":1,"featured_media":49551,"comment_status":"open","ping_status":"open","sticky":false,"template":"","format":"standard","meta":{"footnotes":""},"categories":[49],"tags":[],"class_list":["post-49550","post","type-post","status-publish","format-standard","has-post-thumbnail","hentry","category-educacion"],"jetpack_featured_media_url":"https:\/\/radiorevelacionfm.cl\/wp-content\/uploads\/2025\/01\/cierre-camp-2025-1_optimized-1.jpg","_links":{"self":[{"href":"https:\/\/radiorevelacionfm.cl\/index.php?rest_route=\/wp\/v2\/posts\/49550","targetHints":{"allow":["GET"]}}],"collection":[{"href":"https:\/\/radiorevelacionfm.cl\/index.php?rest_route=\/wp\/v2\/posts"}],"about":[{"href":"https:\/\/radiorevelacionfm.cl\/index.php?rest_route=\/wp\/v2\/types\/post"}],"author":[{"embeddable":true,"href":"https:\/\/radiorevelacionfm.cl\/index.php?rest_route=\/wp\/v2\/users\/1"}],"replies":[{"embeddable":true,"href":"https:\/\/radiorevelacionfm.cl\/index.php?rest_route=%2Fwp%2Fv2%2Fcomments&post=49550"}],"version-history":[{"count":1,"href":"https:\/\/radiorevelacionfm.cl\/index.php?rest_route=\/wp\/v2\/posts\/49550\/revisions"}],"predecessor-version":[{"id":49552,"href":"https:\/\/radiorevelacionfm.cl\/index.php?rest_route=\/wp\/v2\/posts\/49550\/revisions\/49552"}],"wp:featuredmedia":[{"embeddable":true,"href":"https:\/\/radiorevelacionfm.cl\/index.php?rest_route=\/wp\/v2\/media\/49551"}],"wp:attachment":[{"href":"https:\/\/radiorevelacionfm.cl\/index.php?rest_route=%2Fwp%2Fv2%2Fmedia&parent=49550"}],"wp:term":[{"taxonomy":"category","embeddable":true,"href":"https:\/\/radiorevelacionfm.cl\/index.php?rest_route=%2Fwp%2Fv2%2Fcategories&post=49550"},{"taxonomy":"post_tag","embeddable":true,"href":"https:\/\/radiorevelacionfm.cl\/index.php?rest_route=%2Fwp%2Fv2%2Ftags&post=49550"}],"curies":[{"name":"wp","href":"https:\/\/api.w.org\/{rel}","templated":true}]}}