{"id":4955,"date":"2021-06-06T16:37:38","date_gmt":"2021-06-06T19:37:38","guid":{"rendered":"https:\/\/radiorevelacionfm.cl\/?p=4955"},"modified":"2021-06-06T16:37:38","modified_gmt":"2021-06-06T19:37:38","slug":"culmina-con-exito-webinar-internacional-sobre-la-ruta-de-los-parques-de-la-patagonia","status":"publish","type":"post","link":"https:\/\/radiorevelacionfm.cl\/?p=4955","title":{"rendered":"Culmina con \u00e9xito webinar internacional sobre la Ruta de los Parques de la Patagonia"},"content":{"rendered":"<div class=\"flex_column av_one_full  flex_column_div av-zero-column-padding first  avia-builder-el-0  el_before_av_one_full  avia-builder-el-first  \" style='border-radius:0px; '><div  class='avia-image-container  av-styling-    avia-builder-el-1  avia-builder-el-no-sibling  avia-align-center '  itemprop=\"image\" itemscope=\"itemscope\" itemtype=\"https:\/\/schema.org\/ImageObject\"  ><div class='avia-image-container-inner'><div class='avia-image-overlay-wrap'><img decoding=\"async\" class='wp-image-4956 avia-img-lazy-loading-not-4956 avia_image' src=\"https:\/\/radiorevelacionfm.cl\/wp-content\/uploads\/2021\/06\/glaciar-exploradores-PN-Laguna-San-Rafael-1-1.jpg\" alt='' title='glaciar exploradores - PN Laguna San Rafael (1) (1)' height=\"600\" width=\"900\"  itemprop=\"thumbnailUrl\" srcset=\"https:\/\/radiorevelacionfm.cl\/wp-content\/uploads\/2021\/06\/glaciar-exploradores-PN-Laguna-San-Rafael-1-1.jpg 900w, https:\/\/radiorevelacionfm.cl\/wp-content\/uploads\/2021\/06\/glaciar-exploradores-PN-Laguna-San-Rafael-1-1-300x200.jpg 300w, https:\/\/radiorevelacionfm.cl\/wp-content\/uploads\/2021\/06\/glaciar-exploradores-PN-Laguna-San-Rafael-1-1-768x512.jpg 768w, https:\/\/radiorevelacionfm.cl\/wp-content\/uploads\/2021\/06\/glaciar-exploradores-PN-Laguna-San-Rafael-1-1-705x470.jpg 705w, https:\/\/radiorevelacionfm.cl\/wp-content\/uploads\/2021\/06\/glaciar-exploradores-PN-Laguna-San-Rafael-1-1-600x400.jpg 600w\" sizes=\"(max-width: 900px) 100vw, 900px\" \/><\/div><\/div><\/div><\/div><div class=\"flex_column av_one_full  flex_column_div av-zero-column-padding first  avia-builder-el-2  el_after_av_one_full  el_before_av_one_full  column-top-margin\" style='border-radius:0px; '><section class=\"av_textblock_section \"  itemscope=\"itemscope\" itemtype=\"https:\/\/schema.org\/BlogPosting\" itemprop=\"blogPost\" ><div class='avia_textblock  '   itemprop=\"text\" ><p style=\"text-align: center;\"><strong><span style=\"font-size: 18pt;\">Culmina con \u00e9xito webinar internacional sobre la Ruta de los Parques de la Patagonia<\/span><\/strong><\/p>\n<div id=\"gtx-trans\" style=\"position: absolute; left: -50px; top: 4.31534px;\">\n<div class=\"gtx-trans-icon\"><\/div>\n<\/div>\n<\/div><\/section><\/div><div class=\"flex_column av_one_full  flex_column_div av-zero-column-padding first  avia-builder-el-4  el_after_av_one_full  el_before_av_hr  column-top-margin\" style='border-radius:0px; '><section class=\"av_textblock_section \"  itemscope=\"itemscope\" itemtype=\"https:\/\/schema.org\/BlogPosting\" itemprop=\"blogPost\" ><div class='avia_textblock  '   itemprop=\"text\" ><p style=\"text-align: justify;\">M\u00e1s de 300 personas de todo el mundo participaron en el webinar \u201cRoute of Parks of Chilean Patagonia: tourism and conservation\u201d organizado por el Comit\u00e9 Ruta de los Parques de la Patagonia en conjunto con Adventure Travel Association (ATTA), con el apoyo de los Gobiernos Regionales. En la oportunidad participaron Andrea Wolleter, directora nacional de Sernatur; Carolina Morgado, directora ejecutiva de Tompkins Conservation Chile; Ximena Castro, presidenta del Comit\u00e9 Ruta de los Parques, quien expuso en representaci\u00f3n de Los Lagos, Ays\u00e9n y Magallanes, y Kristine Tompkins, presidenta de Tompkins Conservation.<\/p>\n<p style=\"text-align: justify;\">Durante el encuentro, Kristine Tompkins se refiri\u00f3 a la importancia de este territorio a nivel global, destacando: \u201cEl impacto del modelo de la Ruta de los Parques de la Patagonia va mucho m\u00e1s all\u00e1 de Chile, ya que el \u00e9xito de la conservaci\u00f3n de la tierra y el mar en cualquier parte del mundo est\u00e1 profundamente ligado a los beneficios directos para las comunidades locales y regionales cercanas, y eso es justamente lo que promueve esta visi\u00f3n de conservaci\u00f3n para la Patagonia: impulsar el resguardo de la naturaleza, promoviendo el desarrollo econ\u00f3mico local\u201d.<\/p>\n<p style=\"text-align: justify;\">Patricio Bast\u00edas, Director Regional Sernatur Aysen, agreg\u00f3: \u201cHemos quedado muy satisfechos con esta actividad, ya que a trav\u00e9s de ATTA hemos podido llegar a una audiencia internacional, en un momento donde es importante marcar presencia ante los turoperadores que tomar\u00e1n decisiones con respecto de los destinos a vender. Este trabajo consolida la relaci\u00f3n p\u00fablico-privada para fortalecer la Patagonia Chilena, mostrando un solo territorio en t\u00e9rminos de lo que esta significa, lo cual es posible gracias a la mirada estrat\u00e9gica que ha hecho el Gobierno Regional por fortalecer la gobernanza en pos del desarrollo tur\u00edstico sostenible\u201d.<\/p>\n<p style=\"text-align: justify;\">En tanto, Rolf Traeger, Gerente de Per Turismo Ays\u00e9n, se\u00f1al\u00f3: \u201cEl evento permiti\u00f3 dar conocer los destinos tur\u00edsticos de cada una de las regiones de Ays\u00e9n, Los Lagos y Magallanes, con presencia de un p\u00fablico objetivo de larga distancia, lo que demuestra el gran inter\u00e9s de los operadores tur\u00edsticos por nuestra zona, Ays\u00e9n Patagonia y por la Ruta de los Parques. Esto da entender que estamos bien encaminados realizando acciones para difundir el destino tur\u00edstico Ays\u00e9n Patagonia y el resto de los Subdestinos\u201d.<\/p>\n<p style=\"text-align: justify;\">El 9 de septiembre -y en el marco del mes del turismo- se llevar\u00e1 a cabo un segundo encuentro virtual en conjunto con ATTA donde operadores locales podr\u00e1n reunirse con operadores internacionales para establecer nexos y oportunidades de negocio en pos de la reactivaci\u00f3n tur\u00edstica de la Ruta de los Parques como un producto ideal en escenario covid.<\/p>\n<p style=\"text-align: justify;\"><b>Acerca del Comit\u00e9 Ruta de los Parques<\/b><\/p>\n<p style=\"text-align: justify;\">El Comit\u00e9 Interregional de la Ruta de los Parques de la Patagonia es una gobernanza \u00fanica en Chile en la que participan Sernatur Los Lagos, Ays\u00e9n y Magallanes, Tompkins Conservation Chile, Per Turismo Ays\u00e9n y PTI Ruta de los Parques de Corfo Los Lagos. Esta iniciativa es un esfuerzo conjunto para potenciar una visi\u00f3n que permita el desarrollo de las comunidades aleda\u00f1as a trav\u00e9s de la inversi\u00f3n en los parques nacionales y el posicionamiento conjunto de este tercio de Chile que cuenta con 11,8 millones de hect\u00e1reas protegidas bajo la categor\u00eda de parque nacional.<\/p>\n<\/div><\/section><\/div><div  style='height:50px' class='hr hr-invisible   avia-builder-el-6  el_after_av_one_full  el_before_av_social_share '><span class='hr-inner ' ><span class='hr-inner-style'><\/span><\/span><\/div><\/p>\n<div  class='av-social-sharing-box  avia-builder-el-7  el_after_av_hr  el_before_av_hr  '><div class='av-share-box'><h5 class='av-share-link-description av-no-toc '>Compartir esta noticia<\/h5><ul class='av-share-box-list noLightbox'><li class='av-share-link av-social-link-facebook' ><a target=\"_blank\" aria-label=\"Compartir en Facebook\" href='https:\/\/www.facebook.com\/sharer.php?u=https:\/\/radiorevelacionfm.cl\/?p=4955&#038;t=Culmina%20con%20%C3%A9xito%20webinar%20internacional%20sobre%20la%20Ruta%20de%20los%20Parques%20de%20la%20Patagonia' aria-hidden='false' data-av_icon='\ue8f3' data-av_iconfont='entypo-fontello' title='' data-avia-related-tooltip='Compartir en Facebook' rel=\"noopener\"><span class='avia_hidden_link_text'>Compartir en Facebook<\/span><\/a><\/li><li class='av-share-link av-social-link-twitter' ><a target=\"_blank\" aria-label=\"Compartir en Twitter\" href='https:\/\/twitter.com\/share?text=Culmina%20con%20%C3%A9xito%20webinar%20internacional%20sobre%20la%20Ruta%20de%20los%20Parques%20de%20la%20Patagonia&#038;url=https:\/\/radiorevelacionfm.cl\/?p=4955' aria-hidden='false' data-av_icon='\ue8f1' data-av_iconfont='entypo-fontello' title='' data-avia-related-tooltip='Compartir en Twitter' rel=\"noopener\"><span class='avia_hidden_link_text'>Compartir en Twitter<\/span><\/a><\/li><li class='av-share-link av-social-link-whatsapp' ><a target=\"_blank\" aria-label=\"Compartir en Whatsapp\" href='https:\/\/api.whatsapp.com\/send?text=https:\/\/radiorevelacionfm.cl\/?p=4955' aria-hidden='false' data-av_icon='\uf232' data-av_iconfont='entypo-fontello' title='' data-avia-related-tooltip='Compartir en Whatsapp' rel=\"noopener\"><span class='avia_hidden_link_text'>Compartir en Whatsapp<\/span><\/a><\/li><li class='av-share-link av-social-link-linkedin' ><a target=\"_blank\" aria-label=\"Compartir en LinkedIn\" href='https:\/\/linkedin.com\/shareArticle?mini=true&#038;title=Culmina%20con%20%C3%A9xito%20webinar%20internacional%20sobre%20la%20Ruta%20de%20los%20Parques%20de%20la%20Patagonia&#038;url=https:\/\/radiorevelacionfm.cl\/?p=4955' aria-hidden='false' data-av_icon='\ue8fc' data-av_iconfont='entypo-fontello' title='' data-avia-related-tooltip='Compartir en LinkedIn' rel=\"noopener\"><span class='avia_hidden_link_text'>Compartir en LinkedIn<\/span><\/a><\/li><li class='av-share-link av-social-link-mail' ><a  aria-label=\"Compartir por correo\" href='mailto:?subject=Culmina%20con%20%C3%A9xito%20webinar%20internacional%20sobre%20la%20Ruta%20de%20los%20Parques%20de%20la%20Patagonia&#038;body=https:\/\/radiorevelacionfm.cl\/?p=4955' aria-hidden='false' data-av_icon='\ue805' data-av_iconfont='entypo-fontello' title='' data-avia-related-tooltip='Compartir por correo'><span class='avia_hidden_link_text'>Compartir por correo<\/span><\/a><\/li><\/ul><\/div><\/div>\n<div  style='height:50px' class='hr hr-invisible   avia-builder-el-8  el_after_av_social_share  el_before_av_comments_list '><span class='hr-inner ' ><span class='hr-inner-style'><\/span><\/span><\/div>\n<div  class='av-buildercomment  av-blog-meta-html-info-disabled av-blog-meta-tag-disabled  '><\/div>\n","protected":false},"excerpt":{"rendered":"","protected":false},"author":1,"featured_media":4956,"comment_status":"open","ping_status":"open","sticky":false,"template":"","format":"standard","meta":{"footnotes":""},"categories":[54],"tags":[],"class_list":["post-4955","post","type-post","status-publish","format-standard","has-post-thumbnail","hentry","category-turismo"],"jetpack_featured_media_url":"https:\/\/radiorevelacionfm.cl\/wp-content\/uploads\/2021\/06\/glaciar-exploradores-PN-Laguna-San-Rafael-1-1.jpg","_links":{"self":[{"href":"https:\/\/radiorevelacionfm.cl\/index.php?rest_route=\/wp\/v2\/posts\/4955","targetHints":{"allow":["GET"]}}],"collection":[{"href":"https:\/\/radiorevelacionfm.cl\/index.php?rest_route=\/wp\/v2\/posts"}],"about":[{"href":"https:\/\/radiorevelacionfm.cl\/index.php?rest_route=\/wp\/v2\/types\/post"}],"author":[{"embeddable":true,"href":"https:\/\/radiorevelacionfm.cl\/index.php?rest_route=\/wp\/v2\/users\/1"}],"replies":[{"embeddable":true,"href":"https:\/\/radiorevelacionfm.cl\/index.php?rest_route=%2Fwp%2Fv2%2Fcomments&post=4955"}],"version-history":[{"count":1,"href":"https:\/\/radiorevelacionfm.cl\/index.php?rest_route=\/wp\/v2\/posts\/4955\/revisions"}],"predecessor-version":[{"id":4957,"href":"https:\/\/radiorevelacionfm.cl\/index.php?rest_route=\/wp\/v2\/posts\/4955\/revisions\/4957"}],"wp:featuredmedia":[{"embeddable":true,"href":"https:\/\/radiorevelacionfm.cl\/index.php?rest_route=\/wp\/v2\/media\/4956"}],"wp:attachment":[{"href":"https:\/\/radiorevelacionfm.cl\/index.php?rest_route=%2Fwp%2Fv2%2Fmedia&parent=4955"}],"wp:term":[{"taxonomy":"category","embeddable":true,"href":"https:\/\/radiorevelacionfm.cl\/index.php?rest_route=%2Fwp%2Fv2%2Fcategories&post=4955"},{"taxonomy":"post_tag","embeddable":true,"href":"https:\/\/radiorevelacionfm.cl\/index.php?rest_route=%2Fwp%2Fv2%2Ftags&post=4955"}],"curies":[{"name":"wp","href":"https:\/\/api.w.org\/{rel}","templated":true}]}}