{"id":49546,"date":"2025-01-12T15:29:15","date_gmt":"2025-01-12T18:29:15","guid":{"rendered":"https:\/\/radiorevelacionfm.cl\/?p=49546"},"modified":"2025-01-12T15:29:15","modified_gmt":"2025-01-12T18:29:15","slug":"vecinos-del-sector-rio-blanco-celebran-avances-de-la-construccion-del-puente-mecano","status":"publish","type":"post","link":"https:\/\/radiorevelacionfm.cl\/?p=49546","title":{"rendered":"Vecinos del sector R\u00edo Blanco celebran avances de la construcci\u00f3n del puente mecano"},"content":{"rendered":"<div class=\"flex_column av_one_full  flex_column_div av-zero-column-padding first  avia-builder-el-0  el_before_av_one_full  avia-builder-el-first  \" style='border-radius:0px; '><div  class='avia-image-container  av-styling-    avia-builder-el-1  avia-builder-el-no-sibling  avia-align-center '  itemprop=\"image\" itemscope=\"itemscope\" itemtype=\"https:\/\/schema.org\/ImageObject\"  ><div class='avia-image-container-inner'><div class='avia-image-overlay-wrap'><img decoding=\"async\" class='wp-image-49548 avia-img-lazy-loading-not-49548 avia_image' src=\"https:\/\/radiorevelacionfm.cl\/wp-content\/uploads\/2025\/01\/calisto-rIo-el-blanco-1_optimized-1.jpg\" alt='' title='calisto-r\u00cdo-el-blanco-(1)_optimized (1)' height=\"600\" width=\"1263\"  itemprop=\"thumbnailUrl\" srcset=\"https:\/\/radiorevelacionfm.cl\/wp-content\/uploads\/2025\/01\/calisto-rIo-el-blanco-1_optimized-1.jpg 1263w, https:\/\/radiorevelacionfm.cl\/wp-content\/uploads\/2025\/01\/calisto-rIo-el-blanco-1_optimized-1-300x143.jpg 300w, https:\/\/radiorevelacionfm.cl\/wp-content\/uploads\/2025\/01\/calisto-rIo-el-blanco-1_optimized-1-1030x489.jpg 1030w, https:\/\/radiorevelacionfm.cl\/wp-content\/uploads\/2025\/01\/calisto-rIo-el-blanco-1_optimized-1-768x365.jpg 768w, https:\/\/radiorevelacionfm.cl\/wp-content\/uploads\/2025\/01\/calisto-rIo-el-blanco-1_optimized-1-705x335.jpg 705w, https:\/\/radiorevelacionfm.cl\/wp-content\/uploads\/2025\/01\/calisto-rIo-el-blanco-1_optimized-1-450x214.jpg 450w, https:\/\/radiorevelacionfm.cl\/wp-content\/uploads\/2025\/01\/calisto-rIo-el-blanco-1_optimized-1-600x285.jpg 600w\" sizes=\"(max-width: 1263px) 100vw, 1263px\" \/><\/div><\/div><\/div><\/div><div class=\"flex_column av_one_full  flex_column_div av-zero-column-padding first  avia-builder-el-2  el_after_av_one_full  el_before_av_one_full  column-top-margin\" style='border-radius:0px; '><section class=\"av_textblock_section \"  itemscope=\"itemscope\" itemtype=\"https:\/\/schema.org\/BlogPosting\" itemprop=\"blogPost\" ><div class='avia_textblock  '   itemprop=\"text\" ><p style=\"text-align: center;\"><strong><span style=\"font-size: 18pt;\">Vecinos del sector R\u00edo Blanco celebran avances de la construcci\u00f3n del puente mecano<\/span><\/strong><\/p>\n<div id=\"gtx-trans\" style=\"position: absolute; left: -50px; top: 4.31534px;\">\n<div class=\"gtx-trans-icon\"><\/div>\n<\/div>\n<\/div><\/section><\/div><div class=\"flex_column av_one_full  flex_column_div av-zero-column-padding first  avia-builder-el-4  el_after_av_one_full  el_before_av_hr  column-top-margin\" style='border-radius:0px; '><section class=\"av_textblock_section \"  itemscope=\"itemscope\" itemtype=\"https:\/\/schema.org\/BlogPosting\" itemprop=\"blogPost\" ><div class='avia_textblock  '   itemprop=\"text\" ><p style=\"font-weight: 400; text-align: justify;\">Como una gran noticia en materia de conectividad calific\u00f3 el diputado Miguel \u00c1ngel Calisto el anuncio de la licitaci\u00f3n para la construcci\u00f3n del puente mecano en el sector del R\u00edo Blanco en la comuna de Puerto Ays\u00e9n, un tema muy anhelado por los vecinos del sector, los que llevaban solicitando hace bastantes a\u00f1os esta medida.<\/p>\n<p style=\"font-weight: 400; text-align: justify;\">La embarcaci\u00f3n que permite el cruce del r\u00edo a los vecinos ya ha cumplido su vida \u00fatil, por ello ser\u00e1 reemplazada por un puente mecano de aproximadamente 70 metros de largo. El diputado Calisto hace algunos a\u00f1os comenz\u00f3 a apoyar la petici\u00f3n de los vecinos, realizando distintas gestiones a nivel regional y a nivel central.<\/p>\n<p style=\"font-weight: 400; text-align: justify;\">Seg\u00fan el diputado Calisto, quien se traslad\u00f3 hasta el sector, \u201cestamos contentos porque finalmente se anunci\u00f3 el inicio de la licitaci\u00f3n de la construcci\u00f3n de 60 metros de puente mecano y otros 15 metros que se est\u00e1n licitando por vialidad y que van a tener una construcci\u00f3n de un a\u00f1o. Esto va a permitir mejorar sustancialmente la conectividad de todos los vecinos de este sector\u201d.<\/p>\n<p style=\"font-weight: 400; text-align: justify;\">\u201cEsta ha sido una pelea de m\u00e1s de 40 a\u00f1os y por eso este hito es tan hist\u00f3rico y tan importante para conectar a nuestros pobladores y sobre todo una ruta tan importante entre Coyhaique y Puerto Ays\u00e9n\u201d, afirm\u00f3 el legislador.<\/p>\n<p style=\"font-weight: 400; text-align: justify;\">Por su parte, Tatiana Fern\u00e1ndez, dirigente y vecina del sector, asegur\u00f3 que \u201cyo fui criada en Lago Portales desde muy chica, llevamos a\u00f1os cruzando esta balsa. Hoy d\u00eda despu\u00e9s de m\u00e1s de 30 a\u00f1os hay un puente ya licitado. Es una gran noticia\u201d.<\/p>\n<p style=\"font-weight: 400; text-align: justify;\">Finalmente, la dirigente se\u00f1al\u00f3 que \u201cle agradecemos al director de Vialidad, Renzo Sander, \u00a0igual tambi\u00e9n al diputado Calisto que nunca nos solt\u00f3 la mano para concretar este proyecto tan bonito. Ahora el segundo paso es la piedra, as\u00ed que esperemos que pronto llegue ese momento para que as\u00ed las personas pobladoras m\u00e1s antiguas pueda ver concretado este puente\u201d.<\/p>\n<\/div><\/section><\/div><div  style='height:50px' class='hr hr-invisible   avia-builder-el-6  el_after_av_one_full  el_before_av_social_share '><span class='hr-inner ' ><span class='hr-inner-style'><\/span><\/span><\/div><\/p>\n<div  class='av-social-sharing-box  avia-builder-el-7  el_after_av_hr  el_before_av_hr  '><div class='av-share-box'><h5 class='av-share-link-description av-no-toc '>Compartir esta noticia<\/h5><ul class='av-share-box-list noLightbox'><li class='av-share-link av-social-link-facebook' ><a target=\"_blank\" aria-label=\"Compartir en Facebook\" href='https:\/\/www.facebook.com\/sharer.php?u=https:\/\/radiorevelacionfm.cl\/?p=49546&#038;t=Vecinos%20del%20sector%20R%C3%ADo%20Blanco%20celebran%20avances%20de%20la%20construcci%C3%B3n%20del%20puente%20mecano' aria-hidden='false' data-av_icon='\ue8f3' data-av_iconfont='entypo-fontello' title='' data-avia-related-tooltip='Compartir en Facebook' rel=\"noopener\"><span class='avia_hidden_link_text'>Compartir en Facebook<\/span><\/a><\/li><li class='av-share-link av-social-link-twitter' ><a target=\"_blank\" aria-label=\"Compartir en Twitter\" href='https:\/\/twitter.com\/share?text=Vecinos%20del%20sector%20R%C3%ADo%20Blanco%20celebran%20avances%20de%20la%20construcci%C3%B3n%20del%20puente%20mecano&#038;url=https:\/\/radiorevelacionfm.cl\/?p=49546' aria-hidden='false' data-av_icon='\ue8f1' data-av_iconfont='entypo-fontello' title='' data-avia-related-tooltip='Compartir en Twitter' rel=\"noopener\"><span class='avia_hidden_link_text'>Compartir en Twitter<\/span><\/a><\/li><li class='av-share-link av-social-link-whatsapp' ><a target=\"_blank\" aria-label=\"Compartir en Whatsapp\" href='https:\/\/api.whatsapp.com\/send?text=https:\/\/radiorevelacionfm.cl\/?p=49546' aria-hidden='false' data-av_icon='\uf232' data-av_iconfont='entypo-fontello' title='' data-avia-related-tooltip='Compartir en Whatsapp' rel=\"noopener\"><span class='avia_hidden_link_text'>Compartir en Whatsapp<\/span><\/a><\/li><li class='av-share-link av-social-link-linkedin' ><a target=\"_blank\" aria-label=\"Compartir en LinkedIn\" href='https:\/\/linkedin.com\/shareArticle?mini=true&#038;title=Vecinos%20del%20sector%20R%C3%ADo%20Blanco%20celebran%20avances%20de%20la%20construcci%C3%B3n%20del%20puente%20mecano&#038;url=https:\/\/radiorevelacionfm.cl\/?p=49546' aria-hidden='false' data-av_icon='\ue8fc' data-av_iconfont='entypo-fontello' title='' data-avia-related-tooltip='Compartir en LinkedIn' rel=\"noopener\"><span class='avia_hidden_link_text'>Compartir en LinkedIn<\/span><\/a><\/li><li class='av-share-link av-social-link-mail' ><a  aria-label=\"Compartir por correo\" href='mailto:?subject=Vecinos%20del%20sector%20R%C3%ADo%20Blanco%20celebran%20avances%20de%20la%20construcci%C3%B3n%20del%20puente%20mecano&#038;body=https:\/\/radiorevelacionfm.cl\/?p=49546' aria-hidden='false' data-av_icon='\ue805' data-av_iconfont='entypo-fontello' title='' data-avia-related-tooltip='Compartir por correo'><span class='avia_hidden_link_text'>Compartir por correo<\/span><\/a><\/li><\/ul><\/div><\/div>\n<div  style='height:50px' class='hr hr-invisible   avia-builder-el-8  el_after_av_social_share  el_before_av_comments_list '><span class='hr-inner ' ><span class='hr-inner-style'><\/span><\/span><\/div>\n<div  class='av-buildercomment  av-blog-meta-html-info-disabled av-blog-meta-tag-disabled  '><\/div>\n","protected":false},"excerpt":{"rendered":"","protected":false},"author":1,"featured_media":49548,"comment_status":"open","ping_status":"open","sticky":false,"template":"","format":"standard","meta":{"footnotes":""},"categories":[38],"tags":[],"class_list":["post-49546","post","type-post","status-publish","format-standard","has-post-thumbnail","hentry","category-regional"],"jetpack_featured_media_url":"https:\/\/radiorevelacionfm.cl\/wp-content\/uploads\/2025\/01\/calisto-rIo-el-blanco-1_optimized-1.jpg","_links":{"self":[{"href":"https:\/\/radiorevelacionfm.cl\/index.php?rest_route=\/wp\/v2\/posts\/49546","targetHints":{"allow":["GET"]}}],"collection":[{"href":"https:\/\/radiorevelacionfm.cl\/index.php?rest_route=\/wp\/v2\/posts"}],"about":[{"href":"https:\/\/radiorevelacionfm.cl\/index.php?rest_route=\/wp\/v2\/types\/post"}],"author":[{"embeddable":true,"href":"https:\/\/radiorevelacionfm.cl\/index.php?rest_route=\/wp\/v2\/users\/1"}],"replies":[{"embeddable":true,"href":"https:\/\/radiorevelacionfm.cl\/index.php?rest_route=%2Fwp%2Fv2%2Fcomments&post=49546"}],"version-history":[{"count":1,"href":"https:\/\/radiorevelacionfm.cl\/index.php?rest_route=\/wp\/v2\/posts\/49546\/revisions"}],"predecessor-version":[{"id":49549,"href":"https:\/\/radiorevelacionfm.cl\/index.php?rest_route=\/wp\/v2\/posts\/49546\/revisions\/49549"}],"wp:featuredmedia":[{"embeddable":true,"href":"https:\/\/radiorevelacionfm.cl\/index.php?rest_route=\/wp\/v2\/media\/49548"}],"wp:attachment":[{"href":"https:\/\/radiorevelacionfm.cl\/index.php?rest_route=%2Fwp%2Fv2%2Fmedia&parent=49546"}],"wp:term":[{"taxonomy":"category","embeddable":true,"href":"https:\/\/radiorevelacionfm.cl\/index.php?rest_route=%2Fwp%2Fv2%2Fcategories&post=49546"},{"taxonomy":"post_tag","embeddable":true,"href":"https:\/\/radiorevelacionfm.cl\/index.php?rest_route=%2Fwp%2Fv2%2Ftags&post=49546"}],"curies":[{"name":"wp","href":"https:\/\/api.w.org\/{rel}","templated":true}]}}