{"id":49540,"date":"2025-01-12T11:56:36","date_gmt":"2025-01-12T14:56:36","guid":{"rendered":"https:\/\/radiorevelacionfm.cl\/?p=49540"},"modified":"2025-01-12T11:56:36","modified_gmt":"2025-01-12T14:56:36","slug":"103-familias-de-puerto-aysen-recibieron-subsidios-y-se-acercan-a-la-casa-propia","status":"publish","type":"post","link":"https:\/\/radiorevelacionfm.cl\/?p=49540","title":{"rendered":"103 Familias de Puerto Ays\u00e9n recibieron Subsidios y se acercan a la casa propia"},"content":{"rendered":"<div class=\"flex_column av_one_full  flex_column_div av-zero-column-padding first  avia-builder-el-0  el_before_av_one_full  avia-builder-el-first  \" style='border-radius:0px; '><div  class='avia-image-container  av-styling-    avia-builder-el-1  avia-builder-el-no-sibling  avia-align-center '  itemprop=\"image\" itemscope=\"itemscope\" itemtype=\"https:\/\/schema.org\/ImageObject\"  ><div class='avia-image-container-inner'><div class='avia-image-overlay-wrap'><img decoding=\"async\" class='wp-image-49541 avia-img-lazy-loading-not-49541 avia_image' src=\"https:\/\/radiorevelacionfm.cl\/wp-content\/uploads\/2025\/01\/Seremi-de-Vivienda-y-Director-Serviu-entregan-certificados-de-subsidio-a-familias-de-Puerto-Aysen-1-1.jpeg\" alt='' title='Seremi de Vivienda y Director Serviu entregan certificados de subsidio a familias de Puerto Ays\u00e9n (1) (1)' height=\"600\" width=\"901\"  itemprop=\"thumbnailUrl\" srcset=\"https:\/\/radiorevelacionfm.cl\/wp-content\/uploads\/2025\/01\/Seremi-de-Vivienda-y-Director-Serviu-entregan-certificados-de-subsidio-a-familias-de-Puerto-Aysen-1-1.jpeg 901w, https:\/\/radiorevelacionfm.cl\/wp-content\/uploads\/2025\/01\/Seremi-de-Vivienda-y-Director-Serviu-entregan-certificados-de-subsidio-a-familias-de-Puerto-Aysen-1-1-300x200.jpeg 300w, https:\/\/radiorevelacionfm.cl\/wp-content\/uploads\/2025\/01\/Seremi-de-Vivienda-y-Director-Serviu-entregan-certificados-de-subsidio-a-familias-de-Puerto-Aysen-1-1-768x511.jpeg 768w, https:\/\/radiorevelacionfm.cl\/wp-content\/uploads\/2025\/01\/Seremi-de-Vivienda-y-Director-Serviu-entregan-certificados-de-subsidio-a-familias-de-Puerto-Aysen-1-1-705x469.jpeg 705w, https:\/\/radiorevelacionfm.cl\/wp-content\/uploads\/2025\/01\/Seremi-de-Vivienda-y-Director-Serviu-entregan-certificados-de-subsidio-a-familias-de-Puerto-Aysen-1-1-450x300.jpeg 450w, https:\/\/radiorevelacionfm.cl\/wp-content\/uploads\/2025\/01\/Seremi-de-Vivienda-y-Director-Serviu-entregan-certificados-de-subsidio-a-familias-de-Puerto-Aysen-1-1-600x400.jpeg 600w\" sizes=\"(max-width: 901px) 100vw, 901px\" \/><\/div><\/div><\/div><\/div><div class=\"flex_column av_one_full  flex_column_div av-zero-column-padding first  avia-builder-el-2  el_after_av_one_full  el_before_av_one_full  column-top-margin\" style='border-radius:0px; '><section class=\"av_textblock_section \"  itemscope=\"itemscope\" itemtype=\"https:\/\/schema.org\/BlogPosting\" itemprop=\"blogPost\" ><div class='avia_textblock  '   itemprop=\"text\" ><p style=\"text-align: center;\"><span style=\"font-size: 18pt;\"><strong>103 Familias de Puerto Ays\u00e9n recibieron Subsidios y se acercan a la casa propia<\/strong><\/span><\/p>\n<div id=\"gtx-trans\" style=\"position: absolute; left: -50px; top: 4.31534px;\">\n<div class=\"gtx-trans-icon\"><\/div>\n<\/div>\n<\/div><\/section><\/div><div class=\"flex_column av_one_full  flex_column_div av-zero-column-padding first  avia-builder-el-4  el_after_av_one_full  el_before_av_hr  column-top-margin\" style='border-radius:0px; '><section class=\"av_textblock_section \"  itemscope=\"itemscope\" itemtype=\"https:\/\/schema.org\/BlogPosting\" itemprop=\"blogPost\" ><div class='avia_textblock  '   itemprop=\"text\" ><p style=\"text-align: justify;\">Ciento tres familias de Puerto Ays\u00e9n dieron este s\u00e1bado un gran paso hacia la casa propia, tras recibir sus certificados de subsidio en una ceremonia realizada en el recinto Polideportivo, con participaci\u00f3n de autoridades regionales, locales y comunidad en general.<\/p>\n<p style=\"text-align: justify;\">Los comit\u00e9s que recibieron su certificado son \u201cTesoro Austral\u201d, \u201cMirando Hacia el Futuro\u201d y \u201cAhora voy por Ustedes\u201d, los que hab\u00edan concretado su postulaci\u00f3n en agosto del a\u00f1o pasado. Los 103 subsidios corresponden al programa Fondo Solidario de Elecci\u00f3n de Vivienda, del Ministerio de Vivienda y Urbanismo (Minvu), en la modalidad de Construcci\u00f3n en Nuevos Terrenos, donde las familias reciben su casa propia quedando sin ning\u00fan tipo de deuda.<\/p>\n<p style=\"text-align: justify;\">Cabe consignar que en diciembre pasado el Serviu compr\u00f3 al Vicariato Apost\u00f3lico de Ays\u00e9n el terreno para este nuevo proyecto habitacional, el cual posee una superficie aproximada de 32 mil 500 m2 e implic\u00f3 una inversi\u00f3n sectorial que alcanz\u00f3 los 823 millones de pesos.<\/p>\n<p style=\"text-align: justify;\">Tras la entrega de las carpetas con los certificados de subsidio, la Seremi de Vivienda, Paulina Ruz, destac\u00f3 la importancia de seguir cumpliendo con los compromisos del Gobierno en todas las comunas de la regi\u00f3n. \u201cEn estos dos a\u00f1os y medio de Gobierno, no solamente nos hemos preocupado para que ellos tengan sus certificados de subsidios, sino que tambi\u00e9n hemos entregado recursos ministeriales para que puedan adquirir su terreno y junto con ello tener ahora tambi\u00e9n un avance preliminar de obras e iniciar pronto la construcci\u00f3n de las viviendas. Estamos muy orgullosos y como mandato del presidente Gabriel Boric vamos a cumplir con nuestra meta en el Plan de Emergencia Habitacional. Hoy llevamos un 90% de avance, lo que representa un compromiso de gesti\u00f3n territorial con cada una de las familias, donde el Gobierno est\u00e1 presente en las diez comunas de la regi\u00f3n de Ays\u00e9n\u201d, manifest\u00f3.<\/p>\n<p style=\"text-align: justify;\">La Presidenta del comit\u00e9 Tesoro Austral, Vanesa Aguilar, se mostr\u00f3 feliz al dar un gran paso en el camino que los conduce hasta su vivienda propia. \u201cNosotros venimos desde el 2018 trabajando incansablemente para obtener esto, para 50 familias de nuestro comit\u00e9. Un tremendo trabajo, mucho esfuerzo, l\u00e1grimas, cansancio y hoy d\u00eda se ve reflejado en este tremendo premio, As\u00ed que muy felices, ha sido un trabajo fuerte, un trabajo arduo, con muchos problemas en un inicio, pero gracias a Dios todo se alinea en el camino, se trabaja el conjunto y se logran cosas positivas como esta\u201d, afirm\u00f3.<\/p>\n<p style=\"text-align: justify;\">Finalmente, el Delegado Presidencial Regional, Jorge D\u00edaz Guzm\u00e1n, expres\u00f3 su satisfacci\u00f3n de compartir un momento tan importante con estos comit\u00e9s, reafirmando el compromiso por mejorar la calidad de vida a las familias ayseninas. \u201cComo Gobierno estamos muy contentos de este logro. Seguimos avanzando en el desaf\u00edo que nos autoimpusimos, de entregar casi 1.300 soluciones habitacionales para nuestra regi\u00f3n y 260 mil a trav\u00e9s del pa\u00eds, Por lo tanto, en nombre del Presidente, estamos muy contentos y as\u00ed se lo hemos expresado a cada una de las familias. Y creemos que de esta manera estamos dando cumplimiento no solamente a un compromiso, sino que tambi\u00e9n al deber como Gobierno de generar todas las acciones para que las familias no solo tengan una soluci\u00f3n habitacional, sino que tambi\u00e9n vamos reactivando nuestra econom\u00eda a nivel local y con ello contribuir al crecimiento del pa\u00eds\u201d, se\u00f1al\u00f3.<\/p>\n<p style=\"text-align: justify;\">La Entidad Patrocinante de los comit\u00e9s \u201cTesoro Austral\u201d, \u201cMirando Hacia el Futuro\u201d y \u201cAhora voy por Ustedes\u201d es Bellavista SpA, en tanto que los subsidios entregados por el Ministerio de Vivienda, m\u00e1s los ahorros de las familias, suman una inversi\u00f3n que supera los 10 mil millones de pesos, recursos que permitir\u00e1n comenzar en los pr\u00f3ximos meses con la ejecuci\u00f3n del proyecto.<\/p>\n<p style=\"text-align: justify;\">Este nuevo conjunto de 103 viviendas se suma al trabajo sectorial desarrollado en el marco del Plan de Emergencia Habitacional del Gobierno, donde solo desde marzo de 2022 se han construido mil 168 viviendas en la regi\u00f3n de Ays\u00e9n, donde adem\u00e1s hay 616 en ejecuci\u00f3n y otras 683 viviendas por iniciar.<\/p>\n<\/div><\/section><\/div><div  style='height:50px' class='hr hr-invisible   avia-builder-el-6  el_after_av_one_full  el_before_av_social_share '><span class='hr-inner ' ><span class='hr-inner-style'><\/span><\/span><\/div><\/p>\n<div  class='av-social-sharing-box  avia-builder-el-7  el_after_av_hr  el_before_av_hr  '><div class='av-share-box'><h5 class='av-share-link-description av-no-toc '>Compartir esta noticia<\/h5><ul class='av-share-box-list noLightbox'><li class='av-share-link av-social-link-facebook' ><a target=\"_blank\" aria-label=\"Compartir en Facebook\" href='https:\/\/www.facebook.com\/sharer.php?u=https:\/\/radiorevelacionfm.cl\/?p=49540&#038;t=103%20Familias%20de%20Puerto%20Ays%C3%A9n%20recibieron%20Subsidios%20y%20se%20acercan%20a%20la%20casa%20propia' aria-hidden='false' data-av_icon='\ue8f3' data-av_iconfont='entypo-fontello' title='' data-avia-related-tooltip='Compartir en Facebook' rel=\"noopener\"><span class='avia_hidden_link_text'>Compartir en Facebook<\/span><\/a><\/li><li class='av-share-link av-social-link-twitter' ><a target=\"_blank\" aria-label=\"Compartir en Twitter\" href='https:\/\/twitter.com\/share?text=103%20Familias%20de%20Puerto%20Ays%C3%A9n%20recibieron%20Subsidios%20y%20se%20acercan%20a%20la%20casa%20propia&#038;url=https:\/\/radiorevelacionfm.cl\/?p=49540' aria-hidden='false' data-av_icon='\ue8f1' data-av_iconfont='entypo-fontello' title='' data-avia-related-tooltip='Compartir en Twitter' rel=\"noopener\"><span class='avia_hidden_link_text'>Compartir en Twitter<\/span><\/a><\/li><li class='av-share-link av-social-link-whatsapp' ><a target=\"_blank\" aria-label=\"Compartir en Whatsapp\" href='https:\/\/api.whatsapp.com\/send?text=https:\/\/radiorevelacionfm.cl\/?p=49540' aria-hidden='false' data-av_icon='\uf232' data-av_iconfont='entypo-fontello' title='' data-avia-related-tooltip='Compartir en Whatsapp' rel=\"noopener\"><span class='avia_hidden_link_text'>Compartir en Whatsapp<\/span><\/a><\/li><li class='av-share-link av-social-link-linkedin' ><a target=\"_blank\" aria-label=\"Compartir en LinkedIn\" href='https:\/\/linkedin.com\/shareArticle?mini=true&#038;title=103%20Familias%20de%20Puerto%20Ays%C3%A9n%20recibieron%20Subsidios%20y%20se%20acercan%20a%20la%20casa%20propia&#038;url=https:\/\/radiorevelacionfm.cl\/?p=49540' aria-hidden='false' data-av_icon='\ue8fc' data-av_iconfont='entypo-fontello' title='' data-avia-related-tooltip='Compartir en LinkedIn' rel=\"noopener\"><span class='avia_hidden_link_text'>Compartir en LinkedIn<\/span><\/a><\/li><li class='av-share-link av-social-link-mail' ><a  aria-label=\"Compartir por correo\" href='mailto:?subject=103%20Familias%20de%20Puerto%20Ays%C3%A9n%20recibieron%20Subsidios%20y%20se%20acercan%20a%20la%20casa%20propia&#038;body=https:\/\/radiorevelacionfm.cl\/?p=49540' aria-hidden='false' data-av_icon='\ue805' data-av_iconfont='entypo-fontello' title='' data-avia-related-tooltip='Compartir por correo'><span class='avia_hidden_link_text'>Compartir por correo<\/span><\/a><\/li><\/ul><\/div><\/div>\n<div  style='height:50px' class='hr hr-invisible   avia-builder-el-8  el_after_av_social_share  el_before_av_comments_list '><span class='hr-inner ' ><span class='hr-inner-style'><\/span><\/span><\/div>\n<div  class='av-buildercomment  av-blog-meta-html-info-disabled av-blog-meta-tag-disabled  '><\/div>\n","protected":false},"excerpt":{"rendered":"","protected":false},"author":1,"featured_media":49541,"comment_status":"open","ping_status":"open","sticky":false,"template":"","format":"standard","meta":{"footnotes":""},"categories":[57],"tags":[],"class_list":["post-49540","post","type-post","status-publish","format-standard","has-post-thumbnail","hentry","category-vivienda"],"jetpack_featured_media_url":"https:\/\/radiorevelacionfm.cl\/wp-content\/uploads\/2025\/01\/Seremi-de-Vivienda-y-Director-Serviu-entregan-certificados-de-subsidio-a-familias-de-Puerto-Aysen-1-1.jpeg","_links":{"self":[{"href":"https:\/\/radiorevelacionfm.cl\/index.php?rest_route=\/wp\/v2\/posts\/49540","targetHints":{"allow":["GET"]}}],"collection":[{"href":"https:\/\/radiorevelacionfm.cl\/index.php?rest_route=\/wp\/v2\/posts"}],"about":[{"href":"https:\/\/radiorevelacionfm.cl\/index.php?rest_route=\/wp\/v2\/types\/post"}],"author":[{"embeddable":true,"href":"https:\/\/radiorevelacionfm.cl\/index.php?rest_route=\/wp\/v2\/users\/1"}],"replies":[{"embeddable":true,"href":"https:\/\/radiorevelacionfm.cl\/index.php?rest_route=%2Fwp%2Fv2%2Fcomments&post=49540"}],"version-history":[{"count":1,"href":"https:\/\/radiorevelacionfm.cl\/index.php?rest_route=\/wp\/v2\/posts\/49540\/revisions"}],"predecessor-version":[{"id":49542,"href":"https:\/\/radiorevelacionfm.cl\/index.php?rest_route=\/wp\/v2\/posts\/49540\/revisions\/49542"}],"wp:featuredmedia":[{"embeddable":true,"href":"https:\/\/radiorevelacionfm.cl\/index.php?rest_route=\/wp\/v2\/media\/49541"}],"wp:attachment":[{"href":"https:\/\/radiorevelacionfm.cl\/index.php?rest_route=%2Fwp%2Fv2%2Fmedia&parent=49540"}],"wp:term":[{"taxonomy":"category","embeddable":true,"href":"https:\/\/radiorevelacionfm.cl\/index.php?rest_route=%2Fwp%2Fv2%2Fcategories&post=49540"},{"taxonomy":"post_tag","embeddable":true,"href":"https:\/\/radiorevelacionfm.cl\/index.php?rest_route=%2Fwp%2Fv2%2Ftags&post=49540"}],"curies":[{"name":"wp","href":"https:\/\/api.w.org\/{rel}","templated":true}]}}