{"id":49537,"date":"2025-01-11T12:50:40","date_gmt":"2025-01-11T15:50:40","guid":{"rendered":"https:\/\/radiorevelacionfm.cl\/?p=49537"},"modified":"2025-01-11T12:50:40","modified_gmt":"2025-01-11T15:50:40","slug":"edelaysen-refuerza-y-se-prepara-ante-contingencias-climaticas-informadas-para-este-fin-de-semana-en-la-region","status":"publish","type":"post","link":"https:\/\/radiorevelacionfm.cl\/?p=49537","title":{"rendered":"Edelaysen refuerza y se prepara ante contingencias clim\u00e1ticas informadas para este fin de semana en la regi\u00f3n"},"content":{"rendered":"<div class=\"flex_column av_one_full  flex_column_div av-zero-column-padding first  avia-builder-el-0  el_before_av_one_full  avia-builder-el-first  \" style='border-radius:0px; '><div  class='avia-image-container  av-styling-    avia-builder-el-1  avia-builder-el-no-sibling  avia-align-center '  itemprop=\"image\" itemscope=\"itemscope\" itemtype=\"https:\/\/schema.org\/ImageObject\"  ><div class='avia-image-container-inner'><div class='avia-image-overlay-wrap'><img decoding=\"async\" class='wp-image-49538 avia-img-lazy-loading-not-49538 avia_image' src=\"https:\/\/radiorevelacionfm.cl\/wp-content\/uploads\/2025\/01\/edelaysen-01-1_optimized-1.jpg\" alt='' title='edelaysen-01-(1)_optimized (1)' height=\"600\" width=\"940\"  itemprop=\"thumbnailUrl\" srcset=\"https:\/\/radiorevelacionfm.cl\/wp-content\/uploads\/2025\/01\/edelaysen-01-1_optimized-1.jpg 940w, https:\/\/radiorevelacionfm.cl\/wp-content\/uploads\/2025\/01\/edelaysen-01-1_optimized-1-300x191.jpg 300w, https:\/\/radiorevelacionfm.cl\/wp-content\/uploads\/2025\/01\/edelaysen-01-1_optimized-1-768x490.jpg 768w, https:\/\/radiorevelacionfm.cl\/wp-content\/uploads\/2025\/01\/edelaysen-01-1_optimized-1-705x450.jpg 705w, https:\/\/radiorevelacionfm.cl\/wp-content\/uploads\/2025\/01\/edelaysen-01-1_optimized-1-450x287.jpg 450w, https:\/\/radiorevelacionfm.cl\/wp-content\/uploads\/2025\/01\/edelaysen-01-1_optimized-1-600x383.jpg 600w\" sizes=\"(max-width: 940px) 100vw, 940px\" \/><\/div><\/div><\/div><\/div><div class=\"flex_column av_one_full  flex_column_div av-zero-column-padding first  avia-builder-el-2  el_after_av_one_full  el_before_av_one_full  column-top-margin\" style='border-radius:0px; '><section class=\"av_textblock_section \"  itemscope=\"itemscope\" itemtype=\"https:\/\/schema.org\/BlogPosting\" itemprop=\"blogPost\" ><div class='avia_textblock  '   itemprop=\"text\" ><p style=\"text-align: center;\"><strong><span style=\"font-size: 18pt;\">Edelaysen refuerza y se prepara ante contingencias clim\u00e1ticas informadas para este fin de semana en la regi\u00f3n<\/span><\/strong><\/p>\n<div id=\"gtx-trans\" style=\"position: absolute; left: -50px; top: 4.31534px;\">\n<div class=\"gtx-trans-icon\"><\/div>\n<\/div>\n<\/div><\/section><\/div><div class=\"flex_column av_one_full  flex_column_div av-zero-column-padding first  avia-builder-el-4  el_after_av_one_full  el_before_av_hr  column-top-margin\" style='border-radius:0px; '><section class=\"av_textblock_section \"  itemscope=\"itemscope\" itemtype=\"https:\/\/schema.org\/BlogPosting\" itemprop=\"blogPost\" ><div class='avia_textblock  '   itemprop=\"text\" ><p style=\"text-align: justify;\">Ante el pron\u00f3stico de vientos normal a moderado y lluvias entregado por la Direcci\u00f3n Meteorol\u00f3gica de Chile, que afectar\u00e1n la zona austral del pa\u00eds durante los pr\u00f3ximos d\u00edas, Edelaysen informa que ha reforzado su preparaci\u00f3n para responder de manera oportuna y eficiente a cualquier eventualidad que pudiera impactar el suministro el\u00e9ctrico en la regi\u00f3n de Ays\u00e9n.<\/p>\n<p style=\"text-align: justify;\">En tal sentido, el equipo t\u00e9cnico de la el\u00e9ctrica se encuentra en estado de alerta, con recursos humanos y log\u00edsticos desplegados para atender posibles interrupciones del servicio. Adem\u00e1s, se han reforzado los canales de comunicaci\u00f3n para garantizar una respuesta \u00e1gil ante cualquier requerimiento de los clientes.<\/p>\n<p style=\"text-align: justify;\">\u201cEn Edelaysen estamos comprometidos con la seguridad de nuestros clientes. Por ello, mantenemos un plan de contingencia \u00e1gil y din\u00e1mico que, mediante su integraci\u00f3n, nos permite actuar de manera preventiva y responder de manera oportuna frente a situaciones de emergencia clim\u00e1tica\u201d, se\u00f1al\u00f3 Roberto Pe\u00f1a, ejecutivo de Edelaysen.<\/p>\n<p style=\"text-align: justify;\">Ante cualquier requerimiento, Edelaysen recuerda a la comunidad la importancia de mantenerse informada a trav\u00e9s de sus canales oficiales y de reportar cualquier incidencia a su l\u00ednea gratuita 800 600 803, disponible las 24 horas del d\u00eda. As\u00ed mismo, se recomienda visitar el sitio web\u00a0<a href=\"https:\/\/nam10.safelinks.protection.outlook.com\/?url=http%3A%2F%2Fwww.edelaysen.cl%2F&amp;data=05%7C02%7Cmaria.marchant%40saesa.cl%7C9dd2f474bb3c4c36c72808dd31a8d75f%7C136d6ab55b55496f97cb2424247715ed%7C0%7C0%7C638721323429792315%7CUnknown%7CTWFpbGZsb3d8eyJFbXB0eU1hcGkiOnRydWUsIlYiOiIwLjAuMDAwMCIsIlAiOiJXaW4zMiIsIkFOIjoiTWFpbCIsIldUIjoyfQ%3D%3D%7C0%7C%7C%7C&amp;sdata=zoy2h4EkmDWsHPYXL%2FWFjOVlADeRwWr4fF9zcDoddOA%3D&amp;reserved=0\">www.edelaysen.cl<\/a>\u00a0para m\u00e1s informaci\u00f3n.<\/p>\n<\/div><\/section><\/div><div  style='height:50px' class='hr hr-invisible   avia-builder-el-6  el_after_av_one_full  el_before_av_social_share '><span class='hr-inner ' ><span class='hr-inner-style'><\/span><\/span><\/div><\/p>\n<div  class='av-social-sharing-box  avia-builder-el-7  el_after_av_hr  el_before_av_hr  '><div class='av-share-box'><h5 class='av-share-link-description av-no-toc '>Compartir esta noticia<\/h5><ul class='av-share-box-list noLightbox'><li class='av-share-link av-social-link-facebook' ><a target=\"_blank\" aria-label=\"Compartir en Facebook\" href='https:\/\/www.facebook.com\/sharer.php?u=https:\/\/radiorevelacionfm.cl\/?p=49537&#038;t=Edelaysen%20refuerza%20y%20se%20prepara%20ante%20contingencias%20clim%C3%A1ticas%20informadas%20para%20este%20fin%20de%20semana%20en%20la%20regi%C3%B3n' aria-hidden='false' data-av_icon='\ue8f3' data-av_iconfont='entypo-fontello' title='' data-avia-related-tooltip='Compartir en Facebook' rel=\"noopener\"><span class='avia_hidden_link_text'>Compartir en Facebook<\/span><\/a><\/li><li class='av-share-link av-social-link-twitter' ><a target=\"_blank\" aria-label=\"Compartir en Twitter\" href='https:\/\/twitter.com\/share?text=Edelaysen%20refuerza%20y%20se%20prepara%20ante%20contingencias%20clim%C3%A1ticas%20informadas%20para%20este%20fin%20de%20semana%20en%20la%20regi%C3%B3n&#038;url=https:\/\/radiorevelacionfm.cl\/?p=49537' aria-hidden='false' data-av_icon='\ue8f1' data-av_iconfont='entypo-fontello' title='' data-avia-related-tooltip='Compartir en Twitter' rel=\"noopener\"><span class='avia_hidden_link_text'>Compartir en Twitter<\/span><\/a><\/li><li class='av-share-link av-social-link-whatsapp' ><a target=\"_blank\" aria-label=\"Compartir en Whatsapp\" href='https:\/\/api.whatsapp.com\/send?text=https:\/\/radiorevelacionfm.cl\/?p=49537' aria-hidden='false' data-av_icon='\uf232' data-av_iconfont='entypo-fontello' title='' data-avia-related-tooltip='Compartir en Whatsapp' rel=\"noopener\"><span class='avia_hidden_link_text'>Compartir en Whatsapp<\/span><\/a><\/li><li class='av-share-link av-social-link-linkedin' ><a target=\"_blank\" aria-label=\"Compartir en LinkedIn\" href='https:\/\/linkedin.com\/shareArticle?mini=true&#038;title=Edelaysen%20refuerza%20y%20se%20prepara%20ante%20contingencias%20clim%C3%A1ticas%20informadas%20para%20este%20fin%20de%20semana%20en%20la%20regi%C3%B3n&#038;url=https:\/\/radiorevelacionfm.cl\/?p=49537' aria-hidden='false' data-av_icon='\ue8fc' data-av_iconfont='entypo-fontello' title='' data-avia-related-tooltip='Compartir en LinkedIn' rel=\"noopener\"><span class='avia_hidden_link_text'>Compartir en LinkedIn<\/span><\/a><\/li><li class='av-share-link av-social-link-mail' ><a  aria-label=\"Compartir por correo\" href='mailto:?subject=Edelaysen%20refuerza%20y%20se%20prepara%20ante%20contingencias%20clim%C3%A1ticas%20informadas%20para%20este%20fin%20de%20semana%20en%20la%20regi%C3%B3n&#038;body=https:\/\/radiorevelacionfm.cl\/?p=49537' aria-hidden='false' data-av_icon='\ue805' data-av_iconfont='entypo-fontello' title='' data-avia-related-tooltip='Compartir por correo'><span class='avia_hidden_link_text'>Compartir por correo<\/span><\/a><\/li><\/ul><\/div><\/div>\n<div  style='height:50px' class='hr hr-invisible   avia-builder-el-8  el_after_av_social_share  el_before_av_comments_list '><span class='hr-inner ' ><span class='hr-inner-style'><\/span><\/span><\/div>\n<div  class='av-buildercomment  av-blog-meta-html-info-disabled av-blog-meta-tag-disabled  '><\/div>\n","protected":false},"excerpt":{"rendered":"","protected":false},"author":1,"featured_media":49538,"comment_status":"open","ping_status":"open","sticky":false,"template":"","format":"standard","meta":{"footnotes":""},"categories":[38],"tags":[],"class_list":["post-49537","post","type-post","status-publish","format-standard","has-post-thumbnail","hentry","category-regional"],"jetpack_featured_media_url":"https:\/\/radiorevelacionfm.cl\/wp-content\/uploads\/2025\/01\/edelaysen-01-1_optimized-1.jpg","_links":{"self":[{"href":"https:\/\/radiorevelacionfm.cl\/index.php?rest_route=\/wp\/v2\/posts\/49537","targetHints":{"allow":["GET"]}}],"collection":[{"href":"https:\/\/radiorevelacionfm.cl\/index.php?rest_route=\/wp\/v2\/posts"}],"about":[{"href":"https:\/\/radiorevelacionfm.cl\/index.php?rest_route=\/wp\/v2\/types\/post"}],"author":[{"embeddable":true,"href":"https:\/\/radiorevelacionfm.cl\/index.php?rest_route=\/wp\/v2\/users\/1"}],"replies":[{"embeddable":true,"href":"https:\/\/radiorevelacionfm.cl\/index.php?rest_route=%2Fwp%2Fv2%2Fcomments&post=49537"}],"version-history":[{"count":1,"href":"https:\/\/radiorevelacionfm.cl\/index.php?rest_route=\/wp\/v2\/posts\/49537\/revisions"}],"predecessor-version":[{"id":49539,"href":"https:\/\/radiorevelacionfm.cl\/index.php?rest_route=\/wp\/v2\/posts\/49537\/revisions\/49539"}],"wp:featuredmedia":[{"embeddable":true,"href":"https:\/\/radiorevelacionfm.cl\/index.php?rest_route=\/wp\/v2\/media\/49538"}],"wp:attachment":[{"href":"https:\/\/radiorevelacionfm.cl\/index.php?rest_route=%2Fwp%2Fv2%2Fmedia&parent=49537"}],"wp:term":[{"taxonomy":"category","embeddable":true,"href":"https:\/\/radiorevelacionfm.cl\/index.php?rest_route=%2Fwp%2Fv2%2Fcategories&post=49537"},{"taxonomy":"post_tag","embeddable":true,"href":"https:\/\/radiorevelacionfm.cl\/index.php?rest_route=%2Fwp%2Fv2%2Ftags&post=49537"}],"curies":[{"name":"wp","href":"https:\/\/api.w.org\/{rel}","templated":true}]}}