{"id":49529,"date":"2025-01-10T17:32:23","date_gmt":"2025-01-10T20:32:23","guid":{"rendered":"https:\/\/radiorevelacionfm.cl\/?p=49529"},"modified":"2025-01-10T17:32:23","modified_gmt":"2025-01-10T20:32:23","slug":"distinguen-como-ciudadanos-ilustres-a-jovenes-ayseninos-puntajes-nacionales","status":"publish","type":"post","link":"https:\/\/radiorevelacionfm.cl\/?p=49529","title":{"rendered":"Distinguen como Ciudadanos Ilustres a j\u00f3venes ayseninos puntajes nacionales"},"content":{"rendered":"<div class=\"flex_column av_one_full  flex_column_div av-zero-column-padding first  avia-builder-el-0  el_before_av_one_full  avia-builder-el-first  \" style='border-radius:0px; '><div  class='avia-image-container  av-styling-    avia-builder-el-1  avia-builder-el-no-sibling  avia-align-center '  itemprop=\"image\" itemscope=\"itemscope\" itemtype=\"https:\/\/schema.org\/ImageObject\"  ><div class='avia-image-container-inner'><div class='avia-image-overlay-wrap'><img decoding=\"async\" class='wp-image-49530 avia-img-lazy-loading-not-49530 avia_image' src=\"https:\/\/radiorevelacionfm.cl\/wp-content\/uploads\/2025\/01\/img_8760-2-1_optimized-1.jpg\" alt='' title='img_8760-(2)-(1)_optimized (1)' height=\"600\" width=\"943\"  itemprop=\"thumbnailUrl\" srcset=\"https:\/\/radiorevelacionfm.cl\/wp-content\/uploads\/2025\/01\/img_8760-2-1_optimized-1.jpg 943w, https:\/\/radiorevelacionfm.cl\/wp-content\/uploads\/2025\/01\/img_8760-2-1_optimized-1-300x191.jpg 300w, https:\/\/radiorevelacionfm.cl\/wp-content\/uploads\/2025\/01\/img_8760-2-1_optimized-1-768x489.jpg 768w, https:\/\/radiorevelacionfm.cl\/wp-content\/uploads\/2025\/01\/img_8760-2-1_optimized-1-705x449.jpg 705w, https:\/\/radiorevelacionfm.cl\/wp-content\/uploads\/2025\/01\/img_8760-2-1_optimized-1-450x286.jpg 450w, https:\/\/radiorevelacionfm.cl\/wp-content\/uploads\/2025\/01\/img_8760-2-1_optimized-1-600x382.jpg 600w\" sizes=\"(max-width: 943px) 100vw, 943px\" \/><\/div><\/div><\/div><\/div><div class=\"flex_column av_one_full  flex_column_div av-zero-column-padding first  avia-builder-el-2  el_after_av_one_full  el_before_av_one_full  column-top-margin\" style='border-radius:0px; '><section class=\"av_textblock_section \"  itemscope=\"itemscope\" itemtype=\"https:\/\/schema.org\/BlogPosting\" itemprop=\"blogPost\" ><div class='avia_textblock  '   itemprop=\"text\" ><p style=\"text-align: center;\"><strong><span style=\"font-size: 18pt;\">Distinguen como Ciudadanos Ilustres a j\u00f3venes ayseninos puntajes nacionales<\/span><\/strong><\/p>\n<div id=\"gtx-trans\" style=\"position: absolute; left: -50px; top: 4.31534px;\">\n<div class=\"gtx-trans-icon\"><\/div>\n<\/div>\n<\/div><\/section><\/div><div class=\"flex_column av_one_full  flex_column_div av-zero-column-padding first  avia-builder-el-4  el_after_av_one_full  el_before_av_hr  column-top-margin\" style='border-radius:0px; '><section class=\"av_textblock_section \"  itemscope=\"itemscope\" itemtype=\"https:\/\/schema.org\/BlogPosting\" itemprop=\"blogPost\" ><div class='avia_textblock  '   itemprop=\"text\" ><p style=\"text-align: justify;\"><em>Hace unos d\u00edas se dieron a conocer los resultados de la Prueba de Acceso a la Educaci\u00f3n Superior; PAES, y en la comuna de Ays\u00e9n se llevaron la agradable noticia de que dos estudiantes de la zona lograron el puntaje m\u00e1ximo en la prueba nacional. Por lo cual, el concejo de Ays\u00e9n tom\u00f3 la determinaci\u00f3n de hacerles el mayor reconocimiento que una municipalidad puede otorgar a un ciudadano.<\/em><\/p>\n<p style=\"text-align: justify;\">La ceremonia fue celebrada en contexto una sesi\u00f3n de Concejo Municipal, con la familia de los destacados presentes, los cuales recibieron la distinci\u00f3n a trav\u00e9s de un medall\u00f3n que los declara como \u201cCiudadano Ilustre de Ays\u00e9n\u201d a los j\u00f3venes Sebasti\u00e1n Millalonco Millalonco; egresado del Colegio Santa Teresa de los Andes, Juan Sep\u00falveda Alvarado; licenciado del Liceo San Jos\u00e9 UR.<\/p>\n<p style=\"text-align: justify;\">La decisi\u00f3n del Concejo viene del hecho de que los j\u00f3venes obtuvieron un puntaje perfecto en una prueba que hacen m\u00e1s de 250 mil estudiantes y que solo 1.873 lograron tener un puntaje nacional entre las 346 comunas del pa\u00eds y que Ays\u00e9n tenga a dos exponentes, dejan en lo alto el nombre de la localidad. Adem\u00e1s, ambos se destacan personalmente por ser deportistas, buenos compa\u00f1eros y dedicados estudiantes buscar\u00e1n la primera generaci\u00f3n en sus familias con un t\u00edtulo universitario.<\/p>\n<p style=\"text-align: justify;\">Juan Sep\u00falveda dio su impresi\u00f3n luego de la ceremonia, \u201cno esperaba un reconocimiento tan grande. Fue hermosa la noticia, venir ac\u00e1 y que todos nos recibieran de esa manera, los aplausos y las palabras de cada concejal. Es bastante bueno que reconozcan a los estudiantes y el esfuerzo que tiene cada uno; he visto muchos alumnos y la manera en la que se preparan todos los d\u00edas para poder obtener buenos resultados, merece un reconocimiento como tal. Y en parte tambi\u00e9n, como dijo una concejala, es un incentivo para que el resto de alumnos tambi\u00e9n consigan buenos resultados\u201d.<\/p>\n<p style=\"text-align: justify;\">La t\u00eda de Sebastian Millalonco, Rosa Ch\u00e1vez, no contuvo la emoci\u00f3n y coment\u00f3, en nombre de la familia, el sentir despu\u00e9s tan importante reconocimiento, \u201cagradecer al Concejo Municipal por haberlos hecho Ciudadanos Ilustre de Ays\u00e9n, eso habla del compromiso con la educaci\u00f3n. El estudio nunca debe faltar, puesto que los ni\u00f1os de ac\u00e1 tienen una gran capacidad\u201d.<\/p>\n<p style=\"text-align: justify;\">\u201cDesearles a Sebasti\u00e1n y Juan que les vaya muy bien, que a ellos logren sacar ese t\u00edtulo que anhelan y que todos los j\u00f3venes Ays\u00e9n, independiente de que salgan de la regi\u00f3n o se queden, les vaya excelente y que la educaci\u00f3n siga cada d\u00eda m\u00e1s arriba. Todos los ayseninos que estamos en este conf\u00edn de la tierra se merecen tener triunfos tan grandes como estos\u201d, finaliz\u00f3 la Rosa Chaves.<\/p>\n<p style=\"text-align: justify;\">Por su lado, Sebasti\u00e1n Millalonco habl\u00f3 sobre lo que significa ser un puntaje nacional y de c\u00f3mo pudo serlo, \u201cm\u00e1s que un resultado personal, es un logro de la comunidad escolar y de toda la gente que nos ha rodeado en todos estos a\u00f1os, la familia, los amigos, los profesores; hay un porcentaje de esfuerzo propio, pero la gran mayor\u00eda es gracias al esfuerzo de las dem\u00e1s personas que me han nos ayudado. Y personalmente, lo que m\u00e1s me sirvi\u00f3 fue encontrarle el gusto al estudio, aunque no se va a creer, se puede hacer\u201d.<\/p>\n<p style=\"text-align: justify;\">Igualmente Millalonco hizo un llamado a todos sus pares que no se rindan si no obtuvieron los resultados esperados, \u201cno hay que desmotivarse si en la PAES le fue mal con los puntajes, no pudieron entrar a la carrera que quieren porque todav\u00eda quedan m\u00e1s posibilidades, hay m\u00e1s oportunidades para sacar un mejor puntaje u otra opci\u00f3n\u201d.<\/p>\n<\/div><\/section><\/div><div  style='height:50px' class='hr hr-invisible   avia-builder-el-6  el_after_av_one_full  el_before_av_social_share '><span class='hr-inner ' ><span class='hr-inner-style'><\/span><\/span><\/div><\/p>\n<div  class='av-social-sharing-box  avia-builder-el-7  el_after_av_hr  el_before_av_hr  '><div class='av-share-box'><h5 class='av-share-link-description av-no-toc '>Compartir esta noticia<\/h5><ul class='av-share-box-list noLightbox'><li class='av-share-link av-social-link-facebook' ><a target=\"_blank\" aria-label=\"Compartir en Facebook\" href='https:\/\/www.facebook.com\/sharer.php?u=https:\/\/radiorevelacionfm.cl\/?p=49529&#038;t=Distinguen%20como%20Ciudadanos%20Ilustres%20a%20j%C3%B3venes%20ayseninos%20puntajes%20nacionales' aria-hidden='false' data-av_icon='\ue8f3' data-av_iconfont='entypo-fontello' title='' data-avia-related-tooltip='Compartir en Facebook' rel=\"noopener\"><span class='avia_hidden_link_text'>Compartir en Facebook<\/span><\/a><\/li><li class='av-share-link av-social-link-twitter' ><a target=\"_blank\" aria-label=\"Compartir en Twitter\" href='https:\/\/twitter.com\/share?text=Distinguen%20como%20Ciudadanos%20Ilustres%20a%20j%C3%B3venes%20ayseninos%20puntajes%20nacionales&#038;url=https:\/\/radiorevelacionfm.cl\/?p=49529' aria-hidden='false' data-av_icon='\ue8f1' data-av_iconfont='entypo-fontello' title='' data-avia-related-tooltip='Compartir en Twitter' rel=\"noopener\"><span class='avia_hidden_link_text'>Compartir en Twitter<\/span><\/a><\/li><li class='av-share-link av-social-link-whatsapp' ><a target=\"_blank\" aria-label=\"Compartir en Whatsapp\" href='https:\/\/api.whatsapp.com\/send?text=https:\/\/radiorevelacionfm.cl\/?p=49529' aria-hidden='false' data-av_icon='\uf232' data-av_iconfont='entypo-fontello' title='' data-avia-related-tooltip='Compartir en Whatsapp' rel=\"noopener\"><span class='avia_hidden_link_text'>Compartir en Whatsapp<\/span><\/a><\/li><li class='av-share-link av-social-link-linkedin' ><a target=\"_blank\" aria-label=\"Compartir en LinkedIn\" href='https:\/\/linkedin.com\/shareArticle?mini=true&#038;title=Distinguen%20como%20Ciudadanos%20Ilustres%20a%20j%C3%B3venes%20ayseninos%20puntajes%20nacionales&#038;url=https:\/\/radiorevelacionfm.cl\/?p=49529' aria-hidden='false' data-av_icon='\ue8fc' data-av_iconfont='entypo-fontello' title='' data-avia-related-tooltip='Compartir en LinkedIn' rel=\"noopener\"><span class='avia_hidden_link_text'>Compartir en LinkedIn<\/span><\/a><\/li><li class='av-share-link av-social-link-mail' ><a  aria-label=\"Compartir por correo\" href='mailto:?subject=Distinguen%20como%20Ciudadanos%20Ilustres%20a%20j%C3%B3venes%20ayseninos%20puntajes%20nacionales&#038;body=https:\/\/radiorevelacionfm.cl\/?p=49529' aria-hidden='false' data-av_icon='\ue805' data-av_iconfont='entypo-fontello' title='' data-avia-related-tooltip='Compartir por correo'><span class='avia_hidden_link_text'>Compartir por correo<\/span><\/a><\/li><\/ul><\/div><\/div>\n<div  style='height:50px' class='hr hr-invisible   avia-builder-el-8  el_after_av_social_share  el_before_av_comments_list '><span class='hr-inner ' ><span class='hr-inner-style'><\/span><\/span><\/div>\n<div  class='av-buildercomment  av-blog-meta-html-info-disabled av-blog-meta-tag-disabled  '><\/div>\n","protected":false},"excerpt":{"rendered":"","protected":false},"author":1,"featured_media":49530,"comment_status":"open","ping_status":"open","sticky":false,"template":"","format":"standard","meta":{"footnotes":""},"categories":[38],"tags":[],"class_list":["post-49529","post","type-post","status-publish","format-standard","has-post-thumbnail","hentry","category-regional"],"jetpack_featured_media_url":"https:\/\/radiorevelacionfm.cl\/wp-content\/uploads\/2025\/01\/img_8760-2-1_optimized-1.jpg","_links":{"self":[{"href":"https:\/\/radiorevelacionfm.cl\/index.php?rest_route=\/wp\/v2\/posts\/49529","targetHints":{"allow":["GET"]}}],"collection":[{"href":"https:\/\/radiorevelacionfm.cl\/index.php?rest_route=\/wp\/v2\/posts"}],"about":[{"href":"https:\/\/radiorevelacionfm.cl\/index.php?rest_route=\/wp\/v2\/types\/post"}],"author":[{"embeddable":true,"href":"https:\/\/radiorevelacionfm.cl\/index.php?rest_route=\/wp\/v2\/users\/1"}],"replies":[{"embeddable":true,"href":"https:\/\/radiorevelacionfm.cl\/index.php?rest_route=%2Fwp%2Fv2%2Fcomments&post=49529"}],"version-history":[{"count":1,"href":"https:\/\/radiorevelacionfm.cl\/index.php?rest_route=\/wp\/v2\/posts\/49529\/revisions"}],"predecessor-version":[{"id":49531,"href":"https:\/\/radiorevelacionfm.cl\/index.php?rest_route=\/wp\/v2\/posts\/49529\/revisions\/49531"}],"wp:featuredmedia":[{"embeddable":true,"href":"https:\/\/radiorevelacionfm.cl\/index.php?rest_route=\/wp\/v2\/media\/49530"}],"wp:attachment":[{"href":"https:\/\/radiorevelacionfm.cl\/index.php?rest_route=%2Fwp%2Fv2%2Fmedia&parent=49529"}],"wp:term":[{"taxonomy":"category","embeddable":true,"href":"https:\/\/radiorevelacionfm.cl\/index.php?rest_route=%2Fwp%2Fv2%2Fcategories&post=49529"},{"taxonomy":"post_tag","embeddable":true,"href":"https:\/\/radiorevelacionfm.cl\/index.php?rest_route=%2Fwp%2Fv2%2Ftags&post=49529"}],"curies":[{"name":"wp","href":"https:\/\/api.w.org\/{rel}","templated":true}]}}