{"id":49525,"date":"2025-01-11T12:35:28","date_gmt":"2025-01-11T15:35:28","guid":{"rendered":"https:\/\/radiorevelacionfm.cl\/?p=49525"},"modified":"2025-01-11T12:35:28","modified_gmt":"2025-01-11T15:35:28","slug":"programa-pace-uaysen-fortalece-vinculos-con-establecimientos-educativos-y-proyecta-desafios-para-2025","status":"publish","type":"post","link":"https:\/\/radiorevelacionfm.cl\/?p=49525","title":{"rendered":"Programa PACE UAys\u00e9n fortalece v\u00ednculos con establecimientos educativos y proyecta desaf\u00edos para 2025"},"content":{"rendered":"<div class=\"flex_column av_one_full  flex_column_div av-zero-column-padding first  avia-builder-el-0  el_before_av_one_full  avia-builder-el-first  \" style='border-radius:0px; '><div  class='avia-image-container  av-styling-    avia-builder-el-1  avia-builder-el-no-sibling  avia-align-center '  itemprop=\"image\" itemscope=\"itemscope\" itemtype=\"https:\/\/schema.org\/ImageObject\"  ><div class='avia-image-container-inner'><div class='avia-image-overlay-wrap'><img decoding=\"async\" class='wp-image-49526 avia-img-lazy-loading-not-49526 avia_image' src=\"https:\/\/radiorevelacionfm.cl\/wp-content\/uploads\/2025\/01\/PACE3-1-1.jpeg\" alt='' title='PACE3 (1) (1)' height=\"600\" width=\"898\"  itemprop=\"thumbnailUrl\" srcset=\"https:\/\/radiorevelacionfm.cl\/wp-content\/uploads\/2025\/01\/PACE3-1-1.jpeg 898w, https:\/\/radiorevelacionfm.cl\/wp-content\/uploads\/2025\/01\/PACE3-1-1-300x200.jpeg 300w, https:\/\/radiorevelacionfm.cl\/wp-content\/uploads\/2025\/01\/PACE3-1-1-768x513.jpeg 768w, https:\/\/radiorevelacionfm.cl\/wp-content\/uploads\/2025\/01\/PACE3-1-1-705x471.jpeg 705w, https:\/\/radiorevelacionfm.cl\/wp-content\/uploads\/2025\/01\/PACE3-1-1-450x301.jpeg 450w, https:\/\/radiorevelacionfm.cl\/wp-content\/uploads\/2025\/01\/PACE3-1-1-600x401.jpeg 600w\" sizes=\"(max-width: 898px) 100vw, 898px\" \/><\/div><\/div><\/div><\/div><div class=\"flex_column av_one_full  flex_column_div av-zero-column-padding first  avia-builder-el-2  el_after_av_one_full  el_before_av_one_full  column-top-margin\" style='border-radius:0px; '><section class=\"av_textblock_section \"  itemscope=\"itemscope\" itemtype=\"https:\/\/schema.org\/BlogPosting\" itemprop=\"blogPost\" ><div class='avia_textblock  '   itemprop=\"text\" ><p style=\"text-align: center;\"><strong><span style=\"font-size: 18pt;\">Programa PACE UAys\u00e9n fortalece v\u00ednculos con establecimientos educativos y proyecta desaf\u00edos para 2025<\/span><\/strong><\/p>\n<div id=\"gtx-trans\" style=\"position: absolute; left: -50px; top: 4.31534px;\">\n<div class=\"gtx-trans-icon\"><\/div>\n<\/div>\n<\/div><\/section><\/div><div class=\"flex_column av_one_full  flex_column_div av-zero-column-padding first  avia-builder-el-4  el_after_av_one_full  el_before_av_hr  column-top-margin\" style='border-radius:0px; '><section class=\"av_textblock_section \"  itemscope=\"itemscope\" itemtype=\"https:\/\/schema.org\/BlogPosting\" itemprop=\"blogPost\" ><div class='avia_textblock  '   itemprop=\"text\" ><p dir=\"ltr\" style=\"text-align: justify;\">El Programa de Acompa\u00f1amiento y Acceso a la Educaci\u00f3n Superior (PACE) de la Universidad de Ays\u00e9n realiz\u00f3 su jornada de cierre correspondiente al a\u00f1o 2024 y proyecciones y desaf\u00edos para 2025. Durante el evento, llevado a cabo en el Campus Lillo de Coyhaique, se presentaron los logros del programa, que trabaja con siete liceos de la regi\u00f3n: Liceo Eusebio Ibar de La Junta, Liceo Ma\u00f1ihuales, Liceo Ra\u00fal Broussain, Liceo Ricardo Navarrete, Liceo Bicentenario Agr\u00edcola, Liceo Bicentenarios Altos del Mackay y Liceo Pioneros del Sur de Villa O&#8217;Higgins.<\/p>\n<p dir=\"ltr\" style=\"text-align: justify;\">El evento, que incluy\u00f3 un desayuno y una presentaci\u00f3n de resultados, sirvi\u00f3 para compartir cifras, actividades realizadas y los impactos del programa en las comunidades educativas. Asimismo, se present\u00f3 el Plan de Trabajo 2025 y se entregaron reconocimientos a profesores, acad\u00e9micos de la universidad e instituciones colaboradoras por su compromiso con el programa.<\/p>\n<p dir=\"ltr\" style=\"text-align: justify;\">Marco Vega,Director General Acad\u00e9mico UAys\u00e9n, destac\u00f3:\u00a0\u00abQuiero agradecer al equipo de la Universidad de Ays\u00e9n, a los colaboradores y a los liceos asociados por su trabajo durante este a\u00f1o. Este programa, que es una pol\u00edtica p\u00fablica nacional, ha generado un tremendo impacto en nuestros estudiantes. Para 2025, seguiremos trabajando en habilidades para el siglo XXI, el acompa\u00f1amiento en la postulaci\u00f3n al FUAS y la preparaci\u00f3n para la PAES. Esta jornada es una oportunidad para evaluar y planificar con miras al futuro.\u00bb<\/p>\n<p dir=\"ltr\" style=\"text-align: justify;\">Por su parte, David V\u00e1squez,Coordinador PACE\u00a0 de la Universidad de Ays\u00e9n, enfatiz\u00f3 el rol colaborativo del programa:\u00a0\u00abHemos conformado una comunidad de aprendizaje enriquecedora que nos ha permitido brindar orientaci\u00f3n vocacional y apoyo a los estudiantes de tercero y cuarto medio en su ingreso a la educaci\u00f3n superior. Estamos felices de haber implementado esta pol\u00edtica p\u00fablica con \u00e9xito y entusiasmo.\u00bb<\/p>\n<p dir=\"ltr\" style=\"text-align: justify;\">El impacto del programa fue resaltado por los representantes de los liceos participantes. Juan Varela Barr\u00eda, Coordinador de Ense\u00f1anza Media T\u00e9cnico Profesional del Liceo T\u00e9cnico Profesional Profesor Ricardo Navarrete Barr\u00eda, subray\u00f3:\u00a0\u00abEl PACE ha sido una tremenda fortaleza para nuestros estudiantes. En nuestro liceo, donde las expectativas no iban m\u00e1s all\u00e1 del cuarto medio, hemos pasado de un 20% de inscripci\u00f3n en la PAES en 2018 a un 80% este a\u00f1o. Esto demuestra c\u00f3mo el programa ha motivado y fortalecido la autoestima acad\u00e9mica de nuestros alumnos.\u00bb<\/p>\n<p dir=\"ltr\" style=\"text-align: justify;\">Por su parte, Ra\u00fal Mart\u00ednez, Coordinador del PACE de la Secretar\u00eda Regional Ministerial de Educaci\u00f3n, destac\u00f3 la importancia del programa:\u00a0\u00abEste programa ha sido fundamental para desarrollar las l\u00edneas de trabajo en los liceos, desde el acompa\u00f1amiento en tercero y cuarto medio hasta el acceso y permanencia en la educaci\u00f3n superior. Adem\u00e1s, ha fortalecido la vinculaci\u00f3n entre el Ministerio de Educaci\u00f3n y las universidades, generando oportunidades para los estudiantes de nuestra regi\u00f3n.\u00bb<\/p>\n<p dir=\"ltr\" style=\"text-align: justify;\">El PACE UAys\u00e9n continuar\u00e1 trabajando en 2025 para expandir su impacto, integrando nuevos actores del sistema educativo regional y fortaleciendo sus l\u00edneas de acci\u00f3n para asegurar que m\u00e1s estudiantes de la regi\u00f3n de Ays\u00e9n accedan y permanezcan en la educaci\u00f3n superior.<\/p>\n<\/div><\/section><\/div><div  style='height:50px' class='hr hr-invisible   avia-builder-el-6  el_after_av_one_full  el_before_av_social_share '><span class='hr-inner ' ><span class='hr-inner-style'><\/span><\/span><\/div><\/p>\n<div  class='av-social-sharing-box  avia-builder-el-7  el_after_av_hr  el_before_av_hr  '><div class='av-share-box'><h5 class='av-share-link-description av-no-toc '>Compartir esta noticia<\/h5><ul class='av-share-box-list noLightbox'><li class='av-share-link av-social-link-facebook' ><a target=\"_blank\" aria-label=\"Compartir en Facebook\" href='https:\/\/www.facebook.com\/sharer.php?u=https:\/\/radiorevelacionfm.cl\/?p=49525&#038;t=Programa%20PACE%20UAys%C3%A9n%20fortalece%20v%C3%ADnculos%20con%20establecimientos%20educativos%20y%20proyecta%20desaf%C3%ADos%20para%202025' aria-hidden='false' data-av_icon='\ue8f3' data-av_iconfont='entypo-fontello' title='' data-avia-related-tooltip='Compartir en Facebook' rel=\"noopener\"><span class='avia_hidden_link_text'>Compartir en Facebook<\/span><\/a><\/li><li class='av-share-link av-social-link-twitter' ><a target=\"_blank\" aria-label=\"Compartir en Twitter\" href='https:\/\/twitter.com\/share?text=Programa%20PACE%20UAys%C3%A9n%20fortalece%20v%C3%ADnculos%20con%20establecimientos%20educativos%20y%20proyecta%20desaf%C3%ADos%20para%202025&#038;url=https:\/\/radiorevelacionfm.cl\/?p=49525' aria-hidden='false' data-av_icon='\ue8f1' data-av_iconfont='entypo-fontello' title='' data-avia-related-tooltip='Compartir en Twitter' rel=\"noopener\"><span class='avia_hidden_link_text'>Compartir en Twitter<\/span><\/a><\/li><li class='av-share-link av-social-link-whatsapp' ><a target=\"_blank\" aria-label=\"Compartir en Whatsapp\" href='https:\/\/api.whatsapp.com\/send?text=https:\/\/radiorevelacionfm.cl\/?p=49525' aria-hidden='false' data-av_icon='\uf232' data-av_iconfont='entypo-fontello' title='' data-avia-related-tooltip='Compartir en Whatsapp' rel=\"noopener\"><span class='avia_hidden_link_text'>Compartir en Whatsapp<\/span><\/a><\/li><li class='av-share-link av-social-link-linkedin' ><a target=\"_blank\" aria-label=\"Compartir en LinkedIn\" href='https:\/\/linkedin.com\/shareArticle?mini=true&#038;title=Programa%20PACE%20UAys%C3%A9n%20fortalece%20v%C3%ADnculos%20con%20establecimientos%20educativos%20y%20proyecta%20desaf%C3%ADos%20para%202025&#038;url=https:\/\/radiorevelacionfm.cl\/?p=49525' aria-hidden='false' data-av_icon='\ue8fc' data-av_iconfont='entypo-fontello' title='' data-avia-related-tooltip='Compartir en LinkedIn' rel=\"noopener\"><span class='avia_hidden_link_text'>Compartir en LinkedIn<\/span><\/a><\/li><li class='av-share-link av-social-link-mail' ><a  aria-label=\"Compartir por correo\" href='mailto:?subject=Programa%20PACE%20UAys%C3%A9n%20fortalece%20v%C3%ADnculos%20con%20establecimientos%20educativos%20y%20proyecta%20desaf%C3%ADos%20para%202025&#038;body=https:\/\/radiorevelacionfm.cl\/?p=49525' aria-hidden='false' data-av_icon='\ue805' data-av_iconfont='entypo-fontello' title='' data-avia-related-tooltip='Compartir por correo'><span class='avia_hidden_link_text'>Compartir por correo<\/span><\/a><\/li><\/ul><\/div><\/div>\n<div  style='height:50px' class='hr hr-invisible   avia-builder-el-8  el_after_av_social_share  el_before_av_comments_list '><span class='hr-inner ' ><span class='hr-inner-style'><\/span><\/span><\/div>\n<div  class='av-buildercomment  av-blog-meta-html-info-disabled av-blog-meta-tag-disabled  '><\/div>\n","protected":false},"excerpt":{"rendered":"","protected":false},"author":1,"featured_media":49526,"comment_status":"open","ping_status":"open","sticky":false,"template":"","format":"standard","meta":{"footnotes":""},"categories":[49],"tags":[],"class_list":["post-49525","post","type-post","status-publish","format-standard","has-post-thumbnail","hentry","category-educacion"],"jetpack_featured_media_url":"https:\/\/radiorevelacionfm.cl\/wp-content\/uploads\/2025\/01\/PACE3-1-1.jpeg","_links":{"self":[{"href":"https:\/\/radiorevelacionfm.cl\/index.php?rest_route=\/wp\/v2\/posts\/49525","targetHints":{"allow":["GET"]}}],"collection":[{"href":"https:\/\/radiorevelacionfm.cl\/index.php?rest_route=\/wp\/v2\/posts"}],"about":[{"href":"https:\/\/radiorevelacionfm.cl\/index.php?rest_route=\/wp\/v2\/types\/post"}],"author":[{"embeddable":true,"href":"https:\/\/radiorevelacionfm.cl\/index.php?rest_route=\/wp\/v2\/users\/1"}],"replies":[{"embeddable":true,"href":"https:\/\/radiorevelacionfm.cl\/index.php?rest_route=%2Fwp%2Fv2%2Fcomments&post=49525"}],"version-history":[{"count":1,"href":"https:\/\/radiorevelacionfm.cl\/index.php?rest_route=\/wp\/v2\/posts\/49525\/revisions"}],"predecessor-version":[{"id":49527,"href":"https:\/\/radiorevelacionfm.cl\/index.php?rest_route=\/wp\/v2\/posts\/49525\/revisions\/49527"}],"wp:featuredmedia":[{"embeddable":true,"href":"https:\/\/radiorevelacionfm.cl\/index.php?rest_route=\/wp\/v2\/media\/49526"}],"wp:attachment":[{"href":"https:\/\/radiorevelacionfm.cl\/index.php?rest_route=%2Fwp%2Fv2%2Fmedia&parent=49525"}],"wp:term":[{"taxonomy":"category","embeddable":true,"href":"https:\/\/radiorevelacionfm.cl\/index.php?rest_route=%2Fwp%2Fv2%2Fcategories&post=49525"},{"taxonomy":"post_tag","embeddable":true,"href":"https:\/\/radiorevelacionfm.cl\/index.php?rest_route=%2Fwp%2Fv2%2Ftags&post=49525"}],"curies":[{"name":"wp","href":"https:\/\/api.w.org\/{rel}","templated":true}]}}