{"id":49522,"date":"2025-01-11T12:29:04","date_gmt":"2025-01-11T15:29:04","guid":{"rendered":"https:\/\/radiorevelacionfm.cl\/?p=49522"},"modified":"2025-01-11T12:29:04","modified_gmt":"2025-01-11T15:29:04","slug":"invitan-a-la-presentacion-del-libro-caminos-que-ensenan-memorias-de-una-vuelta-al-mundo","status":"publish","type":"post","link":"https:\/\/radiorevelacionfm.cl\/?p=49522","title":{"rendered":"Invitan a la presentaci\u00f3n del libro \u00abCaminos que ense\u00f1an: memorias de una vuelta al mundo\u00bb"},"content":{"rendered":"<div class=\"flex_column av_one_full  flex_column_div av-zero-column-padding first  avia-builder-el-0  el_before_av_one_full  avia-builder-el-first  \" style='border-radius:0px; '><div  class='avia-image-container  av-styling-    avia-builder-el-1  avia-builder-el-no-sibling  avia-align-center '  itemprop=\"image\" itemscope=\"itemscope\" itemtype=\"https:\/\/schema.org\/ImageObject\"  ><div class='avia-image-container-inner'><div class='avia-image-overlay-wrap'><img decoding=\"async\" class='wp-image-49523 avia-img-lazy-loading-not-49523 avia_image' src=\"https:\/\/radiorevelacionfm.cl\/wp-content\/uploads\/2025\/01\/caminos-que-ensenan_1-1-1_optimized-1.jpg\" alt='' title='caminos-que-ense\u00f1an_1-(1)-(1)_optimized (1)' height=\"1000\" width=\"800\"  itemprop=\"thumbnailUrl\" srcset=\"https:\/\/radiorevelacionfm.cl\/wp-content\/uploads\/2025\/01\/caminos-que-ensenan_1-1-1_optimized-1.jpg 800w, https:\/\/radiorevelacionfm.cl\/wp-content\/uploads\/2025\/01\/caminos-que-ensenan_1-1-1_optimized-1-240x300.jpg 240w, https:\/\/radiorevelacionfm.cl\/wp-content\/uploads\/2025\/01\/caminos-que-ensenan_1-1-1_optimized-1-768x960.jpg 768w, https:\/\/radiorevelacionfm.cl\/wp-content\/uploads\/2025\/01\/caminos-que-ensenan_1-1-1_optimized-1-564x705.jpg 564w, https:\/\/radiorevelacionfm.cl\/wp-content\/uploads\/2025\/01\/caminos-que-ensenan_1-1-1_optimized-1-450x563.jpg 450w, https:\/\/radiorevelacionfm.cl\/wp-content\/uploads\/2025\/01\/caminos-que-ensenan_1-1-1_optimized-1-600x750.jpg 600w\" sizes=\"(max-width: 800px) 100vw, 800px\" \/><\/div><\/div><\/div><\/div><div class=\"flex_column av_one_full  flex_column_div av-zero-column-padding first  avia-builder-el-2  el_after_av_one_full  el_before_av_one_full  column-top-margin\" style='border-radius:0px; '><section class=\"av_textblock_section \"  itemscope=\"itemscope\" itemtype=\"https:\/\/schema.org\/BlogPosting\" itemprop=\"blogPost\" ><div class='avia_textblock  '   itemprop=\"text\" ><p style=\"text-align: center;\"><strong><span style=\"font-size: 18pt;\">Invitan a la presentaci\u00f3n del libro \u00abCaminos que ense\u00f1an: memorias de una vuelta al mundo\u00bb<\/span><\/strong><\/p>\n<div id=\"gtx-trans\" style=\"position: absolute; left: -50px; top: 4.31534px;\">\n<div class=\"gtx-trans-icon\"><\/div>\n<\/div>\n<\/div><\/section><\/div><div class=\"flex_column av_one_full  flex_column_div av-zero-column-padding first  avia-builder-el-4  el_after_av_one_full  el_before_av_hr  column-top-margin\" style='border-radius:0px; '><section class=\"av_textblock_section \"  itemscope=\"itemscope\" itemtype=\"https:\/\/schema.org\/BlogPosting\" itemprop=\"blogPost\" ><div class='avia_textblock  '   itemprop=\"text\" ><p style=\"text-align: justify;\">Invitan a la presentaci\u00f3n del libro \u00abCaminos que ense\u00f1an: memorias de una vuelta al mundo\u00bb, del autor y viajero Pablo Almonacid, quien estar\u00e1 en la Regi\u00f3n de Ays\u00e9n realizando una serie de presentaciones en algunas bibliotecas p\u00fablicas.<\/p>\n<p style=\"text-align: justify;\">Este libro narra la traves\u00eda de descubrimiento personal y cultural de su autor, quien recorre el mundo en busca de aprendizajes, historias y vivencias que dejan huella. Tendremos la oportunidad de conocer m\u00e1s sobre las experiencias que inspiraron cada p\u00e1gina, las an\u00e9cdotas que dan vida al libro, y c\u00f3mo cada rinc\u00f3n del mundo se convierte en un maestro de vida.<\/p>\n<p style=\"text-align: justify;\">Las jornadas incluir\u00e1n una conversaci\u00f3n con el autor y, por supuesto, la firma de ejemplares para quienes deseen llevarse un pedazo de este maravilloso viaje.<\/p>\n<p>Acompa\u00f1emos al autor en su ruta literaria:<\/p>\n<p><strong>Puerto Ays\u00e9n<\/strong><br \/>\nFecha: Martes 14 Enero 2025<br \/>\nHora: 16:00 hrs.<br \/>\nLugar: Biblioteca P\u00fablica de Puerto Ays\u00e9n<\/p>\n<p><strong>Coyhaique<\/strong><br \/>\nFecha: Mi\u00e9rcoles 15 Enero 2025<br \/>\nHora: 18:00 hrs.<br \/>\nLugar: Biblioteca Regional de Ays\u00e9n<\/p>\n<p><strong>Cochrane<\/strong><br \/>\nFecha: Martes 21 Enero 2025<br \/>\nHora: 19:00 hrs.<br \/>\nLugar: Biblioteca P\u00fablica de Cochrane<\/p>\n<p><strong>Caleta Tortel<\/strong><br \/>\nFecha: Jueves 23 Enero 2025<br \/>\nHora: por definir<br \/>\nLugar: Biblioteca P\u00fablica de Caleta Tortel<\/p>\n<\/div><\/section><\/div><div  style='height:50px' class='hr hr-invisible   avia-builder-el-6  el_after_av_one_full  el_before_av_social_share '><span class='hr-inner ' ><span class='hr-inner-style'><\/span><\/span><\/div><\/p>\n<div  class='av-social-sharing-box  avia-builder-el-7  el_after_av_hr  el_before_av_hr  '><div class='av-share-box'><h5 class='av-share-link-description av-no-toc '>Compartir esta noticia<\/h5><ul class='av-share-box-list noLightbox'><li class='av-share-link av-social-link-facebook' ><a target=\"_blank\" aria-label=\"Compartir en Facebook\" href='https:\/\/www.facebook.com\/sharer.php?u=https:\/\/radiorevelacionfm.cl\/?p=49522&#038;t=Invitan%20a%20la%20presentaci%C3%B3n%20del%20libro%20%C2%ABCaminos%20que%20ense%C3%B1an%3A%20memorias%20de%20una%20vuelta%20al%20mundo%C2%BB' aria-hidden='false' data-av_icon='\ue8f3' data-av_iconfont='entypo-fontello' title='' data-avia-related-tooltip='Compartir en Facebook' rel=\"noopener\"><span class='avia_hidden_link_text'>Compartir en Facebook<\/span><\/a><\/li><li class='av-share-link av-social-link-twitter' ><a target=\"_blank\" aria-label=\"Compartir en Twitter\" href='https:\/\/twitter.com\/share?text=Invitan%20a%20la%20presentaci%C3%B3n%20del%20libro%20%C2%ABCaminos%20que%20ense%C3%B1an%3A%20memorias%20de%20una%20vuelta%20al%20mundo%C2%BB&#038;url=https:\/\/radiorevelacionfm.cl\/?p=49522' aria-hidden='false' data-av_icon='\ue8f1' data-av_iconfont='entypo-fontello' title='' data-avia-related-tooltip='Compartir en Twitter' rel=\"noopener\"><span class='avia_hidden_link_text'>Compartir en Twitter<\/span><\/a><\/li><li class='av-share-link av-social-link-whatsapp' ><a target=\"_blank\" aria-label=\"Compartir en Whatsapp\" href='https:\/\/api.whatsapp.com\/send?text=https:\/\/radiorevelacionfm.cl\/?p=49522' aria-hidden='false' data-av_icon='\uf232' data-av_iconfont='entypo-fontello' title='' data-avia-related-tooltip='Compartir en Whatsapp' rel=\"noopener\"><span class='avia_hidden_link_text'>Compartir en Whatsapp<\/span><\/a><\/li><li class='av-share-link av-social-link-linkedin' ><a target=\"_blank\" aria-label=\"Compartir en LinkedIn\" href='https:\/\/linkedin.com\/shareArticle?mini=true&#038;title=Invitan%20a%20la%20presentaci%C3%B3n%20del%20libro%20%C2%ABCaminos%20que%20ense%C3%B1an%3A%20memorias%20de%20una%20vuelta%20al%20mundo%C2%BB&#038;url=https:\/\/radiorevelacionfm.cl\/?p=49522' aria-hidden='false' data-av_icon='\ue8fc' data-av_iconfont='entypo-fontello' title='' data-avia-related-tooltip='Compartir en LinkedIn' rel=\"noopener\"><span class='avia_hidden_link_text'>Compartir en LinkedIn<\/span><\/a><\/li><li class='av-share-link av-social-link-mail' ><a  aria-label=\"Compartir por correo\" href='mailto:?subject=Invitan%20a%20la%20presentaci%C3%B3n%20del%20libro%20%C2%ABCaminos%20que%20ense%C3%B1an%3A%20memorias%20de%20una%20vuelta%20al%20mundo%C2%BB&#038;body=https:\/\/radiorevelacionfm.cl\/?p=49522' aria-hidden='false' data-av_icon='\ue805' data-av_iconfont='entypo-fontello' title='' data-avia-related-tooltip='Compartir por correo'><span class='avia_hidden_link_text'>Compartir por correo<\/span><\/a><\/li><\/ul><\/div><\/div>\n<div  style='height:50px' class='hr hr-invisible   avia-builder-el-8  el_after_av_social_share  el_before_av_comments_list '><span class='hr-inner ' ><span class='hr-inner-style'><\/span><\/span><\/div>\n<div  class='av-buildercomment  av-blog-meta-html-info-disabled av-blog-meta-tag-disabled  '><\/div>\n","protected":false},"excerpt":{"rendered":"","protected":false},"author":1,"featured_media":49523,"comment_status":"open","ping_status":"open","sticky":false,"template":"","format":"standard","meta":{"footnotes":""},"categories":[52],"tags":[],"class_list":["post-49522","post","type-post","status-publish","format-standard","has-post-thumbnail","hentry","category-cultura"],"jetpack_featured_media_url":"https:\/\/radiorevelacionfm.cl\/wp-content\/uploads\/2025\/01\/caminos-que-ensenan_1-1-1_optimized-1.jpg","_links":{"self":[{"href":"https:\/\/radiorevelacionfm.cl\/index.php?rest_route=\/wp\/v2\/posts\/49522","targetHints":{"allow":["GET"]}}],"collection":[{"href":"https:\/\/radiorevelacionfm.cl\/index.php?rest_route=\/wp\/v2\/posts"}],"about":[{"href":"https:\/\/radiorevelacionfm.cl\/index.php?rest_route=\/wp\/v2\/types\/post"}],"author":[{"embeddable":true,"href":"https:\/\/radiorevelacionfm.cl\/index.php?rest_route=\/wp\/v2\/users\/1"}],"replies":[{"embeddable":true,"href":"https:\/\/radiorevelacionfm.cl\/index.php?rest_route=%2Fwp%2Fv2%2Fcomments&post=49522"}],"version-history":[{"count":1,"href":"https:\/\/radiorevelacionfm.cl\/index.php?rest_route=\/wp\/v2\/posts\/49522\/revisions"}],"predecessor-version":[{"id":49524,"href":"https:\/\/radiorevelacionfm.cl\/index.php?rest_route=\/wp\/v2\/posts\/49522\/revisions\/49524"}],"wp:featuredmedia":[{"embeddable":true,"href":"https:\/\/radiorevelacionfm.cl\/index.php?rest_route=\/wp\/v2\/media\/49523"}],"wp:attachment":[{"href":"https:\/\/radiorevelacionfm.cl\/index.php?rest_route=%2Fwp%2Fv2%2Fmedia&parent=49522"}],"wp:term":[{"taxonomy":"category","embeddable":true,"href":"https:\/\/radiorevelacionfm.cl\/index.php?rest_route=%2Fwp%2Fv2%2Fcategories&post=49522"},{"taxonomy":"post_tag","embeddable":true,"href":"https:\/\/radiorevelacionfm.cl\/index.php?rest_route=%2Fwp%2Fv2%2Ftags&post=49522"}],"curies":[{"name":"wp","href":"https:\/\/api.w.org\/{rel}","templated":true}]}}