{"id":49520,"date":"2025-01-10T17:02:26","date_gmt":"2025-01-10T20:02:26","guid":{"rendered":"https:\/\/radiorevelacionfm.cl\/?p=49520"},"modified":"2025-01-10T17:02:26","modified_gmt":"2025-01-10T20:02:26","slug":"multigremial-de-aysen-avances-destacados-por-seremi-de-gobierno-no-reflejan-plenamente-la-realidad-que-vivimos-como-actores-economicos-y-sociales-en-el-territorio","status":"publish","type":"post","link":"https:\/\/radiorevelacionfm.cl\/?p=49520","title":{"rendered":"Multigremial de Ays\u00e9n: \u00abAvances destacados por Seremi de Gobierno no reflejan plenamente la realidad que vivimos como actores econ\u00f3micos y sociales en el territorio\u00bb"},"content":{"rendered":"<div class=\"flex_column av_one_full  flex_column_div av-zero-column-padding first  avia-builder-el-0  el_before_av_one_full  avia-builder-el-first  \" style='border-radius:0px; '><div  class='avia-image-container  av-styling-    avia-builder-el-1  avia-builder-el-no-sibling  avia-align-center '  itemprop=\"image\" itemscope=\"itemscope\" itemtype=\"https:\/\/schema.org\/ImageObject\"  ><div class='avia-image-container-inner'><div class='avia-image-overlay-wrap'><img decoding=\"async\" class='wp-image-48323 avia-img-lazy-loading-not-48323 avia_image' src=\"https:\/\/radiorevelacionfm.cl\/wp-content\/uploads\/2024\/11\/DAISSY-MONDELO-PDTA-CAMARA-DE-COMERCIO-COYHAIQUE-2-2-2.jpg\" alt='' title='DAISSY MONDELO, PDTA CAMARA DE COMERCIO COYHAIQUE-2-2-2' height=\"600\" width=\"890\"  itemprop=\"thumbnailUrl\" srcset=\"https:\/\/radiorevelacionfm.cl\/wp-content\/uploads\/2024\/11\/DAISSY-MONDELO-PDTA-CAMARA-DE-COMERCIO-COYHAIQUE-2-2-2.jpg 890w, https:\/\/radiorevelacionfm.cl\/wp-content\/uploads\/2024\/11\/DAISSY-MONDELO-PDTA-CAMARA-DE-COMERCIO-COYHAIQUE-2-2-2-300x202.jpg 300w, https:\/\/radiorevelacionfm.cl\/wp-content\/uploads\/2024\/11\/DAISSY-MONDELO-PDTA-CAMARA-DE-COMERCIO-COYHAIQUE-2-2-2-768x518.jpg 768w, https:\/\/radiorevelacionfm.cl\/wp-content\/uploads\/2024\/11\/DAISSY-MONDELO-PDTA-CAMARA-DE-COMERCIO-COYHAIQUE-2-2-2-705x475.jpg 705w, https:\/\/radiorevelacionfm.cl\/wp-content\/uploads\/2024\/11\/DAISSY-MONDELO-PDTA-CAMARA-DE-COMERCIO-COYHAIQUE-2-2-2-450x303.jpg 450w, https:\/\/radiorevelacionfm.cl\/wp-content\/uploads\/2024\/11\/DAISSY-MONDELO-PDTA-CAMARA-DE-COMERCIO-COYHAIQUE-2-2-2-600x404.jpg 600w\" sizes=\"(max-width: 890px) 100vw, 890px\" \/><\/div><\/div><\/div><\/div>\n<div class=\"flex_column av_one_full  flex_column_div av-zero-column-padding first  avia-builder-el-2  el_after_av_one_full  el_before_av_one_full  column-top-margin\" style='border-radius:0px; '><section class=\"av_textblock_section \"  itemscope=\"itemscope\" itemtype=\"https:\/\/schema.org\/BlogPosting\" itemprop=\"blogPost\" ><div class='avia_textblock  '   itemprop=\"text\" ><p style=\"text-align: center;\"><strong><span style=\"font-size: 18pt;\">Multigremial de Ays\u00e9n: \u00abAvances destacados por Seremi de Gobierno no reflejan plenamente la realidad que vivimos como actores econ\u00f3micos y sociales en el territorio\u00bb<\/span><\/strong><\/p>\n<div id=\"gtx-trans\" style=\"position: absolute; left: -50px; top: 4.31534px;\">\n<div class=\"gtx-trans-icon\"><\/div>\n<\/div>\n<\/div><\/section><\/div><div class=\"flex_column av_one_full  flex_column_div av-zero-column-padding first  avia-builder-el-4  el_after_av_one_full  el_before_av_hr  column-top-margin\" style='border-radius:0px; '><section class=\"av_textblock_section \"  itemscope=\"itemscope\" itemtype=\"https:\/\/schema.org\/BlogPosting\" itemprop=\"blogPost\" ><div class='avia_textblock  '   itemprop=\"text\" ><p style=\"text-align: justify;\">Ante las declaraciones de la Seremi de Gobierno, \u00darsula Mix, difundidas recientemente en los medios de comunicaci\u00f3n y que destacan los avances econ\u00f3micos y sociales en la Regi\u00f3n de Ays\u00e9n durante 2024, queremos expresar nuestra posici\u00f3n como representantes de los sectores productivos de la regi\u00f3n.<\/p>\n<p style=\"text-align: justify;\">En primer lugar, valoramos cualquier esfuerzo orientado a generar progreso para Ays\u00e9n, especialmente en contextos de adversidad como los que hemos enfrentado en los \u00faltimos a\u00f1os. Sin embargo, consideramos que los logros mencionados no reflejan plenamente la realidad que vivimos como actores econ\u00f3micos y sociales en el territorio.<\/p>\n<p style=\"text-align: justify;\">A pesar de los avances en ciertas \u00e1reas, es necesario reconocer que los diversos sectores productivos seguimos enfrentando m\u00faltiples y crecientes dificultades. Las expectativas generadas en torno a la inversi\u00f3n p\u00fablica, si bien son alentadoras en su planteamiento, a\u00fan no han tenido un impacto sustancial en nuestras actividades diarias ni en el desarrollo integral de la regi\u00f3n. Por el contrario, vemos que seguimos arrastrando problemas estructurales que limitan nuestra capacidad de crecimiento y competitividad.<\/p>\n<p style=\"text-align: justify;\">Hacemos un llamado enf\u00e1tico a las autoridades a ser m\u00e1s prudentes en sus an\u00e1lisis y declaraciones. Lejos de generar relatos triunfalistas, creemos que se requiere una mirada m\u00e1s cr\u00edtica y un compromiso renovado para enfrentar los desaf\u00edos pendientes. Es fundamental fortalecer el di\u00e1logo p\u00fablico-privado y priorizar medidas que permitan recuperar a\u00f1os perdidos en materia de inversi\u00f3n, desarrollo y crecimiento.<\/p>\n<p style=\"text-align: justify;\">Asimismo, instamos a dejar de lado enfoques refundacionales que han generado inestabilidad, alejado inversiones y puesto en riesgo la sostenibilidad de las actividades productivas. En su lugar, debemos trabajar en conjunto para construir un entorno de confianza, estabilidad y oportunidades que beneficie a toda la regi\u00f3n. Este desaf\u00edo requiere el liderazgo comprometido de las autoridades pol\u00edticas, los servicios p\u00fablicos y los funcionarios, quienes desempe\u00f1an un rol clave en la viabilidad de cualquier proyecto. Solo as\u00ed se garantizar\u00e1 que las buenas intenciones se traduzcan en resultados concretos, evitando que queden truncados por visiones o decisiones individuales del funcionario de turno.<\/p>\n<p style=\"text-align: justify;\">La Multigremial reitera su disposici\u00f3n para colaborar con las autoridades y todos los actores involucrados en la construcci\u00f3n de un futuro m\u00e1s pr\u00f3spero para Ays\u00e9n, basado en el esfuerzo colectivo, la planificaci\u00f3n estrat\u00e9gica y el respeto mutuo. La regi\u00f3n merece m\u00e1s que promesas; merece resultados concretos y sostenibles que respondan a las verdaderas necesidades de su gente.<\/p>\n<\/div><\/section><\/div><\/p>\n<div  style='height:50px' class='hr hr-invisible   avia-builder-el-6  el_after_av_one_full  el_before_av_social_share '><span class='hr-inner ' ><span class='hr-inner-style'><\/span><\/span><\/div>\n<div  class='av-social-sharing-box  avia-builder-el-7  el_after_av_hr  el_before_av_hr  '><div class='av-share-box'><h5 class='av-share-link-description av-no-toc '>Compartir esta noticia<\/h5><ul class='av-share-box-list noLightbox'><li class='av-share-link av-social-link-facebook' ><a target=\"_blank\" aria-label=\"Compartir en Facebook\" href='https:\/\/www.facebook.com\/sharer.php?u=https:\/\/radiorevelacionfm.cl\/?p=49520&#038;t=Multigremial%20de%20Ays%C3%A9n%3A%20%C2%ABAvances%20destacados%20por%20Seremi%20de%20Gobierno%20no%20reflejan%20plenamente%20la%20realidad%20que%20vivimos%20como%20actores%20econ%C3%B3micos%20y%20sociales%20en%20el%20territorio%C2%BB' aria-hidden='false' data-av_icon='\ue8f3' data-av_iconfont='entypo-fontello' title='' data-avia-related-tooltip='Compartir en Facebook' rel=\"noopener\"><span class='avia_hidden_link_text'>Compartir en Facebook<\/span><\/a><\/li><li class='av-share-link av-social-link-twitter' ><a target=\"_blank\" aria-label=\"Compartir en Twitter\" href='https:\/\/twitter.com\/share?text=Multigremial%20de%20Ays%C3%A9n%3A%20%C2%ABAvances%20destacados%20por%20Seremi%20de%20Gobierno%20no%20reflejan%20plenamente%20la%20realidad%20que%20vivimos%20como%20actores%20econ%C3%B3micos%20y%20sociales%20en%20el%20territorio%C2%BB&#038;url=https:\/\/radiorevelacionfm.cl\/?p=49520' aria-hidden='false' data-av_icon='\ue8f1' data-av_iconfont='entypo-fontello' title='' data-avia-related-tooltip='Compartir en Twitter' rel=\"noopener\"><span class='avia_hidden_link_text'>Compartir en Twitter<\/span><\/a><\/li><li class='av-share-link av-social-link-whatsapp' ><a target=\"_blank\" aria-label=\"Compartir en Whatsapp\" href='https:\/\/api.whatsapp.com\/send?text=https:\/\/radiorevelacionfm.cl\/?p=49520' aria-hidden='false' data-av_icon='\uf232' data-av_iconfont='entypo-fontello' title='' data-avia-related-tooltip='Compartir en Whatsapp' rel=\"noopener\"><span class='avia_hidden_link_text'>Compartir en Whatsapp<\/span><\/a><\/li><li class='av-share-link av-social-link-linkedin' ><a target=\"_blank\" aria-label=\"Compartir en LinkedIn\" href='https:\/\/linkedin.com\/shareArticle?mini=true&#038;title=Multigremial%20de%20Ays%C3%A9n%3A%20%C2%ABAvances%20destacados%20por%20Seremi%20de%20Gobierno%20no%20reflejan%20plenamente%20la%20realidad%20que%20vivimos%20como%20actores%20econ%C3%B3micos%20y%20sociales%20en%20el%20territorio%C2%BB&#038;url=https:\/\/radiorevelacionfm.cl\/?p=49520' aria-hidden='false' data-av_icon='\ue8fc' data-av_iconfont='entypo-fontello' title='' data-avia-related-tooltip='Compartir en LinkedIn' rel=\"noopener\"><span class='avia_hidden_link_text'>Compartir en LinkedIn<\/span><\/a><\/li><li class='av-share-link av-social-link-mail' ><a  aria-label=\"Compartir por correo\" href='mailto:?subject=Multigremial%20de%20Ays%C3%A9n%3A%20%C2%ABAvances%20destacados%20por%20Seremi%20de%20Gobierno%20no%20reflejan%20plenamente%20la%20realidad%20que%20vivimos%20como%20actores%20econ%C3%B3micos%20y%20sociales%20en%20el%20territorio%C2%BB&#038;body=https:\/\/radiorevelacionfm.cl\/?p=49520' aria-hidden='false' data-av_icon='\ue805' data-av_iconfont='entypo-fontello' title='' data-avia-related-tooltip='Compartir por correo'><span class='avia_hidden_link_text'>Compartir por correo<\/span><\/a><\/li><\/ul><\/div><\/div>\n<div  style='height:50px' class='hr hr-invisible   avia-builder-el-8  el_after_av_social_share  el_before_av_comments_list '><span class='hr-inner ' ><span class='hr-inner-style'><\/span><\/span><\/div>\n<div  class='av-buildercomment  av-blog-meta-html-info-disabled av-blog-meta-tag-disabled  '><\/div>\n","protected":false},"excerpt":{"rendered":"","protected":false},"author":1,"featured_media":48323,"comment_status":"open","ping_status":"open","sticky":false,"template":"","format":"standard","meta":{"footnotes":""},"categories":[45],"tags":[],"class_list":["post-49520","post","type-post","status-publish","format-standard","has-post-thumbnail","hentry","category-comercio"],"jetpack_featured_media_url":"https:\/\/radiorevelacionfm.cl\/wp-content\/uploads\/2024\/11\/DAISSY-MONDELO-PDTA-CAMARA-DE-COMERCIO-COYHAIQUE-2-2-2.jpg","_links":{"self":[{"href":"https:\/\/radiorevelacionfm.cl\/index.php?rest_route=\/wp\/v2\/posts\/49520","targetHints":{"allow":["GET"]}}],"collection":[{"href":"https:\/\/radiorevelacionfm.cl\/index.php?rest_route=\/wp\/v2\/posts"}],"about":[{"href":"https:\/\/radiorevelacionfm.cl\/index.php?rest_route=\/wp\/v2\/types\/post"}],"author":[{"embeddable":true,"href":"https:\/\/radiorevelacionfm.cl\/index.php?rest_route=\/wp\/v2\/users\/1"}],"replies":[{"embeddable":true,"href":"https:\/\/radiorevelacionfm.cl\/index.php?rest_route=%2Fwp%2Fv2%2Fcomments&post=49520"}],"version-history":[{"count":2,"href":"https:\/\/radiorevelacionfm.cl\/index.php?rest_route=\/wp\/v2\/posts\/49520\/revisions"}],"predecessor-version":[{"id":49528,"href":"https:\/\/radiorevelacionfm.cl\/index.php?rest_route=\/wp\/v2\/posts\/49520\/revisions\/49528"}],"wp:featuredmedia":[{"embeddable":true,"href":"https:\/\/radiorevelacionfm.cl\/index.php?rest_route=\/wp\/v2\/media\/48323"}],"wp:attachment":[{"href":"https:\/\/radiorevelacionfm.cl\/index.php?rest_route=%2Fwp%2Fv2%2Fmedia&parent=49520"}],"wp:term":[{"taxonomy":"category","embeddable":true,"href":"https:\/\/radiorevelacionfm.cl\/index.php?rest_route=%2Fwp%2Fv2%2Fcategories&post=49520"},{"taxonomy":"post_tag","embeddable":true,"href":"https:\/\/radiorevelacionfm.cl\/index.php?rest_route=%2Fwp%2Fv2%2Ftags&post=49520"}],"curies":[{"name":"wp","href":"https:\/\/api.w.org\/{rel}","templated":true}]}}