{"id":4952,"date":"2021-06-06T14:22:19","date_gmt":"2021-06-06T17:22:19","guid":{"rendered":"https:\/\/radiorevelacionfm.cl\/?p=4952"},"modified":"2021-06-06T16:27:07","modified_gmt":"2021-06-06T19:27:07","slug":"fin-al-alza-unilateral-de-las-isapres-el-proyecto-quedo-listo-para-su-promulgacion","status":"publish","type":"post","link":"https:\/\/radiorevelacionfm.cl\/?p=4952","title":{"rendered":"Fin al alza unilateral de las Isapres el proyecto qued\u00f3 listo para su promulgaci\u00f3n"},"content":{"rendered":"<div class=\"flex_column av_one_full  flex_column_div av-zero-column-padding first  avia-builder-el-0  el_before_av_one_full  avia-builder-el-first  \" style='border-radius:0px; '><div  class='avia-image-container  av-styling-    avia-builder-el-1  avia-builder-el-no-sibling  avia-align-center '  itemprop=\"image\" itemscope=\"itemscope\" itemtype=\"https:\/\/schema.org\/ImageObject\"  ><div class='avia-image-container-inner'><div class='avia-image-overlay-wrap'><img decoding=\"async\" class='wp-image-4953 avia-img-lazy-loading-not-4953 avia_image' src=\"https:\/\/radiorevelacionfm.cl\/wp-content\/uploads\/2021\/06\/Isapres-1-1-1.jpg\" alt='' title='Isapres-1 (1) (1)' height=\"600\" width=\"899\"  itemprop=\"thumbnailUrl\" srcset=\"https:\/\/radiorevelacionfm.cl\/wp-content\/uploads\/2021\/06\/Isapres-1-1-1.jpg 899w, https:\/\/radiorevelacionfm.cl\/wp-content\/uploads\/2021\/06\/Isapres-1-1-1-300x200.jpg 300w, https:\/\/radiorevelacionfm.cl\/wp-content\/uploads\/2021\/06\/Isapres-1-1-1-768x513.jpg 768w, https:\/\/radiorevelacionfm.cl\/wp-content\/uploads\/2021\/06\/Isapres-1-1-1-705x471.jpg 705w, https:\/\/radiorevelacionfm.cl\/wp-content\/uploads\/2021\/06\/Isapres-1-1-1-600x400.jpg 600w\" sizes=\"(max-width: 899px) 100vw, 899px\" \/><\/div><\/div><\/div><\/div>\n<div class=\"flex_column av_one_full  flex_column_div av-zero-column-padding first  avia-builder-el-2  el_after_av_one_full  el_before_av_one_full  column-top-margin\" style='border-radius:0px; '><section class=\"av_textblock_section \"  itemscope=\"itemscope\" itemtype=\"https:\/\/schema.org\/BlogPosting\" itemprop=\"blogPost\" ><div class='avia_textblock  '   itemprop=\"text\" ><p style=\"text-align: center;\"><strong><span style=\"font-size: 18pt;\">Fin al alza unilateral de las Isapres el proyecto qued\u00f3 listo para su promulgaci\u00f3n<\/span><\/strong><\/p>\n<div id=\"gtx-trans\" style=\"position: absolute; left: -50px; top: 4.31534px;\">\n<div class=\"gtx-trans-icon\"><\/div>\n<\/div>\n<\/div><\/section><\/div>\n<div class=\"flex_column av_one_full  flex_column_div av-zero-column-padding first  avia-builder-el-4  el_after_av_one_full  el_before_av_hr  column-top-margin\" style='border-radius:0px; '><section class=\"av_textblock_section \"  itemscope=\"itemscope\" itemtype=\"https:\/\/schema.org\/BlogPosting\" itemprop=\"blogPost\" ><div class='avia_textblock  '   itemprop=\"text\" ><p style=\"text-align: justify;\">La norma establece que la Superintendencia de Salud fijar\u00e1 anualmente un indicador de la variaci\u00f3n porcentual m\u00e1xima, el que deber\u00e1n respetar los prestadores privados.<\/p>\n<p style=\"text-align: justify;\">Listo para su promulgaci\u00f3n qued\u00f3 el proyecto que\u00a0suspende, durante la vigencia del estado de excepci\u00f3n constitucional de cat\u00e1strofe motivado por la pandemia de Covid-19, la facultad de las isapres de modificar el precio base de los planes de salud en t\u00e9rminos m\u00e1s onerosos para sus afiliados.<\/p>\n<p style=\"text-align: justify;\">Esto luego que la Sala aprobara -por unanimidad- la norma en la pasada sesi\u00f3n ordinaria. Luego, la C\u00e1mara de Diputadas y Diputados tambi\u00e9n respald\u00f3 los cambios realizados por los senadores.<\/p>\n<p style=\"text-align: justify;\">En lo sustancial, la propuesta consensuada en la Comisi\u00f3n de Salud plantea los siguiente:<\/p>\n<ul type=\"disc\">\n<li style=\"text-align: justify;\">Las Isapres no podr\u00e1n fijar m\u00e1s el alza de sus planes de manera unilateral. Hoy pueden hacerlo porque una ley las faculta a autorregularse<\/li>\n<li style=\"text-align: justify;\">La Superintendencia de Salud deber\u00e1 establecer anualmente un indicador de la variaci\u00f3n porcentual m\u00e1xima (IPS de la salud) Este guarismo ser\u00e1 el tope para cualquier incremento de precios<\/li>\n<li style=\"text-align: justify;\">Dicho indicador contemplar\u00e1 las nuevas prestaciones entregadas en el a\u00f1o calendario, los subsidios de incapacidad laboral (licencias m\u00e9dicas) y la atenci\u00f3n denominada Modalidad de Libre Elecci\u00f3n (MLE), entre otros factores<\/li>\n<li style=\"text-align: justify;\">Cada tres a\u00f1os, los ministerios de Salud y Econom\u00eda revisar\u00e1n la norma t\u00e9cnica que da lugar al c\u00e1lculo del ISP de la salud.<\/li>\n<li style=\"text-align: justify;\">Las Isapres estar\u00e1n obligadas a entregar medicina preventiva para reajustar sus planes de salud<\/li>\n<li style=\"text-align: justify;\">Las alzas de los planes correspondientes al 2020 y 2021 no se llevar\u00e1n a cabo, es decir, las cartas de las Isapres que hoy informan del cobro que no se hab\u00eda realizado por el congelamiento de los planes producto de la pandemia, quedar\u00e1n sin efecto.<\/li>\n<li style=\"text-align: justify;\">En consecuencia, durante este a\u00f1o tampoco se podr\u00e1n realizar alzas porque la primera que se realice ser\u00e1 bajo el amparo de esta ley.<\/li>\n<\/ul>\n<\/div><\/section><\/div><div  style='height:50px' class='hr hr-invisible   avia-builder-el-6  el_after_av_one_full  el_before_av_social_share '><span class='hr-inner ' ><span class='hr-inner-style'><\/span><\/span><\/div><\/p>\n<div  class='av-social-sharing-box  avia-builder-el-7  el_after_av_hr  el_before_av_hr  '><div class='av-share-box'><h5 class='av-share-link-description av-no-toc '>Compartir esta noticia<\/h5><ul class='av-share-box-list noLightbox'><li class='av-share-link av-social-link-facebook' ><a target=\"_blank\" aria-label=\"Compartir en Facebook\" href='https:\/\/www.facebook.com\/sharer.php?u=https:\/\/radiorevelacionfm.cl\/?p=4952&#038;t=Fin%20al%20alza%20unilateral%20de%20las%20Isapres%20el%20proyecto%20qued%C3%B3%20listo%20para%20su%20promulgaci%C3%B3n' aria-hidden='false' data-av_icon='\ue8f3' data-av_iconfont='entypo-fontello' title='' data-avia-related-tooltip='Compartir en Facebook' rel=\"noopener\"><span class='avia_hidden_link_text'>Compartir en Facebook<\/span><\/a><\/li><li class='av-share-link av-social-link-twitter' ><a target=\"_blank\" aria-label=\"Compartir en Twitter\" href='https:\/\/twitter.com\/share?text=Fin%20al%20alza%20unilateral%20de%20las%20Isapres%20el%20proyecto%20qued%C3%B3%20listo%20para%20su%20promulgaci%C3%B3n&#038;url=https:\/\/radiorevelacionfm.cl\/?p=4952' aria-hidden='false' data-av_icon='\ue8f1' data-av_iconfont='entypo-fontello' title='' data-avia-related-tooltip='Compartir en Twitter' rel=\"noopener\"><span class='avia_hidden_link_text'>Compartir en Twitter<\/span><\/a><\/li><li class='av-share-link av-social-link-whatsapp' ><a target=\"_blank\" aria-label=\"Compartir en Whatsapp\" href='https:\/\/api.whatsapp.com\/send?text=https:\/\/radiorevelacionfm.cl\/?p=4952' aria-hidden='false' data-av_icon='\uf232' data-av_iconfont='entypo-fontello' title='' data-avia-related-tooltip='Compartir en Whatsapp' rel=\"noopener\"><span class='avia_hidden_link_text'>Compartir en Whatsapp<\/span><\/a><\/li><li class='av-share-link av-social-link-linkedin' ><a target=\"_blank\" aria-label=\"Compartir en LinkedIn\" href='https:\/\/linkedin.com\/shareArticle?mini=true&#038;title=Fin%20al%20alza%20unilateral%20de%20las%20Isapres%20el%20proyecto%20qued%C3%B3%20listo%20para%20su%20promulgaci%C3%B3n&#038;url=https:\/\/radiorevelacionfm.cl\/?p=4952' aria-hidden='false' data-av_icon='\ue8fc' data-av_iconfont='entypo-fontello' title='' data-avia-related-tooltip='Compartir en LinkedIn' rel=\"noopener\"><span class='avia_hidden_link_text'>Compartir en LinkedIn<\/span><\/a><\/li><li class='av-share-link av-social-link-mail' ><a  aria-label=\"Compartir por correo\" href='mailto:?subject=Fin%20al%20alza%20unilateral%20de%20las%20Isapres%20el%20proyecto%20qued%C3%B3%20listo%20para%20su%20promulgaci%C3%B3n&#038;body=https:\/\/radiorevelacionfm.cl\/?p=4952' aria-hidden='false' data-av_icon='\ue805' data-av_iconfont='entypo-fontello' title='' data-avia-related-tooltip='Compartir por correo'><span class='avia_hidden_link_text'>Compartir por correo<\/span><\/a><\/li><\/ul><\/div><\/div>\n<div  style='height:50px' class='hr hr-invisible   avia-builder-el-8  el_after_av_social_share  el_before_av_comments_list '><span class='hr-inner ' ><span class='hr-inner-style'><\/span><\/span><\/div>\n<div  class='av-buildercomment  av-blog-meta-html-info-disabled av-blog-meta-tag-disabled  '><\/div>\n","protected":false},"excerpt":{"rendered":"","protected":false},"author":1,"featured_media":4953,"comment_status":"open","ping_status":"open","sticky":false,"template":"","format":"standard","meta":{"footnotes":""},"categories":[46],"tags":[],"class_list":["post-4952","post","type-post","status-publish","format-standard","has-post-thumbnail","hentry","category-salud"],"jetpack_featured_media_url":"https:\/\/radiorevelacionfm.cl\/wp-content\/uploads\/2021\/06\/Isapres-1-1-1.jpg","_links":{"self":[{"href":"https:\/\/radiorevelacionfm.cl\/index.php?rest_route=\/wp\/v2\/posts\/4952","targetHints":{"allow":["GET"]}}],"collection":[{"href":"https:\/\/radiorevelacionfm.cl\/index.php?rest_route=\/wp\/v2\/posts"}],"about":[{"href":"https:\/\/radiorevelacionfm.cl\/index.php?rest_route=\/wp\/v2\/types\/post"}],"author":[{"embeddable":true,"href":"https:\/\/radiorevelacionfm.cl\/index.php?rest_route=\/wp\/v2\/users\/1"}],"replies":[{"embeddable":true,"href":"https:\/\/radiorevelacionfm.cl\/index.php?rest_route=%2Fwp%2Fv2%2Fcomments&post=4952"}],"version-history":[{"count":2,"href":"https:\/\/radiorevelacionfm.cl\/index.php?rest_route=\/wp\/v2\/posts\/4952\/revisions"}],"predecessor-version":[{"id":4964,"href":"https:\/\/radiorevelacionfm.cl\/index.php?rest_route=\/wp\/v2\/posts\/4952\/revisions\/4964"}],"wp:featuredmedia":[{"embeddable":true,"href":"https:\/\/radiorevelacionfm.cl\/index.php?rest_route=\/wp\/v2\/media\/4953"}],"wp:attachment":[{"href":"https:\/\/radiorevelacionfm.cl\/index.php?rest_route=%2Fwp%2Fv2%2Fmedia&parent=4952"}],"wp:term":[{"taxonomy":"category","embeddable":true,"href":"https:\/\/radiorevelacionfm.cl\/index.php?rest_route=%2Fwp%2Fv2%2Fcategories&post=4952"},{"taxonomy":"post_tag","embeddable":true,"href":"https:\/\/radiorevelacionfm.cl\/index.php?rest_route=%2Fwp%2Fv2%2Ftags&post=4952"}],"curies":[{"name":"wp","href":"https:\/\/api.w.org\/{rel}","templated":true}]}}