{"id":49517,"date":"2025-01-10T15:50:26","date_gmt":"2025-01-10T18:50:26","guid":{"rendered":"https:\/\/radiorevelacionfm.cl\/?p=49517"},"modified":"2025-01-10T15:50:26","modified_gmt":"2025-01-10T18:50:26","slug":"incubadora-ecoterraneo-impulsa-el-emprendimiento-en-aysen-mas-de-180-proyectos-apoyados-durante-el-2024","status":"publish","type":"post","link":"https:\/\/radiorevelacionfm.cl\/?p=49517","title":{"rendered":"Incubadora Ecoterr\u00e1neo impulsa el emprendimiento en Ays\u00e9n: M\u00e1s de 180 proyectos apoyados durante el 2024"},"content":{"rendered":"<div class=\"flex_column av_one_full  flex_column_div av-zero-column-padding first  avia-builder-el-0  el_before_av_one_full  avia-builder-el-first  \" style='border-radius:0px; '><div  class='avia-image-container  av-styling-    avia-builder-el-1  avia-builder-el-no-sibling  avia-align-center '  itemprop=\"image\" itemscope=\"itemscope\" itemtype=\"https:\/\/schema.org\/ImageObject\"  ><div class='avia-image-container-inner'><div class='avia-image-overlay-wrap'><img decoding=\"async\" class='wp-image-49518 avia-img-lazy-loading-not-49518 avia_image' src=\"https:\/\/radiorevelacionfm.cl\/wp-content\/uploads\/2025\/01\/ecoterraneo-1_optimized-1.jpg\" alt='' title='ecoterraneo-(1)_optimized (1)' height=\"600\" width=\"1067\"  itemprop=\"thumbnailUrl\" srcset=\"https:\/\/radiorevelacionfm.cl\/wp-content\/uploads\/2025\/01\/ecoterraneo-1_optimized-1.jpg 1067w, https:\/\/radiorevelacionfm.cl\/wp-content\/uploads\/2025\/01\/ecoterraneo-1_optimized-1-300x169.jpg 300w, https:\/\/radiorevelacionfm.cl\/wp-content\/uploads\/2025\/01\/ecoterraneo-1_optimized-1-1030x579.jpg 1030w, https:\/\/radiorevelacionfm.cl\/wp-content\/uploads\/2025\/01\/ecoterraneo-1_optimized-1-768x432.jpg 768w, https:\/\/radiorevelacionfm.cl\/wp-content\/uploads\/2025\/01\/ecoterraneo-1_optimized-1-705x396.jpg 705w, https:\/\/radiorevelacionfm.cl\/wp-content\/uploads\/2025\/01\/ecoterraneo-1_optimized-1-450x253.jpg 450w, https:\/\/radiorevelacionfm.cl\/wp-content\/uploads\/2025\/01\/ecoterraneo-1_optimized-1-600x337.jpg 600w\" sizes=\"(max-width: 1067px) 100vw, 1067px\" \/><\/div><\/div><\/div><\/div><div class=\"flex_column av_one_full  flex_column_div av-zero-column-padding first  avia-builder-el-2  el_after_av_one_full  el_before_av_one_full  column-top-margin\" style='border-radius:0px; '><section class=\"av_textblock_section \"  itemscope=\"itemscope\" itemtype=\"https:\/\/schema.org\/BlogPosting\" itemprop=\"blogPost\" ><div class='avia_textblock  '   itemprop=\"text\" ><p style=\"text-align: center;\"><strong><span style=\"font-size: 18pt;\">Incubadora Ecoterr\u00e1neo impulsa el emprendimiento en Ays\u00e9n: M\u00e1s de 180 proyectos apoyados durante el 2024<\/span><\/strong><\/p>\n<div id=\"gtx-trans\" style=\"position: absolute; left: -50px; top: 4.31534px;\">\n<div class=\"gtx-trans-icon\"><\/div>\n<\/div>\n<\/div><\/section><\/div><div class=\"flex_column av_one_full  flex_column_div av-zero-column-padding first  avia-builder-el-4  el_after_av_one_full  el_before_av_hr  column-top-margin\" style='border-radius:0px; '><section class=\"av_textblock_section \"  itemscope=\"itemscope\" itemtype=\"https:\/\/schema.org\/BlogPosting\" itemprop=\"blogPost\" ><div class='avia_textblock  '   itemprop=\"text\" ><p style=\"font-weight: 400; text-align: justify;\"><em>Con respaldo de Corfo y Geogama, la incubadora Ecoterr\u00e1neo ha consolidado su rol como catalizador del ecosistema emprendedor en la Regi\u00f3n de Ays\u00e9n, promoviendo innovaci\u00f3n, formalizaci\u00f3n y sostenibilidad en sectores clave como turismo y alimentaci\u00f3n.<\/em><\/p>\n<p style=\"font-weight: 400; text-align: justify;\">La incubadora Ecoterr\u00e1neo, en dos a\u00f1os de operaciones, ha apoyado a m\u00e1s de 270 emprendedores y emprendedoras, promoviendo la formalizaci\u00f3n, la innovaci\u00f3n y la sostenibilidad de negocios en sectores clave como el turismo y la alimentaci\u00f3n.<\/p>\n<p style=\"font-weight: 400; text-align: justify;\">\u201cEl emprendimiento en la Regi\u00f3n de Ays\u00e9n tiene un potencial enorme, y con programas como Ecoterr\u00e1neo estamos ayudando a materializarlo\u201d, coment\u00f3 Humberto Mar\u00edn Leiva, director de Corfo Ays\u00e9n, destacando la importancia de iniciativas que integran innovaci\u00f3n, sostenibilidad y apoyo t\u00e9cnico en sectores clave como el turismo y la alimentaci\u00f3n.<\/p>\n<p style=\"font-weight: 400; text-align: justify;\">Durante el a\u00f1o 2024, la iniciativa ampli\u00f3 su alcance territorial, llegando a Cisnes y Coyhaique, adem\u00e1s de consolidar su presencia en Puerto Ays\u00e9n, con 180 participantes que accedieron a asesor\u00edas, talleres y clases tanto presenciales como en l\u00ednea. As\u00ed lo indic\u00f3 la gerenta de la incubadora Ecoterr\u00e1neo, Marcela Vidal, explicando que \u201cestas acciones han permitido que el 62% de los proyectos apoyados sean elegibles para inversi\u00f3n, mientras que un 15% ya ha logrado concretar ventas. Ecoterr\u00e1neo, apoyada por Corfo y Geogama, se ha convertido en un motor clave para el desarrollo econ\u00f3mico y social de Ays\u00e9n, transformando la manera en que se conciben y desarrollan los negocios en la regi\u00f3n.\u201d<\/p>\n<p style=\"font-weight: 400; text-align: justify;\">Con un enfoque en sectores estrat\u00e9gicos y una apuesta decidida por la transformaci\u00f3n digital, la incubadora ha fortalecido el ecosistema emprendedor del sur de Chile, brindando herramientas pr\u00e1cticas y conocimientos esenciales para garantizar la sostenibilidad y el \u00e9xito de los proyectos locales.<\/p>\n<p style=\"font-weight: 400; text-align: justify;\">El impacto de estas acciones tambi\u00e9n se refleja en la formalizaci\u00f3n de emprendimientos: un 33% de los participantes logr\u00f3 registrarse legalmente, y el 85% complet\u00f3 con \u00e9xito su modelo de negocios, sentando bases s\u00f3lidas para su crecimiento. Estos logros, respaldados por un fuerte componente de asesor\u00eda y formaci\u00f3n, demuestran el potencial de los emprendedores locales para competir en mercados m\u00e1s amplios.<\/p>\n<p style=\"font-weight: 400; text-align: justify;\">La transformaci\u00f3n digital tambi\u00e9n ha sido un eje fundamental en el trabajo de Ecoterr\u00e1neo. A trav\u00e9s de talleres y asesor\u00edas especializadas, la incubadora ha capacitado a los emprendedores en la gesti\u00f3n de redes sociales, inteligencia artificial y la concreci\u00f3n de ventas en l\u00ednea, facilitando su adaptaci\u00f3n a un mercado cada vez m\u00e1s digitalizado. Esto les ha permitido proyectar sus productos y servicios m\u00e1s all\u00e1 de las fronteras locales, aumentando su competitividad en mercados nacionales e internacionales.<\/p>\n<\/div><\/section><\/div><div  style='height:50px' class='hr hr-invisible   avia-builder-el-6  el_after_av_one_full  el_before_av_social_share '><span class='hr-inner ' ><span class='hr-inner-style'><\/span><\/span><\/div><\/p>\n<div  class='av-social-sharing-box  avia-builder-el-7  el_after_av_hr  el_before_av_hr  '><div class='av-share-box'><h5 class='av-share-link-description av-no-toc '>Compartir esta noticia<\/h5><ul class='av-share-box-list noLightbox'><li class='av-share-link av-social-link-facebook' ><a target=\"_blank\" aria-label=\"Compartir en Facebook\" href='https:\/\/www.facebook.com\/sharer.php?u=https:\/\/radiorevelacionfm.cl\/?p=49517&#038;t=Incubadora%20Ecoterr%C3%A1neo%20impulsa%20el%20emprendimiento%20en%20Ays%C3%A9n%3A%20M%C3%A1s%20de%20180%20proyectos%20apoyados%20durante%20el%202024' aria-hidden='false' data-av_icon='\ue8f3' data-av_iconfont='entypo-fontello' title='' data-avia-related-tooltip='Compartir en Facebook' rel=\"noopener\"><span class='avia_hidden_link_text'>Compartir en Facebook<\/span><\/a><\/li><li class='av-share-link av-social-link-twitter' ><a target=\"_blank\" aria-label=\"Compartir en Twitter\" href='https:\/\/twitter.com\/share?text=Incubadora%20Ecoterr%C3%A1neo%20impulsa%20el%20emprendimiento%20en%20Ays%C3%A9n%3A%20M%C3%A1s%20de%20180%20proyectos%20apoyados%20durante%20el%202024&#038;url=https:\/\/radiorevelacionfm.cl\/?p=49517' aria-hidden='false' data-av_icon='\ue8f1' data-av_iconfont='entypo-fontello' title='' data-avia-related-tooltip='Compartir en Twitter' rel=\"noopener\"><span class='avia_hidden_link_text'>Compartir en Twitter<\/span><\/a><\/li><li class='av-share-link av-social-link-whatsapp' ><a target=\"_blank\" aria-label=\"Compartir en Whatsapp\" href='https:\/\/api.whatsapp.com\/send?text=https:\/\/radiorevelacionfm.cl\/?p=49517' aria-hidden='false' data-av_icon='\uf232' data-av_iconfont='entypo-fontello' title='' data-avia-related-tooltip='Compartir en Whatsapp' rel=\"noopener\"><span class='avia_hidden_link_text'>Compartir en Whatsapp<\/span><\/a><\/li><li class='av-share-link av-social-link-linkedin' ><a target=\"_blank\" aria-label=\"Compartir en LinkedIn\" href='https:\/\/linkedin.com\/shareArticle?mini=true&#038;title=Incubadora%20Ecoterr%C3%A1neo%20impulsa%20el%20emprendimiento%20en%20Ays%C3%A9n%3A%20M%C3%A1s%20de%20180%20proyectos%20apoyados%20durante%20el%202024&#038;url=https:\/\/radiorevelacionfm.cl\/?p=49517' aria-hidden='false' data-av_icon='\ue8fc' data-av_iconfont='entypo-fontello' title='' data-avia-related-tooltip='Compartir en LinkedIn' rel=\"noopener\"><span class='avia_hidden_link_text'>Compartir en LinkedIn<\/span><\/a><\/li><li class='av-share-link av-social-link-mail' ><a  aria-label=\"Compartir por correo\" href='mailto:?subject=Incubadora%20Ecoterr%C3%A1neo%20impulsa%20el%20emprendimiento%20en%20Ays%C3%A9n%3A%20M%C3%A1s%20de%20180%20proyectos%20apoyados%20durante%20el%202024&#038;body=https:\/\/radiorevelacionfm.cl\/?p=49517' aria-hidden='false' data-av_icon='\ue805' data-av_iconfont='entypo-fontello' title='' data-avia-related-tooltip='Compartir por correo'><span class='avia_hidden_link_text'>Compartir por correo<\/span><\/a><\/li><\/ul><\/div><\/div>\n<div  style='height:50px' class='hr hr-invisible   avia-builder-el-8  el_after_av_social_share  el_before_av_comments_list '><span class='hr-inner ' ><span class='hr-inner-style'><\/span><\/span><\/div>\n<div  class='av-buildercomment  av-blog-meta-html-info-disabled av-blog-meta-tag-disabled  '><\/div>\n","protected":false},"excerpt":{"rendered":"","protected":false},"author":1,"featured_media":49518,"comment_status":"open","ping_status":"open","sticky":false,"template":"","format":"standard","meta":{"footnotes":""},"categories":[38],"tags":[],"class_list":["post-49517","post","type-post","status-publish","format-standard","has-post-thumbnail","hentry","category-regional"],"jetpack_featured_media_url":"https:\/\/radiorevelacionfm.cl\/wp-content\/uploads\/2025\/01\/ecoterraneo-1_optimized-1.jpg","_links":{"self":[{"href":"https:\/\/radiorevelacionfm.cl\/index.php?rest_route=\/wp\/v2\/posts\/49517","targetHints":{"allow":["GET"]}}],"collection":[{"href":"https:\/\/radiorevelacionfm.cl\/index.php?rest_route=\/wp\/v2\/posts"}],"about":[{"href":"https:\/\/radiorevelacionfm.cl\/index.php?rest_route=\/wp\/v2\/types\/post"}],"author":[{"embeddable":true,"href":"https:\/\/radiorevelacionfm.cl\/index.php?rest_route=\/wp\/v2\/users\/1"}],"replies":[{"embeddable":true,"href":"https:\/\/radiorevelacionfm.cl\/index.php?rest_route=%2Fwp%2Fv2%2Fcomments&post=49517"}],"version-history":[{"count":1,"href":"https:\/\/radiorevelacionfm.cl\/index.php?rest_route=\/wp\/v2\/posts\/49517\/revisions"}],"predecessor-version":[{"id":49519,"href":"https:\/\/radiorevelacionfm.cl\/index.php?rest_route=\/wp\/v2\/posts\/49517\/revisions\/49519"}],"wp:featuredmedia":[{"embeddable":true,"href":"https:\/\/radiorevelacionfm.cl\/index.php?rest_route=\/wp\/v2\/media\/49518"}],"wp:attachment":[{"href":"https:\/\/radiorevelacionfm.cl\/index.php?rest_route=%2Fwp%2Fv2%2Fmedia&parent=49517"}],"wp:term":[{"taxonomy":"category","embeddable":true,"href":"https:\/\/radiorevelacionfm.cl\/index.php?rest_route=%2Fwp%2Fv2%2Fcategories&post=49517"},{"taxonomy":"post_tag","embeddable":true,"href":"https:\/\/radiorevelacionfm.cl\/index.php?rest_route=%2Fwp%2Fv2%2Ftags&post=49517"}],"curies":[{"name":"wp","href":"https:\/\/api.w.org\/{rel}","templated":true}]}}