{"id":49508,"date":"2025-01-09T17:46:58","date_gmt":"2025-01-09T20:46:58","guid":{"rendered":"https:\/\/radiorevelacionfm.cl\/?p=49508"},"modified":"2025-01-09T17:46:58","modified_gmt":"2025-01-09T20:46:58","slug":"el-festival-de-jineteadas-mas-grande-de-la-region-la-23a-edicion-llega-este-17-18-y-19-de-enero-a-puerto-ingeniero-ibanez","status":"publish","type":"post","link":"https:\/\/radiorevelacionfm.cl\/?p=49508","title":{"rendered":"El Festival de Jineteadas m\u00e1s grande de la Regi\u00f3n: \u00a1La 23\u00aa edici\u00f3n llega este 17, 18 y 19 de Enero a Puerto Ingeniero Ib\u00e1\u00f1ez!"},"content":{"rendered":"<div class=\"flex_column av_one_full  flex_column_div av-zero-column-padding first  avia-builder-el-0  el_before_av_one_full  avia-builder-el-first  \" style='border-radius:0px; '><div  class='avia-image-container  av-styling-    avia-builder-el-1  avia-builder-el-no-sibling  avia-align-center '  itemprop=\"image\" itemscope=\"itemscope\" itemtype=\"https:\/\/schema.org\/ImageObject\"  ><div class='avia-image-container-inner'><div class='avia-image-overlay-wrap'><img decoding=\"async\" class='wp-image-49509 avia-img-lazy-loading-not-49509 avia_image' src=\"https:\/\/radiorevelacionfm.cl\/wp-content\/uploads\/2025\/01\/jineteadas-1_optimized.jpg\" alt='' title='jineteadas-(1)_optimized' height=\"600\" width=\"897\"  itemprop=\"thumbnailUrl\" srcset=\"https:\/\/radiorevelacionfm.cl\/wp-content\/uploads\/2025\/01\/jineteadas-1_optimized.jpg 897w, https:\/\/radiorevelacionfm.cl\/wp-content\/uploads\/2025\/01\/jineteadas-1_optimized-300x201.jpg 300w, https:\/\/radiorevelacionfm.cl\/wp-content\/uploads\/2025\/01\/jineteadas-1_optimized-768x514.jpg 768w, https:\/\/radiorevelacionfm.cl\/wp-content\/uploads\/2025\/01\/jineteadas-1_optimized-705x472.jpg 705w, https:\/\/radiorevelacionfm.cl\/wp-content\/uploads\/2025\/01\/jineteadas-1_optimized-450x301.jpg 450w, https:\/\/radiorevelacionfm.cl\/wp-content\/uploads\/2025\/01\/jineteadas-1_optimized-600x401.jpg 600w\" sizes=\"(max-width: 897px) 100vw, 897px\" \/><\/div><\/div><\/div><\/div><div class=\"flex_column av_one_full  flex_column_div av-zero-column-padding first  avia-builder-el-2  el_after_av_one_full  el_before_av_one_full  column-top-margin\" style='border-radius:0px; '><section class=\"av_textblock_section \"  itemscope=\"itemscope\" itemtype=\"https:\/\/schema.org\/BlogPosting\" itemprop=\"blogPost\" ><div class='avia_textblock  '   itemprop=\"text\" ><p style=\"text-align: center;\"><strong><span style=\"font-size: 18pt;\">El Festival de Jineteadas m\u00e1s grande de la Regi\u00f3n: \u00a1La 23\u00aa edici\u00f3n llega este 17, 18 y 19 de Enero a Puerto Ingeniero Ib\u00e1\u00f1ez!<\/span><\/strong><\/p>\n<div id=\"gtx-trans\" style=\"position: absolute; left: -50px; top: 4.31534px;\">\n<div class=\"gtx-trans-icon\"><\/div>\n<\/div>\n<\/div><\/section><\/div><div class=\"flex_column av_one_full  flex_column_div av-zero-column-padding first  avia-builder-el-4  el_after_av_one_full  el_before_av_hr  column-top-margin\" style='border-radius:0px; '><section class=\"av_textblock_section \"  itemscope=\"itemscope\" itemtype=\"https:\/\/schema.org\/BlogPosting\" itemprop=\"blogPost\" ><div class='avia_textblock  '   itemprop=\"text\" ><p dir=\"ltr\" style=\"text-align: justify;\">La Agrupaci\u00f3n de Jineteadas y Tradiciones de la Patagonia tiene el honor de invitar a toda la regi\u00f3n de Ays\u00e9n a vivir una de las festividades m\u00e1s esperadas del a\u00f1o: \u00a1la 23\u00aa edici\u00f3n del Festival de Jineteadas 2025! Del 17 al 19 de enero, Puerto Ingeniero Ib\u00e1\u00f1ez se transformar\u00e1 en el epicentro de la tradici\u00f3n, la cultura y la emoci\u00f3n, con un evento que promete marcar un hito en la historia de la Patagonia.<\/p>\n<p dir=\"ltr\" style=\"text-align: justify;\">Con una incre\u00edble combinaci\u00f3n de jineteadas, m\u00fasica folcl\u00f3rica,\u00a0 danza y una impresionante cartelera de artistas regionales e internacionales, el Festival de Jineteadas se consolidar\u00e1 una vez m\u00e1s como una de las celebraciones m\u00e1s vibrantes y esperadas de la regi\u00f3n, demostrando el poder y la riqueza de nuestras tradiciones.<\/p>\n<p dir=\"ltr\" style=\"text-align: justify;\">El Presidente de la Agrupaci\u00f3n, Ren\u00e1n Catal\u00e1n, subraya con entusiasmo la importancia de este evento para Ays\u00e9n: \u00abEste festival es mucho m\u00e1s que una competencia de jineteadas, es un s\u00edmbolo de nuestra identidad, una celebraci\u00f3n de la Patagonia, su gente y sus costumbres. Estamos preparados para ofrecer a los asistentes un espect\u00e1culo que los emocione y los conecte con nuestras ra\u00edces m\u00e1s profundas.\u00bb<\/p>\n<p dir=\"ltr\" style=\"text-align: justify;\">En este contexto, el Alcalde de R\u00edo Ib\u00e1\u00f1ez, Marcelo J\u00e9lvez, resalta el impacto que este festival tiene no solo a nivel local, sino tambi\u00e9n en el posicionamiento de la regi\u00f3n como un destino tur\u00edstico cultural: \u00abEs un evento que trasciende, que no solo rinde homenaje a nuestras tradiciones, sino que atrae a miles de visitantes, generando un impulso \u00fanico para nuestra econom\u00eda y el turismo en Ays\u00e9n. Estamos emocionados de ser parte de esta celebraci\u00f3n que une a nuestra comunidad y a todo el mundo con la cultura patag\u00f3nica.\u00bb<\/p>\n<p dir=\"ltr\" style=\"text-align: justify;\"><strong>Tres d\u00edas de adrenalina, m\u00fasica y folklore<\/strong><\/p>\n<p dir=\"ltr\" style=\"text-align: justify;\">Del 17 al 19 de enero, los espectadores disfrutar\u00e1n de las m\u00e1s espectaculares competencias de jineteadas, una muestra \u00fanica de destreza y valent\u00eda. Adem\u00e1s, el festival contar\u00e1 con la participaci\u00f3n de artistas regionales e internacionales que se presentar\u00e1n en un escenario de altura, haciendo vibrar a todos con la m\u00fasica y el folclore m\u00e1s representativo de la Patagonia.<\/p>\n<p dir=\"ltr\" style=\"text-align: justify;\">\u00a1La invitaci\u00f3n est\u00e1 abierta a todos! Este evento es un llamado a toda la regi\u00f3n de Ays\u00e9n, a turistas, familias y amantes de la cultura, para que se acerquen a vivir una experiencia inigualable, repleta de emoci\u00f3n, historia y tradiciones que nos hacen \u00fanicos.<\/p>\n<\/div><\/section><\/div><div  style='height:50px' class='hr hr-invisible   avia-builder-el-6  el_after_av_one_full  el_before_av_social_share '><span class='hr-inner ' ><span class='hr-inner-style'><\/span><\/span><\/div><\/p>\n<div  class='av-social-sharing-box  avia-builder-el-7  el_after_av_hr  el_before_av_hr  '><div class='av-share-box'><h5 class='av-share-link-description av-no-toc '>Compartir esta noticia<\/h5><ul class='av-share-box-list noLightbox'><li class='av-share-link av-social-link-facebook' ><a target=\"_blank\" aria-label=\"Compartir en Facebook\" href='https:\/\/www.facebook.com\/sharer.php?u=https:\/\/radiorevelacionfm.cl\/?p=49508&#038;t=El%20Festival%20de%20Jineteadas%20m%C3%A1s%20grande%20de%20la%20Regi%C3%B3n%3A%20%C2%A1La%2023%C2%AA%20edici%C3%B3n%20llega%20este%2017%2C%2018%20y%2019%20de%20Enero%20a%20Puerto%20Ingeniero%20Ib%C3%A1%C3%B1ez%21' aria-hidden='false' data-av_icon='\ue8f3' data-av_iconfont='entypo-fontello' title='' data-avia-related-tooltip='Compartir en Facebook' rel=\"noopener\"><span class='avia_hidden_link_text'>Compartir en Facebook<\/span><\/a><\/li><li class='av-share-link av-social-link-twitter' ><a target=\"_blank\" aria-label=\"Compartir en Twitter\" href='https:\/\/twitter.com\/share?text=El%20Festival%20de%20Jineteadas%20m%C3%A1s%20grande%20de%20la%20Regi%C3%B3n%3A%20%C2%A1La%2023%C2%AA%20edici%C3%B3n%20llega%20este%2017%2C%2018%20y%2019%20de%20Enero%20a%20Puerto%20Ingeniero%20Ib%C3%A1%C3%B1ez%21&#038;url=https:\/\/radiorevelacionfm.cl\/?p=49508' aria-hidden='false' data-av_icon='\ue8f1' data-av_iconfont='entypo-fontello' title='' data-avia-related-tooltip='Compartir en Twitter' rel=\"noopener\"><span class='avia_hidden_link_text'>Compartir en Twitter<\/span><\/a><\/li><li class='av-share-link av-social-link-whatsapp' ><a target=\"_blank\" aria-label=\"Compartir en Whatsapp\" href='https:\/\/api.whatsapp.com\/send?text=https:\/\/radiorevelacionfm.cl\/?p=49508' aria-hidden='false' data-av_icon='\uf232' data-av_iconfont='entypo-fontello' title='' data-avia-related-tooltip='Compartir en Whatsapp' rel=\"noopener\"><span class='avia_hidden_link_text'>Compartir en Whatsapp<\/span><\/a><\/li><li class='av-share-link av-social-link-linkedin' ><a target=\"_blank\" aria-label=\"Compartir en LinkedIn\" href='https:\/\/linkedin.com\/shareArticle?mini=true&#038;title=El%20Festival%20de%20Jineteadas%20m%C3%A1s%20grande%20de%20la%20Regi%C3%B3n%3A%20%C2%A1La%2023%C2%AA%20edici%C3%B3n%20llega%20este%2017%2C%2018%20y%2019%20de%20Enero%20a%20Puerto%20Ingeniero%20Ib%C3%A1%C3%B1ez%21&#038;url=https:\/\/radiorevelacionfm.cl\/?p=49508' aria-hidden='false' data-av_icon='\ue8fc' data-av_iconfont='entypo-fontello' title='' data-avia-related-tooltip='Compartir en LinkedIn' rel=\"noopener\"><span class='avia_hidden_link_text'>Compartir en LinkedIn<\/span><\/a><\/li><li class='av-share-link av-social-link-mail' ><a  aria-label=\"Compartir por correo\" href='mailto:?subject=El%20Festival%20de%20Jineteadas%20m%C3%A1s%20grande%20de%20la%20Regi%C3%B3n%3A%20%C2%A1La%2023%C2%AA%20edici%C3%B3n%20llega%20este%2017%2C%2018%20y%2019%20de%20Enero%20a%20Puerto%20Ingeniero%20Ib%C3%A1%C3%B1ez%21&#038;body=https:\/\/radiorevelacionfm.cl\/?p=49508' aria-hidden='false' data-av_icon='\ue805' data-av_iconfont='entypo-fontello' title='' data-avia-related-tooltip='Compartir por correo'><span class='avia_hidden_link_text'>Compartir por correo<\/span><\/a><\/li><\/ul><\/div><\/div>\n<div  style='height:50px' class='hr hr-invisible   avia-builder-el-8  el_after_av_social_share  el_before_av_comments_list '><span class='hr-inner ' ><span class='hr-inner-style'><\/span><\/span><\/div>\n<div  class='av-buildercomment  av-blog-meta-html-info-disabled av-blog-meta-tag-disabled  '><\/div>\n","protected":false},"excerpt":{"rendered":"","protected":false},"author":1,"featured_media":49509,"comment_status":"open","ping_status":"open","sticky":false,"template":"","format":"standard","meta":{"footnotes":""},"categories":[38],"tags":[],"class_list":["post-49508","post","type-post","status-publish","format-standard","has-post-thumbnail","hentry","category-regional"],"jetpack_featured_media_url":"https:\/\/radiorevelacionfm.cl\/wp-content\/uploads\/2025\/01\/jineteadas-1_optimized.jpg","_links":{"self":[{"href":"https:\/\/radiorevelacionfm.cl\/index.php?rest_route=\/wp\/v2\/posts\/49508","targetHints":{"allow":["GET"]}}],"collection":[{"href":"https:\/\/radiorevelacionfm.cl\/index.php?rest_route=\/wp\/v2\/posts"}],"about":[{"href":"https:\/\/radiorevelacionfm.cl\/index.php?rest_route=\/wp\/v2\/types\/post"}],"author":[{"embeddable":true,"href":"https:\/\/radiorevelacionfm.cl\/index.php?rest_route=\/wp\/v2\/users\/1"}],"replies":[{"embeddable":true,"href":"https:\/\/radiorevelacionfm.cl\/index.php?rest_route=%2Fwp%2Fv2%2Fcomments&post=49508"}],"version-history":[{"count":1,"href":"https:\/\/radiorevelacionfm.cl\/index.php?rest_route=\/wp\/v2\/posts\/49508\/revisions"}],"predecessor-version":[{"id":49510,"href":"https:\/\/radiorevelacionfm.cl\/index.php?rest_route=\/wp\/v2\/posts\/49508\/revisions\/49510"}],"wp:featuredmedia":[{"embeddable":true,"href":"https:\/\/radiorevelacionfm.cl\/index.php?rest_route=\/wp\/v2\/media\/49509"}],"wp:attachment":[{"href":"https:\/\/radiorevelacionfm.cl\/index.php?rest_route=%2Fwp%2Fv2%2Fmedia&parent=49508"}],"wp:term":[{"taxonomy":"category","embeddable":true,"href":"https:\/\/radiorevelacionfm.cl\/index.php?rest_route=%2Fwp%2Fv2%2Fcategories&post=49508"},{"taxonomy":"post_tag","embeddable":true,"href":"https:\/\/radiorevelacionfm.cl\/index.php?rest_route=%2Fwp%2Fv2%2Ftags&post=49508"}],"curies":[{"name":"wp","href":"https:\/\/api.w.org\/{rel}","templated":true}]}}