{"id":49505,"date":"2025-01-10T09:55:56","date_gmt":"2025-01-10T12:55:56","guid":{"rendered":"https:\/\/radiorevelacionfm.cl\/?p=49505"},"modified":"2025-01-10T09:55:56","modified_gmt":"2025-01-10T12:55:56","slug":"academico-uaysen-se-adjudica-competitivo-fondo-nacional-de-investigacion","status":"publish","type":"post","link":"https:\/\/radiorevelacionfm.cl\/?p=49505","title":{"rendered":"Acad\u00e9mico UAys\u00e9n se adjudica competitivo fondo nacional de investigaci\u00f3n"},"content":{"rendered":"<div class=\"flex_column av_one_full  flex_column_div av-zero-column-padding first  avia-builder-el-0  el_before_av_one_full  avia-builder-el-first  \" style='border-radius:0px; '><div  class='avia-image-container  av-styling-    avia-builder-el-1  avia-builder-el-no-sibling  avia-align-center '  itemprop=\"image\" itemscope=\"itemscope\" itemtype=\"https:\/\/schema.org\/ImageObject\"  ><div class='avia-image-container-inner'><div class='avia-image-overlay-wrap'><img decoding=\"async\" class='wp-image-49506 avia-img-lazy-loading-not-49506 avia_image' src=\"https:\/\/radiorevelacionfm.cl\/wp-content\/uploads\/2025\/01\/FelipeAlfaro-1-1.jpeg\" alt='' title='FelipeAlfaro (1) (1)' height=\"600\" width=\"900\"  itemprop=\"thumbnailUrl\" srcset=\"https:\/\/radiorevelacionfm.cl\/wp-content\/uploads\/2025\/01\/FelipeAlfaro-1-1.jpeg 900w, https:\/\/radiorevelacionfm.cl\/wp-content\/uploads\/2025\/01\/FelipeAlfaro-1-1-300x200.jpeg 300w, https:\/\/radiorevelacionfm.cl\/wp-content\/uploads\/2025\/01\/FelipeAlfaro-1-1-768x512.jpeg 768w, https:\/\/radiorevelacionfm.cl\/wp-content\/uploads\/2025\/01\/FelipeAlfaro-1-1-705x470.jpeg 705w, https:\/\/radiorevelacionfm.cl\/wp-content\/uploads\/2025\/01\/FelipeAlfaro-1-1-450x300.jpeg 450w, https:\/\/radiorevelacionfm.cl\/wp-content\/uploads\/2025\/01\/FelipeAlfaro-1-1-600x400.jpeg 600w\" sizes=\"(max-width: 900px) 100vw, 900px\" \/><\/div><\/div><\/div><\/div><div class=\"flex_column av_one_full  flex_column_div av-zero-column-padding first  avia-builder-el-2  el_after_av_one_full  el_before_av_one_full  column-top-margin\" style='border-radius:0px; '><section class=\"av_textblock_section \"  itemscope=\"itemscope\" itemtype=\"https:\/\/schema.org\/BlogPosting\" itemprop=\"blogPost\" ><div class='avia_textblock  '   itemprop=\"text\" ><p style=\"text-align: center;\"><strong><span style=\"font-size: 18pt;\">Acad\u00e9mico UAys\u00e9n se adjudica competitivo fondo nacional de investigaci\u00f3n<\/span><\/strong><\/p>\n<div id=\"gtx-trans\" style=\"position: absolute; left: -50px; top: 4.31534px;\">\n<div class=\"gtx-trans-icon\"><\/div>\n<\/div>\n<\/div><\/section><\/div><div class=\"flex_column av_one_full  flex_column_div av-zero-column-padding first  avia-builder-el-4  el_after_av_one_full  el_before_av_hr  column-top-margin\" style='border-radius:0px; '><section class=\"av_textblock_section \"  itemscope=\"itemscope\" itemtype=\"https:\/\/schema.org\/BlogPosting\" itemprop=\"blogPost\" ><div class='avia_textblock  '   itemprop=\"text\" ><p dir=\"ltr\" style=\"text-align: justify;\">La investigaci\u00f3n en la Universidad de Ays\u00e9n se fortalece y muestra de aquello es que hace algunos d\u00edas el profesor Felipe Alfaro, acad\u00e9mico del Departamento de Ciencias Sociales y Humanidades de la casa de estudios regional, se adjudic\u00f3 un Fondo Nacional de Desarrollo Cient\u00edfico y Tecnol\u00f3gico (Fondecyt) en la categor\u00eda de Iniciaci\u00f3n para desarrollar el proyecto \u00abProcesos de h\u00e1bito en el consumo de drogas a trav\u00e9s de la transferencia Pavloviano-Instrumental\u00bb. Cabe se\u00f1alar, que este competitivo fondo es otorgado por la Agencia Nacional de Investigaci\u00f3n y Desarrollo (ANID), para apoyar proyectos de investigaci\u00f3n cient\u00edfica y tecnol\u00f3gica en todas las \u00e1reas del conocimiento, que sean liderados por investigadores en etapa inicial de su carrera acad\u00e9mica.<\/p>\n<p dir=\"ltr\" style=\"text-align: justify;\">Seg\u00fan lo informado por el Dr. Alfaro, el\u00a0 Fondecyt de Iniciaci\u00f3n \u00abProcesos de h\u00e1bito en el consumo de drogas a trav\u00e9s de la transferencia Pavloviano-Instrumental\u00bb, \u00abes una forma de investigar los mecanismos asociativos y de aprendizaje que podemos encontrar en el consumo de drogas. Lo voy a hacer a trav\u00e9s de paradigmas experimentales asociativos basados en el aprendizaje pavloviano-instrumental y yo creo que es una buena forma de comprender c\u00f3mo las personas pueden dejarse llevar por h\u00e1bitos en el momento de controlar sus conductas al impulso de consumir drogas. Espero permita comprender c\u00f3mo las personas pueden iniciar ese tipo de conductas incluso sabiendo los efectos perjudiciales que puede tener el consumo de drogas en exceso y que eso, a su vez, nos permita abordar el tema de mejor manera\u00bb, explic\u00f3.<\/p>\n<p dir=\"ltr\" style=\"text-align: justify;\">Por su parte, el Director General Acad\u00e9mico de la Universidad de Ays\u00e9n, Marco Vega L\u00f3pez, valor\u00f3 la adjudicaci\u00f3n de este Fondecyt y felicit\u00f3 al Dr. Alfaro por este importante logro. \u00abPara la Universidad de Ays\u00e9n es muy importante que el profesor Felipe Alfaro se haya adjudicado este fondo. Sin duda es importante para el acad\u00e9mico, desde el punto de vista de su investigaci\u00f3n, pero para nuestra instituci\u00f3n significa un desarrollo y fortalecimiento de la investigaci\u00f3n, adem\u00e1s tiene mucho que ver con lo que somos, con lo que hacemos, y adem\u00e1s destacamos la importancia del tema de la investigaci\u00f3n, que aborda una problem\u00e1tica relacionada al consumo de drogas, que es muy relevante para la regi\u00f3n; as\u00ed que estamos muy contentos, muy felices de que el profesor Alfaro inicie este proyecto que puede dar, el d\u00eda de ma\u00f1ana, lugar a otras investigaciones en las mismas l\u00edneas, as\u00ed que ha sido una buena noticia para la universidad\u00bb, enfatiz\u00f3.<\/p>\n<p dir=\"ltr\" style=\"text-align: justify;\">Respecto al proyecto a ejecutar, el acad\u00e9mico de la Universidad de Ays\u00e9n se\u00f1al\u00f3 que la investigaci\u00f3n se va a desarrollar de manera \u00edntegra en la Universidad de Ays\u00e9n y en todo el territorio de Coyhaique. \u00abVamos a hacer experimentos programados en computadores y vamos a\u00a0 darle uso para los estudiantes\u00a0 de psicolog\u00eda de la Universidad, voy a ver si algunos de ellos me pueden ayudar a realizar esto y espero que se pueda abordar en toda la poblaci\u00f3n de la regi\u00f3n\u00bb, puntualiz\u00f3.<\/p>\n<p dir=\"ltr\" style=\"text-align: justify;\">Finalmente, el Dr. Alfaro declar\u00f3 estar muy satisfecho con este logro para su carrera acad\u00e9mica y para el desarrollo de la investigaci\u00f3n de la UAys\u00e9n. \u00abBueno, yo estoy muy contento de haber podido adjudicar el Fondecyt de Iniciaci\u00f3n. Es uno de los pocos fondos de investigaci\u00f3n cient\u00edfica nacionales que es muy competitivo para los acad\u00e9micos y profesores que est\u00e1n en las universidades y se me ha dado la oportunidad y la capacidad de poder adjudicarme el Fondecyt este a\u00f1o. Es muy bueno para el desarrollo y el fortalecimiento de los profesores del departamento. Tengo colegas que me ayudaron a revisar, que me ayudaron con sus consejos y estoy muy agradecido de que todos ellos hayan podido poner su granito de arena para ayudar a obtener este logro\u00bb, se\u00f1al\u00f3 el acad\u00e9mico UAys\u00e9n.<\/p>\n<\/div><\/section><\/div><div  style='height:50px' class='hr hr-invisible   avia-builder-el-6  el_after_av_one_full  el_before_av_social_share '><span class='hr-inner ' ><span class='hr-inner-style'><\/span><\/span><\/div><\/p>\n<div  class='av-social-sharing-box  avia-builder-el-7  el_after_av_hr  el_before_av_hr  '><div class='av-share-box'><h5 class='av-share-link-description av-no-toc '>Compartir esta noticia<\/h5><ul class='av-share-box-list noLightbox'><li class='av-share-link av-social-link-facebook' ><a target=\"_blank\" aria-label=\"Compartir en Facebook\" href='https:\/\/www.facebook.com\/sharer.php?u=https:\/\/radiorevelacionfm.cl\/?p=49505&#038;t=Acad%C3%A9mico%20UAys%C3%A9n%20se%20adjudica%20competitivo%20fondo%20nacional%20de%20investigaci%C3%B3n' aria-hidden='false' data-av_icon='\ue8f3' data-av_iconfont='entypo-fontello' title='' data-avia-related-tooltip='Compartir en Facebook' rel=\"noopener\"><span class='avia_hidden_link_text'>Compartir en Facebook<\/span><\/a><\/li><li class='av-share-link av-social-link-twitter' ><a target=\"_blank\" aria-label=\"Compartir en Twitter\" href='https:\/\/twitter.com\/share?text=Acad%C3%A9mico%20UAys%C3%A9n%20se%20adjudica%20competitivo%20fondo%20nacional%20de%20investigaci%C3%B3n&#038;url=https:\/\/radiorevelacionfm.cl\/?p=49505' aria-hidden='false' data-av_icon='\ue8f1' data-av_iconfont='entypo-fontello' title='' data-avia-related-tooltip='Compartir en Twitter' rel=\"noopener\"><span class='avia_hidden_link_text'>Compartir en Twitter<\/span><\/a><\/li><li class='av-share-link av-social-link-whatsapp' ><a target=\"_blank\" aria-label=\"Compartir en Whatsapp\" href='https:\/\/api.whatsapp.com\/send?text=https:\/\/radiorevelacionfm.cl\/?p=49505' aria-hidden='false' data-av_icon='\uf232' data-av_iconfont='entypo-fontello' title='' data-avia-related-tooltip='Compartir en Whatsapp' rel=\"noopener\"><span class='avia_hidden_link_text'>Compartir en Whatsapp<\/span><\/a><\/li><li class='av-share-link av-social-link-linkedin' ><a target=\"_blank\" aria-label=\"Compartir en LinkedIn\" href='https:\/\/linkedin.com\/shareArticle?mini=true&#038;title=Acad%C3%A9mico%20UAys%C3%A9n%20se%20adjudica%20competitivo%20fondo%20nacional%20de%20investigaci%C3%B3n&#038;url=https:\/\/radiorevelacionfm.cl\/?p=49505' aria-hidden='false' data-av_icon='\ue8fc' data-av_iconfont='entypo-fontello' title='' data-avia-related-tooltip='Compartir en LinkedIn' rel=\"noopener\"><span class='avia_hidden_link_text'>Compartir en LinkedIn<\/span><\/a><\/li><li class='av-share-link av-social-link-mail' ><a  aria-label=\"Compartir por correo\" href='mailto:?subject=Acad%C3%A9mico%20UAys%C3%A9n%20se%20adjudica%20competitivo%20fondo%20nacional%20de%20investigaci%C3%B3n&#038;body=https:\/\/radiorevelacionfm.cl\/?p=49505' aria-hidden='false' data-av_icon='\ue805' data-av_iconfont='entypo-fontello' title='' data-avia-related-tooltip='Compartir por correo'><span class='avia_hidden_link_text'>Compartir por correo<\/span><\/a><\/li><\/ul><\/div><\/div>\n<div  style='height:50px' class='hr hr-invisible   avia-builder-el-8  el_after_av_social_share  el_before_av_comments_list '><span class='hr-inner ' ><span class='hr-inner-style'><\/span><\/span><\/div>\n<div  class='av-buildercomment  av-blog-meta-html-info-disabled av-blog-meta-tag-disabled  '><\/div>\n","protected":false},"excerpt":{"rendered":"","protected":false},"author":1,"featured_media":49506,"comment_status":"open","ping_status":"open","sticky":false,"template":"","format":"standard","meta":{"footnotes":""},"categories":[49],"tags":[],"class_list":["post-49505","post","type-post","status-publish","format-standard","has-post-thumbnail","hentry","category-educacion"],"jetpack_featured_media_url":"https:\/\/radiorevelacionfm.cl\/wp-content\/uploads\/2025\/01\/FelipeAlfaro-1-1.jpeg","_links":{"self":[{"href":"https:\/\/radiorevelacionfm.cl\/index.php?rest_route=\/wp\/v2\/posts\/49505","targetHints":{"allow":["GET"]}}],"collection":[{"href":"https:\/\/radiorevelacionfm.cl\/index.php?rest_route=\/wp\/v2\/posts"}],"about":[{"href":"https:\/\/radiorevelacionfm.cl\/index.php?rest_route=\/wp\/v2\/types\/post"}],"author":[{"embeddable":true,"href":"https:\/\/radiorevelacionfm.cl\/index.php?rest_route=\/wp\/v2\/users\/1"}],"replies":[{"embeddable":true,"href":"https:\/\/radiorevelacionfm.cl\/index.php?rest_route=%2Fwp%2Fv2%2Fcomments&post=49505"}],"version-history":[{"count":1,"href":"https:\/\/radiorevelacionfm.cl\/index.php?rest_route=\/wp\/v2\/posts\/49505\/revisions"}],"predecessor-version":[{"id":49507,"href":"https:\/\/radiorevelacionfm.cl\/index.php?rest_route=\/wp\/v2\/posts\/49505\/revisions\/49507"}],"wp:featuredmedia":[{"embeddable":true,"href":"https:\/\/radiorevelacionfm.cl\/index.php?rest_route=\/wp\/v2\/media\/49506"}],"wp:attachment":[{"href":"https:\/\/radiorevelacionfm.cl\/index.php?rest_route=%2Fwp%2Fv2%2Fmedia&parent=49505"}],"wp:term":[{"taxonomy":"category","embeddable":true,"href":"https:\/\/radiorevelacionfm.cl\/index.php?rest_route=%2Fwp%2Fv2%2Fcategories&post=49505"},{"taxonomy":"post_tag","embeddable":true,"href":"https:\/\/radiorevelacionfm.cl\/index.php?rest_route=%2Fwp%2Fv2%2Ftags&post=49505"}],"curies":[{"name":"wp","href":"https:\/\/api.w.org\/{rel}","templated":true}]}}