{"id":49502,"date":"2025-01-09T15:35:18","date_gmt":"2025-01-09T18:35:18","guid":{"rendered":"https:\/\/radiorevelacionfm.cl\/?p=49502"},"modified":"2025-01-09T15:35:18","modified_gmt":"2025-01-09T18:35:18","slug":"mop-expone-cartera-de-proyectos-a-alcaldes-de-la-zona-norte-y-sur-de-la-region","status":"publish","type":"post","link":"https:\/\/radiorevelacionfm.cl\/?p=49502","title":{"rendered":"MOP expone cartera de proyectos a alcaldes de la zona norte y sur de la regi\u00f3n"},"content":{"rendered":"<div class=\"flex_column av_one_full  flex_column_div av-zero-column-padding first  avia-builder-el-0  el_before_av_one_full  avia-builder-el-first  \" style='border-radius:0px; '><div  class='avia-image-container  av-styling-    avia-builder-el-1  avia-builder-el-no-sibling  avia-align-center '  itemprop=\"image\" itemscope=\"itemscope\" itemtype=\"https:\/\/schema.org\/ImageObject\"  ><div class='avia-image-container-inner'><div class='avia-image-overlay-wrap'><img decoding=\"async\" class='wp-image-49503 avia-img-lazy-loading-not-49503 avia_image' src=\"https:\/\/radiorevelacionfm.cl\/wp-content\/uploads\/2025\/01\/IMG-20250108-WA0036-2-1-1.jpg\" alt='' title='IMG-20250108-WA0036 (2) (1) (1)' height=\"600\" width=\"900\"  itemprop=\"thumbnailUrl\" srcset=\"https:\/\/radiorevelacionfm.cl\/wp-content\/uploads\/2025\/01\/IMG-20250108-WA0036-2-1-1.jpg 900w, https:\/\/radiorevelacionfm.cl\/wp-content\/uploads\/2025\/01\/IMG-20250108-WA0036-2-1-1-300x200.jpg 300w, https:\/\/radiorevelacionfm.cl\/wp-content\/uploads\/2025\/01\/IMG-20250108-WA0036-2-1-1-768x512.jpg 768w, https:\/\/radiorevelacionfm.cl\/wp-content\/uploads\/2025\/01\/IMG-20250108-WA0036-2-1-1-705x470.jpg 705w, https:\/\/radiorevelacionfm.cl\/wp-content\/uploads\/2025\/01\/IMG-20250108-WA0036-2-1-1-450x300.jpg 450w, https:\/\/radiorevelacionfm.cl\/wp-content\/uploads\/2025\/01\/IMG-20250108-WA0036-2-1-1-600x400.jpg 600w\" sizes=\"(max-width: 900px) 100vw, 900px\" \/><\/div><\/div><\/div><\/div><div class=\"flex_column av_one_full  flex_column_div av-zero-column-padding first  avia-builder-el-2  el_after_av_one_full  el_before_av_one_full  column-top-margin\" style='border-radius:0px; '><section class=\"av_textblock_section \"  itemscope=\"itemscope\" itemtype=\"https:\/\/schema.org\/BlogPosting\" itemprop=\"blogPost\" ><div class='avia_textblock  '   itemprop=\"text\" ><p style=\"text-align: center;\"><strong><span style=\"font-size: 18pt;\">MOP expone cartera de proyectos a alcaldes de la zona norte y sur de la regi\u00f3n<\/span><\/strong><\/p>\n<div id=\"gtx-trans\" style=\"position: absolute; left: -50px; top: 4.31534px;\">\n<div class=\"gtx-trans-icon\"><\/div>\n<\/div>\n<\/div><\/section><\/div><div class=\"flex_column av_one_full  flex_column_div av-zero-column-padding first  avia-builder-el-4  el_after_av_one_full  el_before_av_hr  column-top-margin\" style='border-radius:0px; '><section class=\"av_textblock_section \"  itemscope=\"itemscope\" itemtype=\"https:\/\/schema.org\/BlogPosting\" itemprop=\"blogPost\" ><div class='avia_textblock  '   itemprop=\"text\" ><p style=\"text-align: justify;\">La Secretaria Regional Ministerial de Obras P\u00fablicas, Paloma Jara Vald\u00e9s, inici\u00f3 un intenso trabajo de di\u00e1logo con los nuevos alcaldes y alcaldesas de las distintas comunas de la Regi\u00f3n, con el objetivo de interiorizar a los equipos municipales sobre la cartera de \u00a0proyectos e inversi\u00f3n que el Ministerio de Obras P\u00fablicas est\u00e1 materializando en comunas como Las Guaitecas, Cochrane, Tortel y Lago Verde.<\/p>\n<p style=\"text-align: justify;\">Acerca de este trabajo en terreno, colaborativo y en sinton\u00eda con los representantes de la comunidad, la SEREMI del MOP expres\u00f3: \u201cDurante esta semana nos hemos reunido con distintos Alcaldes, tanto de la zona norte como de la zona sur para comenzar a acompa\u00f1arlos en el proceso de visualizar la cartera que el Ministerio de Obras P\u00fablicas tiene en la regi\u00f3n de Ays\u00e9n para las distintas comunas\u201d.<\/p>\n<p style=\"text-align: justify;\">\u201cEn particular, resaltar la reuni\u00f3n que sostuvimos con el Alcalde de Cochrane donde pudimos hablar de la problem\u00e1tica de la pavimentaci\u00f3n del acceso norte, d\u00e1ndole la certeza de que estamos cumpliendo los compromisos como gobierno y avanzando con soluciones concretas para la familia; tambi\u00e9n nos reunimos con la Alcaldesa de Lago Verde que se interioriz\u00f3 acerca de todos los proyectos que el Ministerio est\u00e1 desarrollando en su comuna; nos reunimos con el Alcalde de Las Guaitecas un municipio que tiene amplios desaf\u00edos y que concentrar\u00e1 uno de los proyectos de Agua Potable Rural m\u00e1s importante del pa\u00eds durante el a\u00f1o 2025; y tambi\u00e9n estuvimos con la Alcaldesa de Tortel donde pudimos plantear problem\u00e1ticas de Servicios Sanitarios Rurales. Es importante que cada uno de los municipios conozca su cartera de proyectos y por eso les hemos ido contando que durante el mes de enero vamos a visitar cada uno de los municipios para que as\u00ed cada Concejo Municipal pueda conocer su cartera de proyectos y los avances que tenemos en los contratos que son de importancia para toda la regi\u00f3n, como por ejemplo la Ruta7\u201d, agreg\u00f3.<\/p>\n<p style=\"text-align: justify;\">La autoridad regional de Obras P\u00fablicas destac\u00f3 la pavimentaci\u00f3n de la Ruta 7, tramo Confluencia-Chacabuco, en Cochrane, que est\u00e1 ad-portas de ser adjudicada y tambi\u00e9n la restituci\u00f3n del cauce del R\u00edo Cochrane que realizar\u00e1 la Direcci\u00f3n de Obras Hidr\u00e1ulicas, mientras que en Tortel se impulsa conservaci\u00f3n al Servicio Sanitario Rural, proyecto socializado con la nueva alcaldesa Marisela Jim\u00e9nez.<\/p>\n<p style=\"text-align: justify;\">En Lago Verde tambi\u00e9n se convers\u00f3 con la alcaldesa Claudia Vald\u00e9s sobre el trabajo de la Direcci\u00f3n de Obras Portuarias para la conservaci\u00f3n de la infraestructura que actualmente existe en el muelle del Lago que le da nombre a la comuna y las iniciativas de la cartera preliminar del Plan Especial de Zonas Extremas, como un nuevo Borde Costero de Lago Verde. En esta misma localidad, tambi\u00e9n est\u00e1 pronta la licitaci\u00f3n de un tramo de 10 kil\u00f3metros de suelo cemento en su acceso.<\/p>\n<p style=\"text-align: justify;\">Por otra parte respecto de Las Guaitecas, asegur\u00f3 la Seremi Paloma Jara, \u201cnuestra misi\u00f3n es la conservaci\u00f3n del SSR y tambi\u00e9n la infraestructura que va a ser acompa\u00f1ada por la Direcci\u00f3n de Arquitectura, que es el Liceo de la comuna\u201d.<\/p>\n<p style=\"text-align: justify;\">Consultado el Alcalde de la comuna de Las Guaitecas Bans Puinao Carimoney sobre las obras e inversi\u00f3n en su comuna y el trabajo mancomunado con el MOP para mejorar bienestar de las y los vecinos, la autoridad destac\u00f3: \u201cHoy d\u00eda tuvimos una reuni\u00f3n con el Director de Vialidad en donde estamos viendo c\u00f3mo vamos a trabajar de aqu\u00ed en adelante\u00a0 con el camino Melinka-Repollal y ah\u00ed nos dio luces de algunos proyectos que se est\u00e1n haciendo y dise\u00f1ando a corto, mediano y largo plazo; tambi\u00e9n estuvimos con la directora de Aeropuertos, con quien vimos la inversi\u00f3n que hace poco tuvo nuestro Aer\u00f3dromo en Las Guaitecas de alrededor de 800 millones de pesos y que contempl\u00f3 ensanchamiento y cambio de luces, entre otras labores que se realizaron, as\u00ed que tambi\u00e9n estamos muy contentos con esas acciones y proyect\u00e1ndonos para futuras inversiones para la comuna de Las Guaitecas. El d\u00eda de ayer estuvimos con Arquitectura y con ellos estamos viendo lo que corresponde al Dise\u00f1o del nuevo Complejo Educacional\u00a0 -Liceo de Melinka-, los avances obtenidos durante este tiempo y c\u00f3mo va a ser la carta Gantt de aqu\u00ed en adelante. Por la ma\u00f1ana vamos a tener una reuni\u00f3n importante con la Direcci\u00f3n Regional de Obras Hidr\u00e1ulicas (DOH) para ver el proyecto grande que se est\u00e1 desarrollando en Las Guaitecas que es el Servicio Sanitario Rural en Melinka. Estamos muy contentos, tuvimos el privilegio de hablar con la SEREMI del MOP Ays\u00e9n Paloma Jara quien nos entreg\u00f3 su saludo protocolar. Estamos muy contentos por lo que estamos desarrollando en la capital regional. Son actividades que tenemos que desarrollar al m\u00e1ximo, tenemos una agenda muy apretada durante estos d\u00edas que estamos en Coyhaique, y vamos de vuelta con mucha informaci\u00f3n y muchas tareas que desarrollar para el beneficio de nuestros vecinos y vecinas tanto para Melinka, Repollal, Isla Mochey como para Guaitecas en general\u201d.<\/p>\n<p style=\"text-align: justify;\">Esta serie de encuentros es la antesala a una ambiciosa gira que la seremi Paloma Jara Vald\u00e9s y su equipo realizar\u00e1n en las 10 comunas de la Regi\u00f3n durante la segunda mitad de enero para socializar la cartera de proyectos que el Ministerio de Obras P\u00fablicas est\u00e1 trabajando para el largo plazo.<\/p>\n<\/div><\/section><\/div><div  style='height:50px' class='hr hr-invisible   avia-builder-el-6  el_after_av_one_full  el_before_av_social_share '><span class='hr-inner ' ><span class='hr-inner-style'><\/span><\/span><\/div><\/p>\n<div  class='av-social-sharing-box  avia-builder-el-7  el_after_av_hr  el_before_av_hr  '><div class='av-share-box'><h5 class='av-share-link-description av-no-toc '>Compartir esta noticia<\/h5><ul class='av-share-box-list noLightbox'><li class='av-share-link av-social-link-facebook' ><a target=\"_blank\" aria-label=\"Compartir en Facebook\" href='https:\/\/www.facebook.com\/sharer.php?u=https:\/\/radiorevelacionfm.cl\/?p=49502&#038;t=MOP%20expone%20cartera%20de%20proyectos%20a%20alcaldes%20de%20la%20zona%20norte%20y%20sur%20de%20la%20regi%C3%B3n' aria-hidden='false' data-av_icon='\ue8f3' data-av_iconfont='entypo-fontello' title='' data-avia-related-tooltip='Compartir en Facebook' rel=\"noopener\"><span class='avia_hidden_link_text'>Compartir en Facebook<\/span><\/a><\/li><li class='av-share-link av-social-link-twitter' ><a target=\"_blank\" aria-label=\"Compartir en Twitter\" href='https:\/\/twitter.com\/share?text=MOP%20expone%20cartera%20de%20proyectos%20a%20alcaldes%20de%20la%20zona%20norte%20y%20sur%20de%20la%20regi%C3%B3n&#038;url=https:\/\/radiorevelacionfm.cl\/?p=49502' aria-hidden='false' data-av_icon='\ue8f1' data-av_iconfont='entypo-fontello' title='' data-avia-related-tooltip='Compartir en Twitter' rel=\"noopener\"><span class='avia_hidden_link_text'>Compartir en Twitter<\/span><\/a><\/li><li class='av-share-link av-social-link-whatsapp' ><a target=\"_blank\" aria-label=\"Compartir en Whatsapp\" href='https:\/\/api.whatsapp.com\/send?text=https:\/\/radiorevelacionfm.cl\/?p=49502' aria-hidden='false' data-av_icon='\uf232' data-av_iconfont='entypo-fontello' title='' data-avia-related-tooltip='Compartir en Whatsapp' rel=\"noopener\"><span class='avia_hidden_link_text'>Compartir en Whatsapp<\/span><\/a><\/li><li class='av-share-link av-social-link-linkedin' ><a target=\"_blank\" aria-label=\"Compartir en LinkedIn\" href='https:\/\/linkedin.com\/shareArticle?mini=true&#038;title=MOP%20expone%20cartera%20de%20proyectos%20a%20alcaldes%20de%20la%20zona%20norte%20y%20sur%20de%20la%20regi%C3%B3n&#038;url=https:\/\/radiorevelacionfm.cl\/?p=49502' aria-hidden='false' data-av_icon='\ue8fc' data-av_iconfont='entypo-fontello' title='' data-avia-related-tooltip='Compartir en LinkedIn' rel=\"noopener\"><span class='avia_hidden_link_text'>Compartir en LinkedIn<\/span><\/a><\/li><li class='av-share-link av-social-link-mail' ><a  aria-label=\"Compartir por correo\" href='mailto:?subject=MOP%20expone%20cartera%20de%20proyectos%20a%20alcaldes%20de%20la%20zona%20norte%20y%20sur%20de%20la%20regi%C3%B3n&#038;body=https:\/\/radiorevelacionfm.cl\/?p=49502' aria-hidden='false' data-av_icon='\ue805' data-av_iconfont='entypo-fontello' title='' data-avia-related-tooltip='Compartir por correo'><span class='avia_hidden_link_text'>Compartir por correo<\/span><\/a><\/li><\/ul><\/div><\/div>\n<div  style='height:50px' class='hr hr-invisible   avia-builder-el-8  el_after_av_social_share  el_before_av_comments_list '><span class='hr-inner ' ><span class='hr-inner-style'><\/span><\/span><\/div>\n<div  class='av-buildercomment  av-blog-meta-html-info-disabled av-blog-meta-tag-disabled  '><\/div>\n","protected":false},"excerpt":{"rendered":"","protected":false},"author":1,"featured_media":49503,"comment_status":"open","ping_status":"open","sticky":false,"template":"","format":"standard","meta":{"footnotes":""},"categories":[38],"tags":[],"class_list":["post-49502","post","type-post","status-publish","format-standard","has-post-thumbnail","hentry","category-regional"],"jetpack_featured_media_url":"https:\/\/radiorevelacionfm.cl\/wp-content\/uploads\/2025\/01\/IMG-20250108-WA0036-2-1-1.jpg","_links":{"self":[{"href":"https:\/\/radiorevelacionfm.cl\/index.php?rest_route=\/wp\/v2\/posts\/49502","targetHints":{"allow":["GET"]}}],"collection":[{"href":"https:\/\/radiorevelacionfm.cl\/index.php?rest_route=\/wp\/v2\/posts"}],"about":[{"href":"https:\/\/radiorevelacionfm.cl\/index.php?rest_route=\/wp\/v2\/types\/post"}],"author":[{"embeddable":true,"href":"https:\/\/radiorevelacionfm.cl\/index.php?rest_route=\/wp\/v2\/users\/1"}],"replies":[{"embeddable":true,"href":"https:\/\/radiorevelacionfm.cl\/index.php?rest_route=%2Fwp%2Fv2%2Fcomments&post=49502"}],"version-history":[{"count":1,"href":"https:\/\/radiorevelacionfm.cl\/index.php?rest_route=\/wp\/v2\/posts\/49502\/revisions"}],"predecessor-version":[{"id":49504,"href":"https:\/\/radiorevelacionfm.cl\/index.php?rest_route=\/wp\/v2\/posts\/49502\/revisions\/49504"}],"wp:featuredmedia":[{"embeddable":true,"href":"https:\/\/radiorevelacionfm.cl\/index.php?rest_route=\/wp\/v2\/media\/49503"}],"wp:attachment":[{"href":"https:\/\/radiorevelacionfm.cl\/index.php?rest_route=%2Fwp%2Fv2%2Fmedia&parent=49502"}],"wp:term":[{"taxonomy":"category","embeddable":true,"href":"https:\/\/radiorevelacionfm.cl\/index.php?rest_route=%2Fwp%2Fv2%2Fcategories&post=49502"},{"taxonomy":"post_tag","embeddable":true,"href":"https:\/\/radiorevelacionfm.cl\/index.php?rest_route=%2Fwp%2Fv2%2Ftags&post=49502"}],"curies":[{"name":"wp","href":"https:\/\/api.w.org\/{rel}","templated":true}]}}