{"id":49499,"date":"2025-01-09T20:31:56","date_gmt":"2025-01-09T23:31:56","guid":{"rendered":"https:\/\/radiorevelacionfm.cl\/?p=49499"},"modified":"2025-01-09T20:31:56","modified_gmt":"2025-01-09T23:31:56","slug":"mas-del-90-de-avance-presenta-proyecto-de-sistema-de-captacion-de-agua-potable-en-islas-huichas","status":"publish","type":"post","link":"https:\/\/radiorevelacionfm.cl\/?p=49499","title":{"rendered":"M\u00e1s del 90% de avance presenta proyecto de sistema de captaci\u00f3n de agua potable en Islas Huichas"},"content":{"rendered":"<div class=\"flex_column av_one_full  flex_column_div av-zero-column-padding first  avia-builder-el-0  el_before_av_one_full  avia-builder-el-first  \" style='border-radius:0px; '><div  class='avia-image-container  av-styling-    avia-builder-el-1  avia-builder-el-no-sibling  avia-align-center '  itemprop=\"image\" itemscope=\"itemscope\" itemtype=\"https:\/\/schema.org\/ImageObject\"  ><div class='avia-image-container-inner'><div class='avia-image-overlay-wrap'><img decoding=\"async\" class='wp-image-49500 avia-img-lazy-loading-not-49500 avia_image' src=\"https:\/\/radiorevelacionfm.cl\/wp-content\/uploads\/2025\/01\/20250107_152420-1_optimized.jpg\" alt='' title='20250107_152420-(1)_optimized' height=\"600\" width=\"800\"  itemprop=\"thumbnailUrl\" srcset=\"https:\/\/radiorevelacionfm.cl\/wp-content\/uploads\/2025\/01\/20250107_152420-1_optimized.jpg 800w, https:\/\/radiorevelacionfm.cl\/wp-content\/uploads\/2025\/01\/20250107_152420-1_optimized-300x225.jpg 300w, https:\/\/radiorevelacionfm.cl\/wp-content\/uploads\/2025\/01\/20250107_152420-1_optimized-768x576.jpg 768w, https:\/\/radiorevelacionfm.cl\/wp-content\/uploads\/2025\/01\/20250107_152420-1_optimized-705x529.jpg 705w, https:\/\/radiorevelacionfm.cl\/wp-content\/uploads\/2025\/01\/20250107_152420-1_optimized-450x338.jpg 450w, https:\/\/radiorevelacionfm.cl\/wp-content\/uploads\/2025\/01\/20250107_152420-1_optimized-600x450.jpg 600w\" sizes=\"(max-width: 800px) 100vw, 800px\" \/><\/div><\/div><\/div><\/div><div class=\"flex_column av_one_full  flex_column_div av-zero-column-padding first  avia-builder-el-2  el_after_av_one_full  el_before_av_one_full  column-top-margin\" style='border-radius:0px; '><section class=\"av_textblock_section \"  itemscope=\"itemscope\" itemtype=\"https:\/\/schema.org\/BlogPosting\" itemprop=\"blogPost\" ><div class='avia_textblock  '   itemprop=\"text\" ><p style=\"text-align: center;\"><strong><span style=\"font-size: 18pt;\">M\u00e1s del 90% de avance presenta proyecto de sistema de captaci\u00f3n de agua potable en Islas Huichas<\/span><\/strong><\/p>\n<div id=\"gtx-trans\" style=\"position: absolute; left: -50px; top: 4.31534px;\">\n<div class=\"gtx-trans-icon\"><\/div>\n<\/div>\n<\/div><\/section><\/div><div class=\"flex_column av_one_full  flex_column_div av-zero-column-padding first  avia-builder-el-4  el_after_av_one_full  el_before_av_hr  column-top-margin\" style='border-radius:0px; '><section class=\"av_textblock_section \"  itemscope=\"itemscope\" itemtype=\"https:\/\/schema.org\/BlogPosting\" itemprop=\"blogPost\" ><div class='avia_textblock  '   itemprop=\"text\" ><p style=\"text-align: justify;\"><em>Adem\u00e1s, se revis\u00f3 el actual estado del gimnasio Demetrio C\u00e1rdenas a fin de planificar mantenciones preventivas que permitan el correcto funcionamiento del recinto deportivo. <\/em><\/p>\n<p style=\"text-align: justify;\">Un importante avance que bordea el 90 por ciento de ejecuci\u00f3n presenta la obra denominada \u201cConservaci\u00f3n servicio sanitario rural Islas Huichas\u201d. Iniciativa que en los \u00faltimos d\u00edas fue visitada e inspeccionada en forma conjunta por la directiva del comit\u00e9 de Agua Potable Rural de la Isla, y el equipo de la Direcci\u00f3n de Obras Municipales.<\/p>\n<p style=\"text-align: justify;\">La instancia, que se dio en el marco del primer arribo de Luis Mart\u00ednez, como alcalde de la comuna de Ays\u00e9n, hasta el territorio insular; contempl\u00f3 a concejales y directores de diversos estamentos municipales, con el fin de revisar requerimientos y analizar la proyecci\u00f3n del sector en la presente administraci\u00f3n.<\/p>\n<p style=\"text-align: justify;\">Al respecto, el proyecto -que considera la construcci\u00f3n de un estanque de regulaci\u00f3n para satisfacer la necesidad h\u00eddrica de la localidad, mediante la construcci\u00f3n de un estanque de captaci\u00f3n de hormig\u00f3n armado G-25 de 100 m3-, se encuentra en etapa de finalizaci\u00f3n de instalaci\u00f3n de sus \u00faltimas partidas, para posteriormente realizar la planificaci\u00f3n para la debida puesta en marcha.<\/p>\n<p style=\"text-align: justify;\">Esta obra, cuya ejecuci\u00f3n contempla una inversi\u00f3n superior a los 230 millones de pesos, financiados por la Subsecretar\u00eda de Desarrollo Regional y Administrativo, SUBDERE, naci\u00f3 a ra\u00edz de la necesidad hist\u00f3rica de este vital elemento, por parte de los vecinos y vecinas de Islas Huichas, especialmente durante el verano; cuya instalaci\u00f3n permitir\u00e1 una mayor entrega de abastecimiento en periodo de escasez.<\/p>\n<p style=\"text-align: justify;\">En este sentido, para la consecuci\u00f3n de esta importante obra fue fundamental el compromiso y la gesti\u00f3n de quienes integran el Comit\u00e9 de Agua Potable Rural de Islas Huichas -encabezado por H\u00e9ctor Medi-, asimismo, el proyecto t\u00e9cnico, que naci\u00f3 desde la Direcci\u00f3n de Obras Hidr\u00e1ulicas del MOP que, de manera colaborativa tom\u00f3 luego el \u00e1rea de SECPLAN del municipio aysenino, que elabor\u00f3 la iniciativa, logrando su aprobaci\u00f3n y posterior financiamiento.<\/p>\n<p style=\"text-align: justify;\">As\u00ed lo indic\u00f3 el director de Obras Municipales, Sebasti\u00e1n Villagra, quien constat\u00f3 en terreno el correcto avance del proyecto. El directivo, adem\u00e1s, dio cuenta de la visita al gimnasio Demetrio C\u00e1rdenas Ojeda, en que se realiz\u00f3 una revisi\u00f3n del estado actual del recinto deportivo. \u201cPudimos ver el estado actual de la instalaci\u00f3n para planificar mantenciones preventivas y as\u00ed asegurar la calidad y el correcto funcionamiento de esta infraestructura que pudimos ejecutar exitosamente hace algunos a\u00f1os\u201d, se\u00f1al\u00f3 Villagra Espinoza. \u201cEstos dos hitos dan cuenta de la motivaci\u00f3n y la preocupaci\u00f3n del municipio por la ejecuci\u00f3n de infraestructuras en las localidades, esperamos poder continuar desarrollando nuestra funci\u00f3n, como es fiscalizar, y retornar prontamente a Islas Huichas, con m\u00e1s proyectos e iniciativas\u201d.<\/p>\n<p style=\"text-align: justify;\">Se espera que en un m\u00e1ximo de dos semanas culmine la ejecuci\u00f3n del sistema de captaci\u00f3n de aguas en Huichas.<\/p>\n<\/div><\/section><\/div><div  style='height:50px' class='hr hr-invisible   avia-builder-el-6  el_after_av_one_full  el_before_av_social_share '><span class='hr-inner ' ><span class='hr-inner-style'><\/span><\/span><\/div><\/p>\n<div  class='av-social-sharing-box  avia-builder-el-7  el_after_av_hr  el_before_av_hr  '><div class='av-share-box'><h5 class='av-share-link-description av-no-toc '>Compartir esta noticia<\/h5><ul class='av-share-box-list noLightbox'><li class='av-share-link av-social-link-facebook' ><a target=\"_blank\" aria-label=\"Compartir en Facebook\" href='https:\/\/www.facebook.com\/sharer.php?u=https:\/\/radiorevelacionfm.cl\/?p=49499&#038;t=M%C3%A1s%20del%2090%25%20de%20avance%20presenta%20proyecto%20de%20sistema%20de%20captaci%C3%B3n%20de%20agua%20potable%20en%20Islas%20Huichas' aria-hidden='false' data-av_icon='\ue8f3' data-av_iconfont='entypo-fontello' title='' data-avia-related-tooltip='Compartir en Facebook' rel=\"noopener\"><span class='avia_hidden_link_text'>Compartir en Facebook<\/span><\/a><\/li><li class='av-share-link av-social-link-twitter' ><a target=\"_blank\" aria-label=\"Compartir en Twitter\" href='https:\/\/twitter.com\/share?text=M%C3%A1s%20del%2090%25%20de%20avance%20presenta%20proyecto%20de%20sistema%20de%20captaci%C3%B3n%20de%20agua%20potable%20en%20Islas%20Huichas&#038;url=https:\/\/radiorevelacionfm.cl\/?p=49499' aria-hidden='false' data-av_icon='\ue8f1' data-av_iconfont='entypo-fontello' title='' data-avia-related-tooltip='Compartir en Twitter' rel=\"noopener\"><span class='avia_hidden_link_text'>Compartir en Twitter<\/span><\/a><\/li><li class='av-share-link av-social-link-whatsapp' ><a target=\"_blank\" aria-label=\"Compartir en Whatsapp\" href='https:\/\/api.whatsapp.com\/send?text=https:\/\/radiorevelacionfm.cl\/?p=49499' aria-hidden='false' data-av_icon='\uf232' data-av_iconfont='entypo-fontello' title='' data-avia-related-tooltip='Compartir en Whatsapp' rel=\"noopener\"><span class='avia_hidden_link_text'>Compartir en Whatsapp<\/span><\/a><\/li><li class='av-share-link av-social-link-linkedin' ><a target=\"_blank\" aria-label=\"Compartir en LinkedIn\" href='https:\/\/linkedin.com\/shareArticle?mini=true&#038;title=M%C3%A1s%20del%2090%25%20de%20avance%20presenta%20proyecto%20de%20sistema%20de%20captaci%C3%B3n%20de%20agua%20potable%20en%20Islas%20Huichas&#038;url=https:\/\/radiorevelacionfm.cl\/?p=49499' aria-hidden='false' data-av_icon='\ue8fc' data-av_iconfont='entypo-fontello' title='' data-avia-related-tooltip='Compartir en LinkedIn' rel=\"noopener\"><span class='avia_hidden_link_text'>Compartir en LinkedIn<\/span><\/a><\/li><li class='av-share-link av-social-link-mail' ><a  aria-label=\"Compartir por correo\" href='mailto:?subject=M%C3%A1s%20del%2090%25%20de%20avance%20presenta%20proyecto%20de%20sistema%20de%20captaci%C3%B3n%20de%20agua%20potable%20en%20Islas%20Huichas&#038;body=https:\/\/radiorevelacionfm.cl\/?p=49499' aria-hidden='false' data-av_icon='\ue805' data-av_iconfont='entypo-fontello' title='' data-avia-related-tooltip='Compartir por correo'><span class='avia_hidden_link_text'>Compartir por correo<\/span><\/a><\/li><\/ul><\/div><\/div>\n<div  style='height:50px' class='hr hr-invisible   avia-builder-el-8  el_after_av_social_share  el_before_av_comments_list '><span class='hr-inner ' ><span class='hr-inner-style'><\/span><\/span><\/div>\n<div  class='av-buildercomment  av-blog-meta-html-info-disabled av-blog-meta-tag-disabled  '><\/div>\n","protected":false},"excerpt":{"rendered":"","protected":false},"author":1,"featured_media":49500,"comment_status":"open","ping_status":"open","sticky":false,"template":"","format":"standard","meta":{"footnotes":""},"categories":[38],"tags":[],"class_list":["post-49499","post","type-post","status-publish","format-standard","has-post-thumbnail","hentry","category-regional"],"jetpack_featured_media_url":"https:\/\/radiorevelacionfm.cl\/wp-content\/uploads\/2025\/01\/20250107_152420-1_optimized.jpg","_links":{"self":[{"href":"https:\/\/radiorevelacionfm.cl\/index.php?rest_route=\/wp\/v2\/posts\/49499","targetHints":{"allow":["GET"]}}],"collection":[{"href":"https:\/\/radiorevelacionfm.cl\/index.php?rest_route=\/wp\/v2\/posts"}],"about":[{"href":"https:\/\/radiorevelacionfm.cl\/index.php?rest_route=\/wp\/v2\/types\/post"}],"author":[{"embeddable":true,"href":"https:\/\/radiorevelacionfm.cl\/index.php?rest_route=\/wp\/v2\/users\/1"}],"replies":[{"embeddable":true,"href":"https:\/\/radiorevelacionfm.cl\/index.php?rest_route=%2Fwp%2Fv2%2Fcomments&post=49499"}],"version-history":[{"count":1,"href":"https:\/\/radiorevelacionfm.cl\/index.php?rest_route=\/wp\/v2\/posts\/49499\/revisions"}],"predecessor-version":[{"id":49501,"href":"https:\/\/radiorevelacionfm.cl\/index.php?rest_route=\/wp\/v2\/posts\/49499\/revisions\/49501"}],"wp:featuredmedia":[{"embeddable":true,"href":"https:\/\/radiorevelacionfm.cl\/index.php?rest_route=\/wp\/v2\/media\/49500"}],"wp:attachment":[{"href":"https:\/\/radiorevelacionfm.cl\/index.php?rest_route=%2Fwp%2Fv2%2Fmedia&parent=49499"}],"wp:term":[{"taxonomy":"category","embeddable":true,"href":"https:\/\/radiorevelacionfm.cl\/index.php?rest_route=%2Fwp%2Fv2%2Fcategories&post=49499"},{"taxonomy":"post_tag","embeddable":true,"href":"https:\/\/radiorevelacionfm.cl\/index.php?rest_route=%2Fwp%2Fv2%2Ftags&post=49499"}],"curies":[{"name":"wp","href":"https:\/\/api.w.org\/{rel}","templated":true}]}}