{"id":49496,"date":"2025-01-09T14:54:36","date_gmt":"2025-01-09T17:54:36","guid":{"rendered":"https:\/\/radiorevelacionfm.cl\/?p=49496"},"modified":"2025-01-09T14:54:36","modified_gmt":"2025-01-09T17:54:36","slug":"festival-internacional-de-musica-en-la-patagonia-revela-la-programacion-de-su-xi-version","status":"publish","type":"post","link":"https:\/\/radiorevelacionfm.cl\/?p=49496","title":{"rendered":"Festival Internacional de M\u00fasica en la Patagonia revela la programaci\u00f3n de su XI versi\u00f3n"},"content":{"rendered":"<div class=\"flex_column av_one_full  flex_column_div av-zero-column-padding first  avia-builder-el-0  el_before_av_one_full  avia-builder-el-first  \" style='border-radius:0px; '><div  class='avia-image-container  av-styling-    avia-builder-el-1  avia-builder-el-no-sibling  avia-align-center '  itemprop=\"image\" itemscope=\"itemscope\" itemtype=\"https:\/\/schema.org\/ImageObject\"  ><div class='avia-image-container-inner'><div class='avia-image-overlay-wrap'><img decoding=\"async\" class='wp-image-49497 avia-img-lazy-loading-not-49497 avia_image' src=\"https:\/\/radiorevelacionfm.cl\/wp-content\/uploads\/2025\/01\/xi-festival-internacional-de-mUsica-en-la-patagonia-1-1_optimized-1.jpg\" alt='' title='xi-festival-internacional-de-m\u00dasica-en-la-patagonia-(1)-(1)_optimized (1)' height=\"1130\" width=\"799\"  itemprop=\"thumbnailUrl\" srcset=\"https:\/\/radiorevelacionfm.cl\/wp-content\/uploads\/2025\/01\/xi-festival-internacional-de-mUsica-en-la-patagonia-1-1_optimized-1.jpg 799w, https:\/\/radiorevelacionfm.cl\/wp-content\/uploads\/2025\/01\/xi-festival-internacional-de-mUsica-en-la-patagonia-1-1_optimized-1-212x300.jpg 212w, https:\/\/radiorevelacionfm.cl\/wp-content\/uploads\/2025\/01\/xi-festival-internacional-de-mUsica-en-la-patagonia-1-1_optimized-1-728x1030.jpg 728w, https:\/\/radiorevelacionfm.cl\/wp-content\/uploads\/2025\/01\/xi-festival-internacional-de-mUsica-en-la-patagonia-1-1_optimized-1-768x1086.jpg 768w, https:\/\/radiorevelacionfm.cl\/wp-content\/uploads\/2025\/01\/xi-festival-internacional-de-mUsica-en-la-patagonia-1-1_optimized-1-498x705.jpg 498w, https:\/\/radiorevelacionfm.cl\/wp-content\/uploads\/2025\/01\/xi-festival-internacional-de-mUsica-en-la-patagonia-1-1_optimized-1-450x636.jpg 450w, https:\/\/radiorevelacionfm.cl\/wp-content\/uploads\/2025\/01\/xi-festival-internacional-de-mUsica-en-la-patagonia-1-1_optimized-1-600x849.jpg 600w\" sizes=\"(max-width: 799px) 100vw, 799px\" \/><\/div><\/div><\/div><\/div><div class=\"flex_column av_one_full  flex_column_div av-zero-column-padding first  avia-builder-el-2  el_after_av_one_full  el_before_av_one_full  column-top-margin\" style='border-radius:0px; '><section class=\"av_textblock_section \"  itemscope=\"itemscope\" itemtype=\"https:\/\/schema.org\/BlogPosting\" itemprop=\"blogPost\" ><div class='avia_textblock  '   itemprop=\"text\" ><p style=\"text-align: center;\"><strong><span style=\"font-size: 18pt;\">Festival Internacional de M\u00fasica en la Patagonia revela la programaci\u00f3n de su XI versi\u00f3n<\/span><\/strong><\/p>\n<div id=\"gtx-trans\" style=\"position: absolute; left: -50px; top: 4.31534px;\">\n<div class=\"gtx-trans-icon\"><\/div>\n<\/div>\n<\/div><\/section><\/div><div class=\"flex_column av_one_full  flex_column_div av-zero-column-padding first  avia-builder-el-4  el_after_av_one_full  el_before_av_hr  column-top-margin\" style='border-radius:0px; '><section class=\"av_textblock_section \"  itemscope=\"itemscope\" itemtype=\"https:\/\/schema.org\/BlogPosting\" itemprop=\"blogPost\" ><div class='avia_textblock  '   itemprop=\"text\" ><div>\n<p class=\"v1MsoNormal\" style=\"text-align: justify;\">La m\u00fasica volver\u00e1 a llenar de armon\u00eda el Centro Cultural Coyhaique durante la und\u00e9cima edici\u00f3n del Festival Internacional de M\u00fasica en la Patagonia (FIMP), que se llevar\u00e1 a cabo del 1 al 7 de febrero de 2025. Este prestigioso evento cultural, parte del proyecto FIMP 2025-2026, cuenta con el financiamiento del Fondo de la M\u00fasica Nacional, convocatoria 2024, del Ministerio de las Culturas, las Artes y el Patrimonio.<\/p>\n<p class=\"v1MsoNormal\" style=\"text-align: justify;\">El XI FIMP reunir\u00e1 a destacados artistas nacionales e internacionales. Entre los invitados de renombre figuran el director de orquesta \u00edtalo-brasile\u00f1o Alessandro Borgomanero, la violonchelista espa\u00f1ola Elisa R. S\u00e1daba y el pianista y compositor argentino Jorge Pepi-Alos. Tambi\u00e9n se presentar\u00e1n m\u00fasicos chilenos reconocidos, como la violinista Tania Donoso, la violista Carola Fredes y el guitarrista y compositor Javier Contreras.<\/p>\n<p class=\"v1MsoNormal\" style=\"text-align: justify;\">La participaci\u00f3n regional ser\u00e1 uno de los ejes del festival, con destacados artistas de Ays\u00e9n que dar\u00e1n un sello \u00fanico al evento. Entre ellos, los pianistas coyhaiquinos Ricardo Bahamondez e Ignacio Gonz\u00e1lez, el contrabajista Andr\u00e9s Guerrero, y el Dueto \u00d1ire, compuesto por \u00c1ngel R\u00edos y Alex Venegas.<\/p>\n<p class=\"v1MsoNormal\" style=\"text-align: justify;\"><b>Programaci\u00f3n del XI FIMP<\/b><\/p>\n<ul style=\"text-align: justify;\" type=\"disc\">\n<li class=\"v1MsoNormal\"><b>Concierto de Apertura<\/b>: s\u00e1bado 1 de febrero, 19:00 horas, Centro Cultural Coyhaique.<br \/>\nDe solos y duetos, conversaciones y pensamientos desde el barroco al siglo XX, con los maestros de FIMP 2025.<\/li>\n<li class=\"v1MsoNormal\"><b>Segundo Concierto<\/b>: lunes 3 de febrero, 19:00 horas,\u00a0Centro Cultural Coyhaique.<br \/>\nObras maestras en los pilares de j\u00f3venes compositores que marcaron el desarrollo art\u00edstico musical del siglo XIX.<\/li>\n<li class=\"v1MsoNormal\"><b>Tercer Concierto<\/b>: mi\u00e9rcoles 5 de febrero, 19:00 horas,\u00a0Centro Cultural Coyhaique.<br \/>\nGuitarra, piano y cuerdas dibujan un nuevo mapa hacia los desconocidos universos sonoros del futuro en que vivimos.<\/li>\n<li class=\"v1MsoNormal\"><b>Concierto Fundaci\u00f3n<\/b>: jueves 6 de febrero, 12:00 horas, Museo Regional de Ays\u00e9n.<br \/>\nUn espacio para conectarnos con quienes hacen posible FIMP, junto a colaboradores y miembros de la comunidad comprometidos con el crecimiento de este festival.<\/li>\n<li class=\"v1MsoNormal\"><b>Concierto Academia FIMP<\/b>: jueves 6 de febrero, 19:00 horas,\u00a0Centro Cultural Coyhaique.<br \/>\nNuestros visitantes de la academia nos cuentan sus historias, a trav\u00e9s de una amplia muestra art\u00edstica.<\/li>\n<li class=\"v1MsoNormal\"><b>Concierto de Clausura<\/b>: viernes 7 de febrero, 19:00 horas,\u00a0Centro Cultural Coyhaique.<br \/>\nEstudiantes y maestros despiden esta aventura desde el paisaje de Ays\u00e9n, con un concierto que une sus voces en vibrantes obras orquestales.<\/li>\n<\/ul>\n<p class=\"v1MsoNormal\" style=\"text-align: justify;\">Con entrada gratuita para todos los conciertos, el FIMP no solo promete un gran nivel art\u00edstico, sino tambi\u00e9n un compromiso con la difusi\u00f3n cultural en la regi\u00f3n de Ays\u00e9n. Para m\u00e1s informaci\u00f3n y detalles sobre c\u00f3mo adquirir las entradas y conocer la programaci\u00f3n, se puede visitar el sitio web oficial del festival,\u00a0<a href=\"http:\/\/www.fimp.cl\/\" target=\"_blank\" rel=\"noopener noreferrer\">www.fimp.cl<\/a>.<\/p>\n<p class=\"v1MsoNormal\" style=\"text-align: justify;\"><b>Un llamado a la comunidad: \u00abAcoge a un estudiante\u00bb<\/b><\/p>\n<p class=\"v1MsoNormal\" style=\"text-align: justify;\">El FIMP invita a las familias de Coyhaique a formar parte activa del festival a trav\u00e9s del programa\u00a0<i>\u00abAcoge a un estudiante\u00bb<\/i>. Este proyecto busca conectar a la comunidad local con los estudiantes de la Academia FIMP, ofreciendo la oportunidad de recibir en sus hogares a uno o m\u00e1s participantes entre el 1 y el 7 de febrero.<\/p>\n<p class=\"v1MsoNormal\" style=\"text-align: justify;\">La experiencia no solo permite crear lazos \u00fanicos y enriquecedores con j\u00f3venes talentos de la m\u00fasica, sino que tambi\u00e9n refuerza el esp\u00edritu comunitario y cultural que caracteriza al festival. Las familias interesadas pueden inscribirse completando el formulario disponible en la p\u00e1gina web del festival.<\/p>\n<\/div>\n<div style=\"text-align: justify;\"><\/div>\n<\/div><\/section><\/div><div  style='height:50px' class='hr hr-invisible   avia-builder-el-6  el_after_av_one_full  el_before_av_social_share '><span class='hr-inner ' ><span class='hr-inner-style'><\/span><\/span><\/div><\/p>\n<div  class='av-social-sharing-box  avia-builder-el-7  el_after_av_hr  el_before_av_hr  '><div class='av-share-box'><h5 class='av-share-link-description av-no-toc '>Compartir esta noticia<\/h5><ul class='av-share-box-list noLightbox'><li class='av-share-link av-social-link-facebook' ><a target=\"_blank\" aria-label=\"Compartir en Facebook\" href='https:\/\/www.facebook.com\/sharer.php?u=https:\/\/radiorevelacionfm.cl\/?p=49496&#038;t=Festival%20Internacional%20de%20M%C3%BAsica%20en%20la%20Patagonia%20revela%20la%20programaci%C3%B3n%20de%20su%20XI%20versi%C3%B3n' aria-hidden='false' data-av_icon='\ue8f3' data-av_iconfont='entypo-fontello' title='' data-avia-related-tooltip='Compartir en Facebook' rel=\"noopener\"><span class='avia_hidden_link_text'>Compartir en Facebook<\/span><\/a><\/li><li class='av-share-link av-social-link-twitter' ><a target=\"_blank\" aria-label=\"Compartir en Twitter\" href='https:\/\/twitter.com\/share?text=Festival%20Internacional%20de%20M%C3%BAsica%20en%20la%20Patagonia%20revela%20la%20programaci%C3%B3n%20de%20su%20XI%20versi%C3%B3n&#038;url=https:\/\/radiorevelacionfm.cl\/?p=49496' aria-hidden='false' data-av_icon='\ue8f1' data-av_iconfont='entypo-fontello' title='' data-avia-related-tooltip='Compartir en Twitter' rel=\"noopener\"><span class='avia_hidden_link_text'>Compartir en Twitter<\/span><\/a><\/li><li class='av-share-link av-social-link-whatsapp' ><a target=\"_blank\" aria-label=\"Compartir en Whatsapp\" href='https:\/\/api.whatsapp.com\/send?text=https:\/\/radiorevelacionfm.cl\/?p=49496' aria-hidden='false' data-av_icon='\uf232' data-av_iconfont='entypo-fontello' title='' data-avia-related-tooltip='Compartir en Whatsapp' rel=\"noopener\"><span class='avia_hidden_link_text'>Compartir en Whatsapp<\/span><\/a><\/li><li class='av-share-link av-social-link-linkedin' ><a target=\"_blank\" aria-label=\"Compartir en LinkedIn\" href='https:\/\/linkedin.com\/shareArticle?mini=true&#038;title=Festival%20Internacional%20de%20M%C3%BAsica%20en%20la%20Patagonia%20revela%20la%20programaci%C3%B3n%20de%20su%20XI%20versi%C3%B3n&#038;url=https:\/\/radiorevelacionfm.cl\/?p=49496' aria-hidden='false' data-av_icon='\ue8fc' data-av_iconfont='entypo-fontello' title='' data-avia-related-tooltip='Compartir en LinkedIn' rel=\"noopener\"><span class='avia_hidden_link_text'>Compartir en LinkedIn<\/span><\/a><\/li><li class='av-share-link av-social-link-mail' ><a  aria-label=\"Compartir por correo\" href='mailto:?subject=Festival%20Internacional%20de%20M%C3%BAsica%20en%20la%20Patagonia%20revela%20la%20programaci%C3%B3n%20de%20su%20XI%20versi%C3%B3n&#038;body=https:\/\/radiorevelacionfm.cl\/?p=49496' aria-hidden='false' data-av_icon='\ue805' data-av_iconfont='entypo-fontello' title='' data-avia-related-tooltip='Compartir por correo'><span class='avia_hidden_link_text'>Compartir por correo<\/span><\/a><\/li><\/ul><\/div><\/div>\n<div  style='height:50px' class='hr hr-invisible   avia-builder-el-8  el_after_av_social_share  el_before_av_comments_list '><span class='hr-inner ' ><span class='hr-inner-style'><\/span><\/span><\/div>\n<div  class='av-buildercomment  av-blog-meta-html-info-disabled av-blog-meta-tag-disabled  '><\/div>\n","protected":false},"excerpt":{"rendered":"","protected":false},"author":1,"featured_media":49497,"comment_status":"open","ping_status":"open","sticky":false,"template":"","format":"standard","meta":{"footnotes":""},"categories":[43],"tags":[],"class_list":["post-49496","post","type-post","status-publish","format-standard","has-post-thumbnail","hentry","category-musica"],"jetpack_featured_media_url":"https:\/\/radiorevelacionfm.cl\/wp-content\/uploads\/2025\/01\/xi-festival-internacional-de-mUsica-en-la-patagonia-1-1_optimized-1.jpg","_links":{"self":[{"href":"https:\/\/radiorevelacionfm.cl\/index.php?rest_route=\/wp\/v2\/posts\/49496","targetHints":{"allow":["GET"]}}],"collection":[{"href":"https:\/\/radiorevelacionfm.cl\/index.php?rest_route=\/wp\/v2\/posts"}],"about":[{"href":"https:\/\/radiorevelacionfm.cl\/index.php?rest_route=\/wp\/v2\/types\/post"}],"author":[{"embeddable":true,"href":"https:\/\/radiorevelacionfm.cl\/index.php?rest_route=\/wp\/v2\/users\/1"}],"replies":[{"embeddable":true,"href":"https:\/\/radiorevelacionfm.cl\/index.php?rest_route=%2Fwp%2Fv2%2Fcomments&post=49496"}],"version-history":[{"count":1,"href":"https:\/\/radiorevelacionfm.cl\/index.php?rest_route=\/wp\/v2\/posts\/49496\/revisions"}],"predecessor-version":[{"id":49498,"href":"https:\/\/radiorevelacionfm.cl\/index.php?rest_route=\/wp\/v2\/posts\/49496\/revisions\/49498"}],"wp:featuredmedia":[{"embeddable":true,"href":"https:\/\/radiorevelacionfm.cl\/index.php?rest_route=\/wp\/v2\/media\/49497"}],"wp:attachment":[{"href":"https:\/\/radiorevelacionfm.cl\/index.php?rest_route=%2Fwp%2Fv2%2Fmedia&parent=49496"}],"wp:term":[{"taxonomy":"category","embeddable":true,"href":"https:\/\/radiorevelacionfm.cl\/index.php?rest_route=%2Fwp%2Fv2%2Fcategories&post=49496"},{"taxonomy":"post_tag","embeddable":true,"href":"https:\/\/radiorevelacionfm.cl\/index.php?rest_route=%2Fwp%2Fv2%2Ftags&post=49496"}],"curies":[{"name":"wp","href":"https:\/\/api.w.org\/{rel}","templated":true}]}}