{"id":49493,"date":"2025-01-09T13:37:59","date_gmt":"2025-01-09T16:37:59","guid":{"rendered":"https:\/\/radiorevelacionfm.cl\/?p=49493"},"modified":"2025-01-09T13:37:59","modified_gmt":"2025-01-09T16:37:59","slug":"segunda-convocatoria-del-subsidio-electrico-beneficiara-a-casi-13-mil-hogares-en-la-region-de-aysen","status":"publish","type":"post","link":"https:\/\/radiorevelacionfm.cl\/?p=49493","title":{"rendered":"Segunda Convocatoria del Subsidio el\u00e9ctrico beneficiar\u00e1 a casi 13 mil hogares en la regi\u00f3n de Ays\u00e9n"},"content":{"rendered":"<div class=\"flex_column av_one_full  flex_column_div av-zero-column-padding first  avia-builder-el-0  el_before_av_one_full  avia-builder-el-first  \" style='border-radius:0px; '><div  class='avia-image-container  av-styling-    avia-builder-el-1  avia-builder-el-no-sibling  avia-align-center '  itemprop=\"image\" itemscope=\"itemscope\" itemtype=\"https:\/\/schema.org\/ImageObject\"  ><div class='avia-image-container-inner'><div class='avia-image-overlay-wrap'><img decoding=\"async\" class='wp-image-49494 avia-img-lazy-loading-not-49494 avia_image' src=\"https:\/\/radiorevelacionfm.cl\/wp-content\/uploads\/2025\/01\/foto-subsidio-2-1-1_optimized.jpeg\" alt='' title='foto-subsidio-2-(1)-(1)_optimized' height=\"645\" width=\"800\"  itemprop=\"thumbnailUrl\" srcset=\"https:\/\/radiorevelacionfm.cl\/wp-content\/uploads\/2025\/01\/foto-subsidio-2-1-1_optimized.jpeg 800w, https:\/\/radiorevelacionfm.cl\/wp-content\/uploads\/2025\/01\/foto-subsidio-2-1-1_optimized-300x242.jpeg 300w, https:\/\/radiorevelacionfm.cl\/wp-content\/uploads\/2025\/01\/foto-subsidio-2-1-1_optimized-768x619.jpeg 768w, https:\/\/radiorevelacionfm.cl\/wp-content\/uploads\/2025\/01\/foto-subsidio-2-1-1_optimized-495x400.jpeg 495w, https:\/\/radiorevelacionfm.cl\/wp-content\/uploads\/2025\/01\/foto-subsidio-2-1-1_optimized-705x568.jpeg 705w, https:\/\/radiorevelacionfm.cl\/wp-content\/uploads\/2025\/01\/foto-subsidio-2-1-1_optimized-450x363.jpeg 450w, https:\/\/radiorevelacionfm.cl\/wp-content\/uploads\/2025\/01\/foto-subsidio-2-1-1_optimized-600x484.jpeg 600w\" sizes=\"(max-width: 800px) 100vw, 800px\" \/><\/div><\/div><\/div><\/div><div class=\"flex_column av_one_full  flex_column_div av-zero-column-padding first  avia-builder-el-2  el_after_av_one_full  el_before_av_one_full  column-top-margin\" style='border-radius:0px; '><section class=\"av_textblock_section \"  itemscope=\"itemscope\" itemtype=\"https:\/\/schema.org\/BlogPosting\" itemprop=\"blogPost\" ><div class='avia_textblock  '   itemprop=\"text\" ><p style=\"text-align: center;\"><strong><span style=\"font-size: 18pt;\">Segunda Convocatoria del Subsidio el\u00e9ctrico beneficiar\u00e1 a casi 13 mil hogares en la regi\u00f3n de Ays\u00e9n<\/span><\/strong><\/p>\n<div id=\"gtx-trans\" style=\"position: absolute; left: -50px; top: 4.31534px;\">\n<div class=\"gtx-trans-icon\"><\/div>\n<\/div>\n<\/div><\/section><\/div><div class=\"flex_column av_one_full  flex_column_div av-zero-column-padding first  avia-builder-el-4  el_after_av_one_full  el_before_av_hr  column-top-margin\" style='border-radius:0px; '><section class=\"av_textblock_section \"  itemscope=\"itemscope\" itemtype=\"https:\/\/schema.org\/BlogPosting\" itemprop=\"blogPost\" ><div class='avia_textblock  '   itemprop=\"text\" ><p style=\"text-align: justify;\">El Seremi de Energ\u00eda, Tom\u00e1s Laibe, entreg\u00f3 los resultados del segundo proceso de postulaci\u00f3n del subsidio el\u00e9ctrico correspondiente al primer semestre de 2025, el cual beneficiar\u00e1 a 12.977 hogares de la regi\u00f3n de Ays\u00e9n, cerca de 2000 solicitudes adicionales al proceso anterior y que constituyen un 45,06% de cobertura, pertenecientes al tramo del 40% m\u00e1s vulnerable del Registro Social de Hogares, adem\u00e1s de 33 electrodependientes que recibir\u00e1n esta ayuda econ\u00f3mica.<\/p>\n<p style=\"text-align: justify;\">Al respecto la autoridad regional de Energ\u00eda destac\u00f3 que \u201cestamos muy satisfechos porque tenemos casi 13 mil hogares beneficiados con esta segunda convocatoria que permitir\u00e1 un descuento mensual en las cuentas de electricidad\u00a0desde enero hasta junio de este a\u00f1o. Adem\u00e1s, es importante destacar que esta labor fue posible gracias al trabajo conjunto entre distintas instituciones como la Seremi del Trabajo y Previsi\u00f3n Social a trav\u00e9s de Chile Atiende y del Instituto de Previsi\u00f3n Social lo que nos permiti\u00f3 contar con un proceso de postulaci\u00f3n m\u00e1s cercano r\u00e1pido y \u00f3ptimo\u201d.<\/p>\n<p style=\"text-align: justify;\">Por su parte la Seremi del Trabajo y Previsi\u00f3n Social, Camila Covarrubias, dijo que \u201cdesde la Seremi del trabajo nos gustar\u00eda destacar el trabajo de los funcionarios y funcionarias de Chile Atiende, IPS y por supuesto de la Seremi de Energ\u00eda, ya que gracias a su compromiso pudimos llegar a un alto porcentaje de familias vulnerables de nuestra regi\u00f3n y esperamos que esta ayuda se transforme en un aporte a las econom\u00edas familiares\u201d.<\/p>\n<p style=\"text-align: justify;\">Las postulaciones se concentraron principalmente en las comunas de Coyhaique, Puerto Ays\u00e9n, Lago Verde, Cisnes, Cochrane, Chile Chico e Ib\u00e1\u00f1ez.\u00a0 Al respecto, el Director del IPS Chile Atiende Rodrigo D\u00edaz Cordaro indic\u00f3 que \u201ccomo IPS estamos muy contentos con los resultados de esta segunda convocatoria del Subsidio El\u00e9ctrico, ya que estuvimos constantemente desplegados en terreno con nuestros m\u00f3viles en las distintas localidades entregando informaci\u00f3n y apoyando en la postulaci\u00f3n para que el mayor n\u00famero de personas pudiesen acceder a este importante beneficio\u201d.<\/p>\n<p style=\"text-align: justify;\">Finalmente, el Seremi Laibe recalc\u00f3 que \u201ces importante destacar que este es un beneficio in\u00e9dito instaurado por nuestro gobierno para apoyar a las familias m\u00e1s vulnerables y que estamos proponiendo ampliar a trav\u00e9s de un proyecto de ley que aumenta la cobertura, crea un mecanismo de rebaja tarifaria para MiPymes y Servicios Sanitarios Rurales y permitir\u00e1 implementar un programa nacional de techos solares residenciales. Esperamos contar con el apoyo legislativo para poder concretar este importante proyecto\u201d<\/p>\n<p style=\"text-align: justify;\">Los resultados se encuentran disponibles en el sitio web\u00a0<a href=\"http:\/\/www.xn--subsidioelctrico-kqb.cl\/\">www.subsidioel\u00e9ctrico.cl<\/a>\u00a0ingresando su Clave\u00danica.<\/p>\n<table width=\"100%\">\n<tbody>\n<tr>\n<td width=\"39%\">Comuna<\/td>\n<td width=\"61%\">N\u00b0 beneficiarios subsidio el\u00e9ctrico<\/td>\n<\/tr>\n<tr>\n<td width=\"39%\">Coyhaique<\/td>\n<td width=\"61%\">7523<\/td>\n<\/tr>\n<tr>\n<td width=\"39%\">Lago Verde<\/td>\n<td width=\"61%\">61<\/td>\n<\/tr>\n<tr>\n<td width=\"39%\">Ays\u00e9n<\/td>\n<td width=\"61%\">3186<\/td>\n<\/tr>\n<tr>\n<td width=\"39%\">Cisnes<\/td>\n<td width=\"61%\">390<\/td>\n<\/tr>\n<tr>\n<td width=\"39%\">Cochrane<\/td>\n<td width=\"61%\">489<\/td>\n<\/tr>\n<tr>\n<td width=\"39%\">Chile Chico<\/td>\n<td width=\"61%\">854<\/td>\n<\/tr>\n<tr>\n<td width=\"39%\">R\u00edo Ib\u00e1\u00f1ez<\/td>\n<td width=\"61%\">474<\/td>\n<\/tr>\n<tr>\n<td width=\"39%\">Electrodependientes*<\/td>\n<td width=\"61%\">33<\/td>\n<\/tr>\n<tr>\n<td width=\"39%\">Total<\/td>\n<td width=\"61%\">12977<\/td>\n<\/tr>\n<\/tbody>\n<\/table>\n<p style=\"text-align: justify;\">Asimismo, la informaci\u00f3n estar\u00e1 disponible en los canales de atenci\u00f3n presencial y telef\u00f3nica de ChileAtiende a lo largo del pa\u00eds.<\/p>\n<\/div><\/section><\/div><div  style='height:50px' class='hr hr-invisible   avia-builder-el-6  el_after_av_one_full  el_before_av_social_share '><span class='hr-inner ' ><span class='hr-inner-style'><\/span><\/span><\/div><\/p>\n<div  class='av-social-sharing-box  avia-builder-el-7  el_after_av_hr  el_before_av_hr  '><div class='av-share-box'><h5 class='av-share-link-description av-no-toc '>Compartir esta noticia<\/h5><ul class='av-share-box-list noLightbox'><li class='av-share-link av-social-link-facebook' ><a target=\"_blank\" aria-label=\"Compartir en Facebook\" href='https:\/\/www.facebook.com\/sharer.php?u=https:\/\/radiorevelacionfm.cl\/?p=49493&#038;t=Segunda%20Convocatoria%20del%20Subsidio%20el%C3%A9ctrico%20beneficiar%C3%A1%20a%20casi%2013%20mil%20hogares%20en%20la%20regi%C3%B3n%20de%20Ays%C3%A9n' aria-hidden='false' data-av_icon='\ue8f3' data-av_iconfont='entypo-fontello' title='' data-avia-related-tooltip='Compartir en Facebook' rel=\"noopener\"><span class='avia_hidden_link_text'>Compartir en Facebook<\/span><\/a><\/li><li class='av-share-link av-social-link-twitter' ><a target=\"_blank\" aria-label=\"Compartir en Twitter\" href='https:\/\/twitter.com\/share?text=Segunda%20Convocatoria%20del%20Subsidio%20el%C3%A9ctrico%20beneficiar%C3%A1%20a%20casi%2013%20mil%20hogares%20en%20la%20regi%C3%B3n%20de%20Ays%C3%A9n&#038;url=https:\/\/radiorevelacionfm.cl\/?p=49493' aria-hidden='false' data-av_icon='\ue8f1' data-av_iconfont='entypo-fontello' title='' data-avia-related-tooltip='Compartir en Twitter' rel=\"noopener\"><span class='avia_hidden_link_text'>Compartir en Twitter<\/span><\/a><\/li><li class='av-share-link av-social-link-whatsapp' ><a target=\"_blank\" aria-label=\"Compartir en Whatsapp\" href='https:\/\/api.whatsapp.com\/send?text=https:\/\/radiorevelacionfm.cl\/?p=49493' aria-hidden='false' data-av_icon='\uf232' data-av_iconfont='entypo-fontello' title='' data-avia-related-tooltip='Compartir en Whatsapp' rel=\"noopener\"><span class='avia_hidden_link_text'>Compartir en Whatsapp<\/span><\/a><\/li><li class='av-share-link av-social-link-linkedin' ><a target=\"_blank\" aria-label=\"Compartir en LinkedIn\" href='https:\/\/linkedin.com\/shareArticle?mini=true&#038;title=Segunda%20Convocatoria%20del%20Subsidio%20el%C3%A9ctrico%20beneficiar%C3%A1%20a%20casi%2013%20mil%20hogares%20en%20la%20regi%C3%B3n%20de%20Ays%C3%A9n&#038;url=https:\/\/radiorevelacionfm.cl\/?p=49493' aria-hidden='false' data-av_icon='\ue8fc' data-av_iconfont='entypo-fontello' title='' data-avia-related-tooltip='Compartir en LinkedIn' rel=\"noopener\"><span class='avia_hidden_link_text'>Compartir en LinkedIn<\/span><\/a><\/li><li class='av-share-link av-social-link-mail' ><a  aria-label=\"Compartir por correo\" href='mailto:?subject=Segunda%20Convocatoria%20del%20Subsidio%20el%C3%A9ctrico%20beneficiar%C3%A1%20a%20casi%2013%20mil%20hogares%20en%20la%20regi%C3%B3n%20de%20Ays%C3%A9n&#038;body=https:\/\/radiorevelacionfm.cl\/?p=49493' aria-hidden='false' data-av_icon='\ue805' data-av_iconfont='entypo-fontello' title='' data-avia-related-tooltip='Compartir por correo'><span class='avia_hidden_link_text'>Compartir por correo<\/span><\/a><\/li><\/ul><\/div><\/div>\n<div  style='height:50px' class='hr hr-invisible   avia-builder-el-8  el_after_av_social_share  el_before_av_comments_list '><span class='hr-inner ' ><span class='hr-inner-style'><\/span><\/span><\/div>\n<div  class='av-buildercomment  av-blog-meta-html-info-disabled av-blog-meta-tag-disabled  '><\/div>\n","protected":false},"excerpt":{"rendered":"","protected":false},"author":1,"featured_media":49494,"comment_status":"open","ping_status":"open","sticky":false,"template":"","format":"standard","meta":{"footnotes":""},"categories":[38],"tags":[],"class_list":["post-49493","post","type-post","status-publish","format-standard","has-post-thumbnail","hentry","category-regional"],"jetpack_featured_media_url":"https:\/\/radiorevelacionfm.cl\/wp-content\/uploads\/2025\/01\/foto-subsidio-2-1-1_optimized.jpeg","_links":{"self":[{"href":"https:\/\/radiorevelacionfm.cl\/index.php?rest_route=\/wp\/v2\/posts\/49493","targetHints":{"allow":["GET"]}}],"collection":[{"href":"https:\/\/radiorevelacionfm.cl\/index.php?rest_route=\/wp\/v2\/posts"}],"about":[{"href":"https:\/\/radiorevelacionfm.cl\/index.php?rest_route=\/wp\/v2\/types\/post"}],"author":[{"embeddable":true,"href":"https:\/\/radiorevelacionfm.cl\/index.php?rest_route=\/wp\/v2\/users\/1"}],"replies":[{"embeddable":true,"href":"https:\/\/radiorevelacionfm.cl\/index.php?rest_route=%2Fwp%2Fv2%2Fcomments&post=49493"}],"version-history":[{"count":1,"href":"https:\/\/radiorevelacionfm.cl\/index.php?rest_route=\/wp\/v2\/posts\/49493\/revisions"}],"predecessor-version":[{"id":49495,"href":"https:\/\/radiorevelacionfm.cl\/index.php?rest_route=\/wp\/v2\/posts\/49493\/revisions\/49495"}],"wp:featuredmedia":[{"embeddable":true,"href":"https:\/\/radiorevelacionfm.cl\/index.php?rest_route=\/wp\/v2\/media\/49494"}],"wp:attachment":[{"href":"https:\/\/radiorevelacionfm.cl\/index.php?rest_route=%2Fwp%2Fv2%2Fmedia&parent=49493"}],"wp:term":[{"taxonomy":"category","embeddable":true,"href":"https:\/\/radiorevelacionfm.cl\/index.php?rest_route=%2Fwp%2Fv2%2Fcategories&post=49493"},{"taxonomy":"post_tag","embeddable":true,"href":"https:\/\/radiorevelacionfm.cl\/index.php?rest_route=%2Fwp%2Fv2%2Ftags&post=49493"}],"curies":[{"name":"wp","href":"https:\/\/api.w.org\/{rel}","templated":true}]}}