{"id":49490,"date":"2025-01-09T12:40:11","date_gmt":"2025-01-09T15:40:11","guid":{"rendered":"https:\/\/radiorevelacionfm.cl\/?p=49490"},"modified":"2025-01-09T12:40:11","modified_gmt":"2025-01-09T15:40:11","slug":"equipo-municipal-se-traslada-a-isla-las-huichas-para-levantar-requerimientos-de-la-propia-comunidad","status":"publish","type":"post","link":"https:\/\/radiorevelacionfm.cl\/?p=49490","title":{"rendered":"Equipo municipal se traslada a Isla Las Huichas para levantar requerimientos de la propia comunidad"},"content":{"rendered":"<div class=\"flex_column av_one_full  flex_column_div av-zero-column-padding first  avia-builder-el-0  el_before_av_one_full  avia-builder-el-first  \" style='border-radius:0px; '><div  class='avia-image-container  av-styling-    avia-builder-el-1  avia-builder-el-no-sibling  avia-align-center '  itemprop=\"image\" itemscope=\"itemscope\" itemtype=\"https:\/\/schema.org\/ImageObject\"  ><div class='avia-image-container-inner'><div class='avia-image-overlay-wrap'><img decoding=\"async\" class='wp-image-49491 avia-img-lazy-loading-not-49491 avia_image' src=\"https:\/\/radiorevelacionfm.cl\/wp-content\/uploads\/2025\/01\/20250107_160901-1_optimized-1.jpg\" alt='' title='20250107_160901-(1)_optimized (1)' height=\"600\" width=\"800\"  itemprop=\"thumbnailUrl\" srcset=\"https:\/\/radiorevelacionfm.cl\/wp-content\/uploads\/2025\/01\/20250107_160901-1_optimized-1.jpg 800w, https:\/\/radiorevelacionfm.cl\/wp-content\/uploads\/2025\/01\/20250107_160901-1_optimized-1-300x225.jpg 300w, https:\/\/radiorevelacionfm.cl\/wp-content\/uploads\/2025\/01\/20250107_160901-1_optimized-1-768x576.jpg 768w, https:\/\/radiorevelacionfm.cl\/wp-content\/uploads\/2025\/01\/20250107_160901-1_optimized-1-705x529.jpg 705w, https:\/\/radiorevelacionfm.cl\/wp-content\/uploads\/2025\/01\/20250107_160901-1_optimized-1-450x338.jpg 450w, https:\/\/radiorevelacionfm.cl\/wp-content\/uploads\/2025\/01\/20250107_160901-1_optimized-1-600x450.jpg 600w\" sizes=\"(max-width: 800px) 100vw, 800px\" \/><\/div><\/div><\/div><\/div><div class=\"flex_column av_one_full  flex_column_div av-zero-column-padding first  avia-builder-el-2  el_after_av_one_full  el_before_av_one_full  column-top-margin\" style='border-radius:0px; '><section class=\"av_textblock_section \"  itemscope=\"itemscope\" itemtype=\"https:\/\/schema.org\/BlogPosting\" itemprop=\"blogPost\" ><div class='avia_textblock  '   itemprop=\"text\" ><p style=\"text-align: center;\"><strong><span style=\"font-size: 18pt;\">Equipo municipal se traslada a Isla Las Huichas para levantar requerimientos de la propia comunidad<\/span><\/strong><\/p>\n<div id=\"gtx-trans\" style=\"position: absolute; left: -50px; top: 4.31534px;\">\n<div class=\"gtx-trans-icon\"><\/div>\n<\/div>\n<\/div><\/section><\/div><div class=\"flex_column av_one_full  flex_column_div av-zero-column-padding first  avia-builder-el-4  el_after_av_one_full  el_before_av_hr  column-top-margin\" style='border-radius:0px; '><section class=\"av_textblock_section \"  itemscope=\"itemscope\" itemtype=\"https:\/\/schema.org\/BlogPosting\" itemprop=\"blogPost\" ><div class='avia_textblock  '   itemprop=\"text\" ><p style=\"text-align: justify;\">El alcalde Luis Mart\u00ednez, los concejales Luis Mu\u00f1oz y Basilio Becerra, junto a varios directores municipales realizaron un recorrido para ver cu\u00e1les son los principales focos de trabajos urgentes para el desarrollo de las localidades isle\u00f1as.<\/p>\n<p style=\"text-align: justify;\">Puerto Aguirre, Estero Copa y Caleta Andrade en el pasado fueron unos de los focos econ\u00f3micos y tur\u00edsticos m\u00e1s importantes para la comuna de Ays\u00e9n. Hoy sus pobladores se sienten abandonados y sin consideraci\u00f3n por parte de sus autoridades, es por esto que el alcalde, luego de asentarse en su cargo en municipio, decidi\u00f3 que su primer viaje a terreno ser\u00eda al fiordo aysenino.<\/p>\n<p style=\"text-align: justify;\">El gimnasio municipal, las costas, \u00e1reas verdes, parques y veredas fueron parte de los lugares que visit\u00f3 la comitiva compuesta por miembros del Concejo Municipal y los directores de Aseo Ornato y Medio Ambiente, DAOMA; Obras Municipales, DOM; Secretar\u00eda de Planificaci\u00f3n Comunal, SECPLAN; y la Corporaci\u00f3n del Deporte y Recreaci\u00f3n.<\/p>\n<p style=\"text-align: justify;\">El alcalde Mart\u00ednez se refiri\u00f3 la visita comentando que \u201cfue una jornada muy productiva, desde temprano caminamos para presentar a nuestros profesionales quienes tienen directa relaci\u00f3n con lo que se requiere en la isla; limpieza, ornamentaci\u00f3n, pero tambi\u00e9n las peque\u00f1as obras a trav\u00e9s de los planes de mejoramiento urbano que hoy d\u00eda est\u00e1n sin el apoyo que deber\u00edan tener\u201d.<\/p>\n<p style=\"text-align: justify;\">\u201cTambi\u00e9n hablamos sobre los grandes proyectos, el alcantarillado, la consultor\u00eda, el estadio y por supuesto, otros m\u00e1s peque\u00f1os que quedaron comprometidos, que vamos a tratar de ver si es que est\u00e1n avanzados\u201d, expres\u00f3 el edil.<\/p>\n<p style=\"text-align: justify;\">Los concejales Mu\u00f1oz y Becerrra igualmente pudieron divisar algunos de los problemas, centr\u00e1ndose en el turismo y en el trabajo para los pobladores de la isla.<\/p>\n<p style=\"text-align: justify;\">\u201cFuimos invitados por el alcalde a hacer una visita las localidades de la zona y la verdad es que nos llevamos una sorpresa grand\u00edsima con el abandono de la isla, vi\u00e9ndolo desde un tema tur\u00edstico, yo creo que hay que poner una mano firme de trabajo ac\u00e1 en la localidad para embellecer a\u00fan m\u00e1s este, de por s\u00ed, hermoso lugar, ya que por lo que dicen los vecinos, vienen turistas todos los domingos, as\u00ed que hay que reforzar ese aspecto\u201d, explic\u00f3 el concejal Mu\u00f1oz.<\/p>\n<p style=\"text-align: justify;\">\u201cEn cada concejo municipal vamos a hacer presente esta situaci\u00f3n, para que podamos r\u00e1pidamente gestionar ante quien corresponda, la ejecuci\u00f3n de proyectos, para conseguirles el financiamiento. Esta es la manera en la podremos dar trabajo a cierta cantidad de personas que se encuentran desocupadas, as\u00ed podremos darles una manito como municipio\u201d, finaliz\u00f3 el concejal Becerra.<\/p>\n<p style=\"text-align: justify;\">Si bien la visita se extendi\u00f3 por s\u00f3lo una jornada, permiti\u00f3 el levantamiento de ideas para el inicio de avances, es por esto que la primera autoridad comunal se comprometi\u00f3 a retornar a la isla en aproximadamente dos semanas, para continuar conversando con los vecinos para trabajar en el desarrollo del Ays\u00e9n insular.<\/p>\n<\/div><\/section><\/div><div  style='height:50px' class='hr hr-invisible   avia-builder-el-6  el_after_av_one_full  el_before_av_social_share '><span class='hr-inner ' ><span class='hr-inner-style'><\/span><\/span><\/div><\/p>\n<div  class='av-social-sharing-box  avia-builder-el-7  el_after_av_hr  el_before_av_hr  '><div class='av-share-box'><h5 class='av-share-link-description av-no-toc '>Compartir esta noticia<\/h5><ul class='av-share-box-list noLightbox'><li class='av-share-link av-social-link-facebook' ><a target=\"_blank\" aria-label=\"Compartir en Facebook\" href='https:\/\/www.facebook.com\/sharer.php?u=https:\/\/radiorevelacionfm.cl\/?p=49490&#038;t=Equipo%20municipal%20se%20traslada%20a%20Isla%20Las%20Huichas%20para%20levantar%20requerimientos%20de%20la%20propia%20comunidad' aria-hidden='false' data-av_icon='\ue8f3' data-av_iconfont='entypo-fontello' title='' data-avia-related-tooltip='Compartir en Facebook' rel=\"noopener\"><span class='avia_hidden_link_text'>Compartir en Facebook<\/span><\/a><\/li><li class='av-share-link av-social-link-twitter' ><a target=\"_blank\" aria-label=\"Compartir en Twitter\" href='https:\/\/twitter.com\/share?text=Equipo%20municipal%20se%20traslada%20a%20Isla%20Las%20Huichas%20para%20levantar%20requerimientos%20de%20la%20propia%20comunidad&#038;url=https:\/\/radiorevelacionfm.cl\/?p=49490' aria-hidden='false' data-av_icon='\ue8f1' data-av_iconfont='entypo-fontello' title='' data-avia-related-tooltip='Compartir en Twitter' rel=\"noopener\"><span class='avia_hidden_link_text'>Compartir en Twitter<\/span><\/a><\/li><li class='av-share-link av-social-link-whatsapp' ><a target=\"_blank\" aria-label=\"Compartir en Whatsapp\" href='https:\/\/api.whatsapp.com\/send?text=https:\/\/radiorevelacionfm.cl\/?p=49490' aria-hidden='false' data-av_icon='\uf232' data-av_iconfont='entypo-fontello' title='' data-avia-related-tooltip='Compartir en Whatsapp' rel=\"noopener\"><span class='avia_hidden_link_text'>Compartir en Whatsapp<\/span><\/a><\/li><li class='av-share-link av-social-link-linkedin' ><a target=\"_blank\" aria-label=\"Compartir en LinkedIn\" href='https:\/\/linkedin.com\/shareArticle?mini=true&#038;title=Equipo%20municipal%20se%20traslada%20a%20Isla%20Las%20Huichas%20para%20levantar%20requerimientos%20de%20la%20propia%20comunidad&#038;url=https:\/\/radiorevelacionfm.cl\/?p=49490' aria-hidden='false' data-av_icon='\ue8fc' data-av_iconfont='entypo-fontello' title='' data-avia-related-tooltip='Compartir en LinkedIn' rel=\"noopener\"><span class='avia_hidden_link_text'>Compartir en LinkedIn<\/span><\/a><\/li><li class='av-share-link av-social-link-mail' ><a  aria-label=\"Compartir por correo\" href='mailto:?subject=Equipo%20municipal%20se%20traslada%20a%20Isla%20Las%20Huichas%20para%20levantar%20requerimientos%20de%20la%20propia%20comunidad&#038;body=https:\/\/radiorevelacionfm.cl\/?p=49490' aria-hidden='false' data-av_icon='\ue805' data-av_iconfont='entypo-fontello' title='' data-avia-related-tooltip='Compartir por correo'><span class='avia_hidden_link_text'>Compartir por correo<\/span><\/a><\/li><\/ul><\/div><\/div>\n<div  style='height:50px' class='hr hr-invisible   avia-builder-el-8  el_after_av_social_share  el_before_av_comments_list '><span class='hr-inner ' ><span class='hr-inner-style'><\/span><\/span><\/div>\n<div  class='av-buildercomment  av-blog-meta-html-info-disabled av-blog-meta-tag-disabled  '><\/div>\n","protected":false},"excerpt":{"rendered":"","protected":false},"author":1,"featured_media":49491,"comment_status":"open","ping_status":"open","sticky":false,"template":"","format":"standard","meta":{"footnotes":""},"categories":[38],"tags":[],"class_list":["post-49490","post","type-post","status-publish","format-standard","has-post-thumbnail","hentry","category-regional"],"jetpack_featured_media_url":"https:\/\/radiorevelacionfm.cl\/wp-content\/uploads\/2025\/01\/20250107_160901-1_optimized-1.jpg","_links":{"self":[{"href":"https:\/\/radiorevelacionfm.cl\/index.php?rest_route=\/wp\/v2\/posts\/49490","targetHints":{"allow":["GET"]}}],"collection":[{"href":"https:\/\/radiorevelacionfm.cl\/index.php?rest_route=\/wp\/v2\/posts"}],"about":[{"href":"https:\/\/radiorevelacionfm.cl\/index.php?rest_route=\/wp\/v2\/types\/post"}],"author":[{"embeddable":true,"href":"https:\/\/radiorevelacionfm.cl\/index.php?rest_route=\/wp\/v2\/users\/1"}],"replies":[{"embeddable":true,"href":"https:\/\/radiorevelacionfm.cl\/index.php?rest_route=%2Fwp%2Fv2%2Fcomments&post=49490"}],"version-history":[{"count":1,"href":"https:\/\/radiorevelacionfm.cl\/index.php?rest_route=\/wp\/v2\/posts\/49490\/revisions"}],"predecessor-version":[{"id":49492,"href":"https:\/\/radiorevelacionfm.cl\/index.php?rest_route=\/wp\/v2\/posts\/49490\/revisions\/49492"}],"wp:featuredmedia":[{"embeddable":true,"href":"https:\/\/radiorevelacionfm.cl\/index.php?rest_route=\/wp\/v2\/media\/49491"}],"wp:attachment":[{"href":"https:\/\/radiorevelacionfm.cl\/index.php?rest_route=%2Fwp%2Fv2%2Fmedia&parent=49490"}],"wp:term":[{"taxonomy":"category","embeddable":true,"href":"https:\/\/radiorevelacionfm.cl\/index.php?rest_route=%2Fwp%2Fv2%2Fcategories&post=49490"},{"taxonomy":"post_tag","embeddable":true,"href":"https:\/\/radiorevelacionfm.cl\/index.php?rest_route=%2Fwp%2Fv2%2Ftags&post=49490"}],"curies":[{"name":"wp","href":"https:\/\/api.w.org\/{rel}","templated":true}]}}