{"id":49488,"date":"2025-01-09T11:44:29","date_gmt":"2025-01-09T14:44:29","guid":{"rendered":"https:\/\/radiorevelacionfm.cl\/?p=49488"},"modified":"2025-01-09T11:44:29","modified_gmt":"2025-01-09T14:44:29","slug":"pastor-evangelico-es-condenado-a-presidio-perpetuo-simple-como-autor-de-abuso-sexual-violacion-estupro-y-almacenamiento-de-pornografia","status":"publish","type":"post","link":"https:\/\/radiorevelacionfm.cl\/?p=49488","title":{"rendered":"Pastor evang\u00e9lico es condenado a presidio perpetuo simple como autor de abuso sexual, violaci\u00f3n, estupro y almacenamiento de pornograf\u00eda"},"content":{"rendered":"<div class=\"flex_column av_one_full  flex_column_div av-zero-column-padding first  avia-builder-el-0  el_before_av_one_full  avia-builder-el-first  \" style='border-radius:0px; '><div  class='avia-image-container  av-styling-    avia-builder-el-1  avia-builder-el-no-sibling  avia-align-center '  itemprop=\"image\" itemscope=\"itemscope\" itemtype=\"https:\/\/schema.org\/ImageObject\"  ><div class='avia-image-container-inner'><div class='avia-image-overlay-wrap'><img decoding=\"async\" class='wp-image-24329 avia-img-lazy-loading-not-24329 avia_image' src=\"https:\/\/radiorevelacionfm.cl\/wp-content\/uploads\/2022\/11\/top-2-1-1.jpeg\" alt='' title='top 2 (1) (1)' height=\"600\" width=\"1297\"  itemprop=\"thumbnailUrl\" srcset=\"https:\/\/radiorevelacionfm.cl\/wp-content\/uploads\/2022\/11\/top-2-1-1.jpeg 1297w, https:\/\/radiorevelacionfm.cl\/wp-content\/uploads\/2022\/11\/top-2-1-1-300x139.jpeg 300w, https:\/\/radiorevelacionfm.cl\/wp-content\/uploads\/2022\/11\/top-2-1-1-1030x476.jpeg 1030w, https:\/\/radiorevelacionfm.cl\/wp-content\/uploads\/2022\/11\/top-2-1-1-768x355.jpeg 768w, https:\/\/radiorevelacionfm.cl\/wp-content\/uploads\/2022\/11\/top-2-1-1-705x326.jpeg 705w, https:\/\/radiorevelacionfm.cl\/wp-content\/uploads\/2022\/11\/top-2-1-1-600x278.jpeg 600w\" sizes=\"(max-width: 1297px) 100vw, 1297px\" \/><\/div><\/div><\/div><\/div><div class=\"flex_column av_one_full  flex_column_div av-zero-column-padding first  avia-builder-el-2  el_after_av_one_full  el_before_av_one_full  column-top-margin\" style='border-radius:0px; '><section class=\"av_textblock_section \"  itemscope=\"itemscope\" itemtype=\"https:\/\/schema.org\/BlogPosting\" itemprop=\"blogPost\" ><div class='avia_textblock  '   itemprop=\"text\" ><p style=\"text-align: center;\"><strong><span style=\"font-size: 18pt;\">Pastor evang\u00e9lico es condenado a presidio perpetuo simple como autor de abuso sexual, violaci\u00f3n, estupro y almacenamiento de pornograf\u00eda<\/span><\/strong><\/p>\n<div id=\"gtx-trans\" style=\"position: absolute; left: -50px; top: 4.31534px;\">\n<div class=\"gtx-trans-icon\"><\/div>\n<\/div>\n<\/div><\/section><\/div><div class=\"flex_column av_one_full  flex_column_div av-zero-column-padding first  avia-builder-el-4  el_after_av_one_full  el_before_av_hr  column-top-margin\" style='border-radius:0px; '><section class=\"av_textblock_section \"  itemscope=\"itemscope\" itemtype=\"https:\/\/schema.org\/BlogPosting\" itemprop=\"blogPost\" ><div class='avia_textblock  '   itemprop=\"text\" ><p class=\"v1MsoNormal\" style=\"text-align: justify;\">El Tribunal de Juicio Oral en lo Penal de Coyhaique conden\u00f3, con costas, al pastor evang\u00e9lico Hugo Humberto Soto Contreras a la pena de presidio perpetuo simple, en calidad de autor de los delitos consumados de abuso sexual (2), violaci\u00f3n (3), estupro y almacenamiento de material pornogr\u00e1fico infantil. Il\u00edcitos perpetrados entre 2013 y 2024, en la comuna.<\/p>\n<p class=\"v1MsoNormal\" style=\"text-align: justify;\">En fallo un\u00e1nime, el tribunal \u2013integrado por los magistrados\u00a0Rosal\u00eda Mansilla Quiroz (presidenta), Patricio Z\u00fa\u00f1iga Valenzuela y M\u00f3nica Coloma Pulgar (redactora)\u2013 aplic\u00f3, adem\u00e1s, a Soto Contreras las accesorias legales de inhabilitaci\u00f3n absoluta perpetua para cargos y oficios p\u00fablicos y derechos pol\u00edticos por el tiempo de vida del penado y la sujeci\u00f3n a la vigilancia de la autoridad por el m\u00e1ximo que establece el C\u00f3digo Penal.<\/p>\n<p class=\"v1MsoNormal\" style=\"text-align: justify;\">Asimismo, el tribunal impuso al condenado la sujeci\u00f3n a la vigilancia de la autoridad durante los 10 a\u00f1os siguientes al cumplimiento de la pena principal y la inhabilitaci\u00f3n absoluta perpetua para cargos, empleos, oficios o profesiones ejercidos en \u00e1mbitos educacionales o que involucren una relaci\u00f3n directa y habitual con menores de edad.<\/p>\n<p class=\"v1MsoNormal\" style=\"text-align: justify;\">Una vez que el fallo quede ejecutoriado, el tribunal dispuso que se proceda a la toma de muestras biol\u00f3gicas del sentenciado para determinar\u00a0su huella gen\u00e9tica\u00a0e incorporaci\u00f3n en el registro nacional de ADN de condenados.<\/p>\n<\/div><\/section><\/div><div  style='height:50px' class='hr hr-invisible   avia-builder-el-6  el_after_av_one_full  el_before_av_social_share '><span class='hr-inner ' ><span class='hr-inner-style'><\/span><\/span><\/div><\/p>\n<div  class='av-social-sharing-box  avia-builder-el-7  el_after_av_hr  el_before_av_hr  '><div class='av-share-box'><h5 class='av-share-link-description av-no-toc '>Compartir esta noticia<\/h5><ul class='av-share-box-list noLightbox'><li class='av-share-link av-social-link-facebook' ><a target=\"_blank\" aria-label=\"Compartir en Facebook\" href='https:\/\/www.facebook.com\/sharer.php?u=https:\/\/radiorevelacionfm.cl\/?p=49488&#038;t=Pastor%20evang%C3%A9lico%20es%20condenado%20a%20presidio%20perpetuo%20simple%20como%20autor%20de%20abuso%20sexual%2C%20violaci%C3%B3n%2C%20estupro%20y%20almacenamiento%20de%20pornograf%C3%ADa' aria-hidden='false' data-av_icon='\ue8f3' data-av_iconfont='entypo-fontello' title='' data-avia-related-tooltip='Compartir en Facebook' rel=\"noopener\"><span class='avia_hidden_link_text'>Compartir en Facebook<\/span><\/a><\/li><li class='av-share-link av-social-link-twitter' ><a target=\"_blank\" aria-label=\"Compartir en Twitter\" href='https:\/\/twitter.com\/share?text=Pastor%20evang%C3%A9lico%20es%20condenado%20a%20presidio%20perpetuo%20simple%20como%20autor%20de%20abuso%20sexual%2C%20violaci%C3%B3n%2C%20estupro%20y%20almacenamiento%20de%20pornograf%C3%ADa&#038;url=https:\/\/radiorevelacionfm.cl\/?p=49488' aria-hidden='false' data-av_icon='\ue8f1' data-av_iconfont='entypo-fontello' title='' data-avia-related-tooltip='Compartir en Twitter' rel=\"noopener\"><span class='avia_hidden_link_text'>Compartir en Twitter<\/span><\/a><\/li><li class='av-share-link av-social-link-whatsapp' ><a target=\"_blank\" aria-label=\"Compartir en Whatsapp\" href='https:\/\/api.whatsapp.com\/send?text=https:\/\/radiorevelacionfm.cl\/?p=49488' aria-hidden='false' data-av_icon='\uf232' data-av_iconfont='entypo-fontello' title='' data-avia-related-tooltip='Compartir en Whatsapp' rel=\"noopener\"><span class='avia_hidden_link_text'>Compartir en Whatsapp<\/span><\/a><\/li><li class='av-share-link av-social-link-linkedin' ><a target=\"_blank\" aria-label=\"Compartir en LinkedIn\" href='https:\/\/linkedin.com\/shareArticle?mini=true&#038;title=Pastor%20evang%C3%A9lico%20es%20condenado%20a%20presidio%20perpetuo%20simple%20como%20autor%20de%20abuso%20sexual%2C%20violaci%C3%B3n%2C%20estupro%20y%20almacenamiento%20de%20pornograf%C3%ADa&#038;url=https:\/\/radiorevelacionfm.cl\/?p=49488' aria-hidden='false' data-av_icon='\ue8fc' data-av_iconfont='entypo-fontello' title='' data-avia-related-tooltip='Compartir en LinkedIn' rel=\"noopener\"><span class='avia_hidden_link_text'>Compartir en LinkedIn<\/span><\/a><\/li><li class='av-share-link av-social-link-mail' ><a  aria-label=\"Compartir por correo\" href='mailto:?subject=Pastor%20evang%C3%A9lico%20es%20condenado%20a%20presidio%20perpetuo%20simple%20como%20autor%20de%20abuso%20sexual%2C%20violaci%C3%B3n%2C%20estupro%20y%20almacenamiento%20de%20pornograf%C3%ADa&#038;body=https:\/\/radiorevelacionfm.cl\/?p=49488' aria-hidden='false' data-av_icon='\ue805' data-av_iconfont='entypo-fontello' title='' data-avia-related-tooltip='Compartir por correo'><span class='avia_hidden_link_text'>Compartir por correo<\/span><\/a><\/li><\/ul><\/div><\/div>\n<div  style='height:50px' class='hr hr-invisible   avia-builder-el-8  el_after_av_social_share  el_before_av_comments_list '><span class='hr-inner ' ><span class='hr-inner-style'><\/span><\/span><\/div>\n<div  class='av-buildercomment  av-blog-meta-html-info-disabled av-blog-meta-tag-disabled  '><\/div>\n","protected":false},"excerpt":{"rendered":"","protected":false},"author":1,"featured_media":24329,"comment_status":"open","ping_status":"open","sticky":false,"template":"","format":"standard","meta":{"footnotes":""},"categories":[55],"tags":[],"class_list":["post-49488","post","type-post","status-publish","format-standard","has-post-thumbnail","hentry","category-justicia"],"jetpack_featured_media_url":"https:\/\/radiorevelacionfm.cl\/wp-content\/uploads\/2022\/11\/top-2-1-1.jpeg","_links":{"self":[{"href":"https:\/\/radiorevelacionfm.cl\/index.php?rest_route=\/wp\/v2\/posts\/49488","targetHints":{"allow":["GET"]}}],"collection":[{"href":"https:\/\/radiorevelacionfm.cl\/index.php?rest_route=\/wp\/v2\/posts"}],"about":[{"href":"https:\/\/radiorevelacionfm.cl\/index.php?rest_route=\/wp\/v2\/types\/post"}],"author":[{"embeddable":true,"href":"https:\/\/radiorevelacionfm.cl\/index.php?rest_route=\/wp\/v2\/users\/1"}],"replies":[{"embeddable":true,"href":"https:\/\/radiorevelacionfm.cl\/index.php?rest_route=%2Fwp%2Fv2%2Fcomments&post=49488"}],"version-history":[{"count":1,"href":"https:\/\/radiorevelacionfm.cl\/index.php?rest_route=\/wp\/v2\/posts\/49488\/revisions"}],"predecessor-version":[{"id":49489,"href":"https:\/\/radiorevelacionfm.cl\/index.php?rest_route=\/wp\/v2\/posts\/49488\/revisions\/49489"}],"wp:featuredmedia":[{"embeddable":true,"href":"https:\/\/radiorevelacionfm.cl\/index.php?rest_route=\/wp\/v2\/media\/24329"}],"wp:attachment":[{"href":"https:\/\/radiorevelacionfm.cl\/index.php?rest_route=%2Fwp%2Fv2%2Fmedia&parent=49488"}],"wp:term":[{"taxonomy":"category","embeddable":true,"href":"https:\/\/radiorevelacionfm.cl\/index.php?rest_route=%2Fwp%2Fv2%2Fcategories&post=49488"},{"taxonomy":"post_tag","embeddable":true,"href":"https:\/\/radiorevelacionfm.cl\/index.php?rest_route=%2Fwp%2Fv2%2Ftags&post=49488"}],"curies":[{"name":"wp","href":"https:\/\/api.w.org\/{rel}","templated":true}]}}