{"id":49479,"date":"2025-01-09T09:59:00","date_gmt":"2025-01-09T12:59:00","guid":{"rendered":"https:\/\/radiorevelacionfm.cl\/?p=49479"},"modified":"2025-01-09T09:59:00","modified_gmt":"2025-01-09T12:59:00","slug":"alcalde-y-concejales-de-guaitecas-se-reunen-con-desarrollo-social-y-familia-para-evaluar-programas-en-la-comuna","status":"publish","type":"post","link":"https:\/\/radiorevelacionfm.cl\/?p=49479","title":{"rendered":"Alcalde y Concejales de Guaitecas se re\u00fanen con Desarrollo Social y Familia para evaluar programas en la comuna"},"content":{"rendered":"<div class=\"flex_column av_one_full  flex_column_div av-zero-column-padding first  avia-builder-el-0  el_before_av_one_full  avia-builder-el-first  \" style='border-radius:0px; '><div  class='avia-image-container  av-styling-    avia-builder-el-1  avia-builder-el-no-sibling  avia-align-center '  itemprop=\"image\" itemscope=\"itemscope\" itemtype=\"https:\/\/schema.org\/ImageObject\"  ><div class='avia-image-container-inner'><div class='avia-image-overlay-wrap'><img decoding=\"async\" class='wp-image-49480 avia-img-lazy-loading-not-49480 avia_image' src=\"https:\/\/radiorevelacionfm.cl\/wp-content\/uploads\/2025\/01\/seremi-y-alcalde-2-1_optimized-1.jpeg\" alt='' title='seremi-y-alcalde-2-(1)_optimized (1)' height=\"600\" width=\"800\"  itemprop=\"thumbnailUrl\" srcset=\"https:\/\/radiorevelacionfm.cl\/wp-content\/uploads\/2025\/01\/seremi-y-alcalde-2-1_optimized-1.jpeg 800w, https:\/\/radiorevelacionfm.cl\/wp-content\/uploads\/2025\/01\/seremi-y-alcalde-2-1_optimized-1-300x225.jpeg 300w, https:\/\/radiorevelacionfm.cl\/wp-content\/uploads\/2025\/01\/seremi-y-alcalde-2-1_optimized-1-768x576.jpeg 768w, https:\/\/radiorevelacionfm.cl\/wp-content\/uploads\/2025\/01\/seremi-y-alcalde-2-1_optimized-1-705x529.jpeg 705w, https:\/\/radiorevelacionfm.cl\/wp-content\/uploads\/2025\/01\/seremi-y-alcalde-2-1_optimized-1-450x338.jpeg 450w, https:\/\/radiorevelacionfm.cl\/wp-content\/uploads\/2025\/01\/seremi-y-alcalde-2-1_optimized-1-600x450.jpeg 600w\" sizes=\"(max-width: 800px) 100vw, 800px\" \/><\/div><\/div><\/div><\/div><div class=\"flex_column av_one_full  flex_column_div av-zero-column-padding first  avia-builder-el-2  el_after_av_one_full  el_before_av_one_full  column-top-margin\" style='border-radius:0px; '><section class=\"av_textblock_section \"  itemscope=\"itemscope\" itemtype=\"https:\/\/schema.org\/BlogPosting\" itemprop=\"blogPost\" ><div class='avia_textblock  '   itemprop=\"text\" ><p style=\"text-align: center;\"><strong><span style=\"font-size: 18pt;\">Alcalde y Concejales de Guaitecas se re\u00fanen con Desarrollo Social y Familia para evaluar programas en la comuna<\/span><\/strong><\/p>\n<div id=\"gtx-trans\" style=\"position: absolute; left: -50px; top: 4.31534px;\">\n<div class=\"gtx-trans-icon\"><\/div>\n<\/div>\n<\/div><\/section><\/div><div class=\"flex_column av_one_full  flex_column_div av-zero-column-padding first  avia-builder-el-4  el_after_av_one_full  el_before_av_hr  column-top-margin\" style='border-radius:0px; '><section class=\"av_textblock_section \"  itemscope=\"itemscope\" itemtype=\"https:\/\/schema.org\/BlogPosting\" itemprop=\"blogPost\" ><div class='avia_textblock  '   itemprop=\"text\" ><p style=\"text-align: justify;\">Hasta la capital regional se desplaz\u00f3 el Alcalde de la comuna de Guaitecas Bans Puinao Carimoney y cuatro concejales para sostener una reuni\u00f3n de trabajo con la Seremi de Desarrollo Social y Familia Karina Acevedo Auad, quienes, junto a sus equipos t\u00e9cnicos, abordaron la ejecuci\u00f3n y continuidad de programas sociales que se encuentran actualmente en convenio, entre otros temas.<\/p>\n<p style=\"text-align: justify;\">En la cita estuvieron presentes junto al jefe comunal los concejales Tamara Chiguay, Pablo Soto, V\u00edctor \u00c1lvarez, Omar Vera y su administradora municipal Geoconda Navarrete, quienes enfatizaron a la autoridad ministerial en los desaf\u00edos que tienen para la comuna, siendo su eje poder mejorar el bienestar social de los vecinos y vecinas de Guaitecas.<\/p>\n<p style=\"text-align: justify;\">As\u00ed lo expres\u00f3 el alcalde de la comuna Bans Carimoney, detallando que \u00a0\u00abHe venido hasta la capital regional junto a nuestro Honorable Concejo y nuestra administradora municipal para reunirnos con la Seremi de Desarrollo Social y la verdad es que estamos muy contentos con la reuni\u00f3n, hemos estado viendo algunos Programas vigentes en los cuales estamos revisando en detalle, entre eso como est\u00e1n las rendiciones y nos han presentado tambi\u00e9n otros Programas que se podr\u00edan ejecutar en nuestra comuna. Estuvimos conversando de la articulaci\u00f3n de la Oficina Local de la Ni\u00f1ez OLN y otros Programas de Fosis como Habitabilidad, as\u00ed que nos vamos muy conformes con la informaci\u00f3n requerida y solicitada de parte de este alcalde y su Concejo\u00bb.<\/p>\n<p style=\"text-align: justify;\">En tanto la Seremi Karina Acevedo Auad valor\u00f3 la instancia de reuni\u00f3n y establecer lazos de trabajo mancomunado, haciendo hincapi\u00e9 que es muy relevante para el Ministerio de Desarrollo Social y Familia llegar a la comuna de Guaitecas, incluso con nuevos programas \u00abPudimos abordar los diferentes programas que estamos ejecutando como Ministerio en la comuna y adem\u00e1s de eso, la bajada del Chile Cuida y los desaf\u00edos\u00a0que tenemos de poder instalar un Centro Comunitario \u00a0de Cuidado Rural en la comuna, que es un trabajo mancomunado que lideramos desde el \u00a0Ministerio, pero que\u00a0sin duda, sin \u00a0el\u00a0compromiso y el apoyo del alcalde nos podr\u00edamos lograr. Para nosotros es importante esta reuni\u00f3n, fortalecemos el trabajo social que actualmente estamos realizando, adem\u00e1s de eso incorporamos a la\u00a0coordinadora de ni\u00f1ez, donde conversamos del trabajo de la Oficina Local de la Ni\u00f1ez y las garant\u00edas de los derechos de ni\u00f1as y ni\u00f1os y adolescentes\u00bb.<\/p>\n<p style=\"text-align: justify;\">\u00abHa sido una reuni\u00f3n bastante positiva\u00bb, as\u00ed lo destac\u00f3 el concejal Omar Vera finalizando que \u00abcomo concejales y con el nuevo alcalde andamos en varias reuniones y nos sentimos contentos de poder avanzar. En este a\u00f1o 2025 hay desaf\u00edos de poder hacer llegar a la isla tantas cosas que hacen faltan, pero agradecer a la seremi porque hay varios programas sociales que han llegado a Guaitecas\u00bb.<\/p>\n<p style=\"text-align: justify;\">Finalmente, en la cita se convers\u00f3 la posibilidad de priorizar a la comuna con un Centro Comunitario de Cuidados para sectores rurales, as\u00ed como la pertinencia de los Programas Sociales con el objetivo que puedan responder a las necesidades y requerimientos de la comunidad de Guaitecas.<\/p>\n<\/div><\/section><\/div><div  style='height:50px' class='hr hr-invisible   avia-builder-el-6  el_after_av_one_full  el_before_av_social_share '><span class='hr-inner ' ><span class='hr-inner-style'><\/span><\/span><\/div><\/p>\n<div  class='av-social-sharing-box  avia-builder-el-7  el_after_av_hr  el_before_av_hr  '><div class='av-share-box'><h5 class='av-share-link-description av-no-toc '>Compartir esta noticia<\/h5><ul class='av-share-box-list noLightbox'><li class='av-share-link av-social-link-facebook' ><a target=\"_blank\" aria-label=\"Compartir en Facebook\" href='https:\/\/www.facebook.com\/sharer.php?u=https:\/\/radiorevelacionfm.cl\/?p=49479&#038;t=Alcalde%20y%20Concejales%20de%20Guaitecas%20se%20re%C3%BAnen%20con%20Desarrollo%20Social%20y%20Familia%20para%20evaluar%20programas%20en%20la%20comuna' aria-hidden='false' data-av_icon='\ue8f3' data-av_iconfont='entypo-fontello' title='' data-avia-related-tooltip='Compartir en Facebook' rel=\"noopener\"><span class='avia_hidden_link_text'>Compartir en Facebook<\/span><\/a><\/li><li class='av-share-link av-social-link-twitter' ><a target=\"_blank\" aria-label=\"Compartir en Twitter\" href='https:\/\/twitter.com\/share?text=Alcalde%20y%20Concejales%20de%20Guaitecas%20se%20re%C3%BAnen%20con%20Desarrollo%20Social%20y%20Familia%20para%20evaluar%20programas%20en%20la%20comuna&#038;url=https:\/\/radiorevelacionfm.cl\/?p=49479' aria-hidden='false' data-av_icon='\ue8f1' data-av_iconfont='entypo-fontello' title='' data-avia-related-tooltip='Compartir en Twitter' rel=\"noopener\"><span class='avia_hidden_link_text'>Compartir en Twitter<\/span><\/a><\/li><li class='av-share-link av-social-link-whatsapp' ><a target=\"_blank\" aria-label=\"Compartir en Whatsapp\" href='https:\/\/api.whatsapp.com\/send?text=https:\/\/radiorevelacionfm.cl\/?p=49479' aria-hidden='false' data-av_icon='\uf232' data-av_iconfont='entypo-fontello' title='' data-avia-related-tooltip='Compartir en Whatsapp' rel=\"noopener\"><span class='avia_hidden_link_text'>Compartir en Whatsapp<\/span><\/a><\/li><li class='av-share-link av-social-link-linkedin' ><a target=\"_blank\" aria-label=\"Compartir en LinkedIn\" href='https:\/\/linkedin.com\/shareArticle?mini=true&#038;title=Alcalde%20y%20Concejales%20de%20Guaitecas%20se%20re%C3%BAnen%20con%20Desarrollo%20Social%20y%20Familia%20para%20evaluar%20programas%20en%20la%20comuna&#038;url=https:\/\/radiorevelacionfm.cl\/?p=49479' aria-hidden='false' data-av_icon='\ue8fc' data-av_iconfont='entypo-fontello' title='' data-avia-related-tooltip='Compartir en LinkedIn' rel=\"noopener\"><span class='avia_hidden_link_text'>Compartir en LinkedIn<\/span><\/a><\/li><li class='av-share-link av-social-link-mail' ><a  aria-label=\"Compartir por correo\" href='mailto:?subject=Alcalde%20y%20Concejales%20de%20Guaitecas%20se%20re%C3%BAnen%20con%20Desarrollo%20Social%20y%20Familia%20para%20evaluar%20programas%20en%20la%20comuna&#038;body=https:\/\/radiorevelacionfm.cl\/?p=49479' aria-hidden='false' data-av_icon='\ue805' data-av_iconfont='entypo-fontello' title='' data-avia-related-tooltip='Compartir por correo'><span class='avia_hidden_link_text'>Compartir por correo<\/span><\/a><\/li><\/ul><\/div><\/div>\n<div  style='height:50px' class='hr hr-invisible   avia-builder-el-8  el_after_av_social_share  el_before_av_comments_list '><span class='hr-inner ' ><span class='hr-inner-style'><\/span><\/span><\/div>\n<div  class='av-buildercomment  av-blog-meta-html-info-disabled av-blog-meta-tag-disabled  '><\/div>\n","protected":false},"excerpt":{"rendered":"","protected":false},"author":1,"featured_media":49480,"comment_status":"open","ping_status":"open","sticky":false,"template":"","format":"standard","meta":{"footnotes":""},"categories":[38],"tags":[],"class_list":["post-49479","post","type-post","status-publish","format-standard","has-post-thumbnail","hentry","category-regional"],"jetpack_featured_media_url":"https:\/\/radiorevelacionfm.cl\/wp-content\/uploads\/2025\/01\/seremi-y-alcalde-2-1_optimized-1.jpeg","_links":{"self":[{"href":"https:\/\/radiorevelacionfm.cl\/index.php?rest_route=\/wp\/v2\/posts\/49479","targetHints":{"allow":["GET"]}}],"collection":[{"href":"https:\/\/radiorevelacionfm.cl\/index.php?rest_route=\/wp\/v2\/posts"}],"about":[{"href":"https:\/\/radiorevelacionfm.cl\/index.php?rest_route=\/wp\/v2\/types\/post"}],"author":[{"embeddable":true,"href":"https:\/\/radiorevelacionfm.cl\/index.php?rest_route=\/wp\/v2\/users\/1"}],"replies":[{"embeddable":true,"href":"https:\/\/radiorevelacionfm.cl\/index.php?rest_route=%2Fwp%2Fv2%2Fcomments&post=49479"}],"version-history":[{"count":1,"href":"https:\/\/radiorevelacionfm.cl\/index.php?rest_route=\/wp\/v2\/posts\/49479\/revisions"}],"predecessor-version":[{"id":49481,"href":"https:\/\/radiorevelacionfm.cl\/index.php?rest_route=\/wp\/v2\/posts\/49479\/revisions\/49481"}],"wp:featuredmedia":[{"embeddable":true,"href":"https:\/\/radiorevelacionfm.cl\/index.php?rest_route=\/wp\/v2\/media\/49480"}],"wp:attachment":[{"href":"https:\/\/radiorevelacionfm.cl\/index.php?rest_route=%2Fwp%2Fv2%2Fmedia&parent=49479"}],"wp:term":[{"taxonomy":"category","embeddable":true,"href":"https:\/\/radiorevelacionfm.cl\/index.php?rest_route=%2Fwp%2Fv2%2Fcategories&post=49479"},{"taxonomy":"post_tag","embeddable":true,"href":"https:\/\/radiorevelacionfm.cl\/index.php?rest_route=%2Fwp%2Fv2%2Ftags&post=49479"}],"curies":[{"name":"wp","href":"https:\/\/api.w.org\/{rel}","templated":true}]}}