{"id":49471,"date":"2025-01-09T10:47:24","date_gmt":"2025-01-09T13:47:24","guid":{"rendered":"https:\/\/radiorevelacionfm.cl\/?p=49471"},"modified":"2025-01-09T10:47:24","modified_gmt":"2025-01-09T13:47:24","slug":"sernac-aysen-realiza-taller-a-personas-mayores-sobre-educacion-financiera","status":"publish","type":"post","link":"https:\/\/radiorevelacionfm.cl\/?p=49471","title":{"rendered":"Sernac Ays\u00e9n realiza taller a personas mayores sobre educaci\u00f3n financiera"},"content":{"rendered":"<div class=\"flex_column av_one_full  flex_column_div av-zero-column-padding first  avia-builder-el-0  el_before_av_one_full  avia-builder-el-first  \" style='border-radius:0px; '><div  class='avia-image-container  av-styling-    avia-builder-el-1  avia-builder-el-no-sibling  avia-align-center '  itemprop=\"image\" itemscope=\"itemscope\" itemtype=\"https:\/\/schema.org\/ImageObject\"  ><div class='avia-image-container-inner'><div class='avia-image-overlay-wrap'><img decoding=\"async\" class='wp-image-49472 avia-img-lazy-loading-not-49472 avia_image' src=\"https:\/\/radiorevelacionfm.cl\/wp-content\/uploads\/2025\/01\/taller-SERNAC-Vinculos-1-1.jpg\" alt='' title='taller SERNAC-V\u00ednculos (1) (1)' height=\"600\" width=\"800\"  itemprop=\"thumbnailUrl\" srcset=\"https:\/\/radiorevelacionfm.cl\/wp-content\/uploads\/2025\/01\/taller-SERNAC-Vinculos-1-1.jpg 800w, https:\/\/radiorevelacionfm.cl\/wp-content\/uploads\/2025\/01\/taller-SERNAC-Vinculos-1-1-300x225.jpg 300w, https:\/\/radiorevelacionfm.cl\/wp-content\/uploads\/2025\/01\/taller-SERNAC-Vinculos-1-1-768x576.jpg 768w, https:\/\/radiorevelacionfm.cl\/wp-content\/uploads\/2025\/01\/taller-SERNAC-Vinculos-1-1-705x529.jpg 705w, https:\/\/radiorevelacionfm.cl\/wp-content\/uploads\/2025\/01\/taller-SERNAC-Vinculos-1-1-450x338.jpg 450w, https:\/\/radiorevelacionfm.cl\/wp-content\/uploads\/2025\/01\/taller-SERNAC-Vinculos-1-1-600x450.jpg 600w\" sizes=\"(max-width: 800px) 100vw, 800px\" \/><\/div><\/div><\/div><\/div><div class=\"flex_column av_one_full  flex_column_div av-zero-column-padding first  avia-builder-el-2  el_after_av_one_full  el_before_av_one_full  column-top-margin\" style='border-radius:0px; '><section class=\"av_textblock_section \"  itemscope=\"itemscope\" itemtype=\"https:\/\/schema.org\/BlogPosting\" itemprop=\"blogPost\" ><div class='avia_textblock  '   itemprop=\"text\" ><p style=\"text-align: center;\"><strong><span style=\"font-size: 18pt;\">Sernac Ays\u00e9n realiza taller a personas mayores sobre educaci\u00f3n financiera<\/span><\/strong><\/p>\n<div id=\"gtx-trans\" style=\"position: absolute; left: -50px; top: 4.31534px;\">\n<div class=\"gtx-trans-icon\"><\/div>\n<\/div>\n<\/div><\/section><\/div><div class=\"flex_column av_one_full  flex_column_div av-zero-column-padding first  avia-builder-el-4  el_after_av_one_full  el_before_av_hr  column-top-margin\" style='border-radius:0px; '><section class=\"av_textblock_section \"  itemscope=\"itemscope\" itemtype=\"https:\/\/schema.org\/BlogPosting\" itemprop=\"blogPost\" ><div class='avia_textblock  '   itemprop=\"text\" ><ul>\n<li style=\"text-align: justify;\"><em>Derechos en materia de planificaci\u00f3n,\u00a0presupuestoy\u00a0cr\u00e9ditos,\u00a0fueron parte de los temas tratados en el\u00a0taller desarrollado por el SERNAC para\u00a0personas mayores\u00a0en la regi\u00f3n.<\/em><\/li>\n<li style=\"text-align: justify;\"><em>Los y las asistentes pertenecen al Programa \u201cV\u00ednculos\u201d, iniciativa orientada a personas vulnerables, mayores de 65 a\u00f1os.<\/em><\/li>\n<\/ul>\n<p style=\"text-align: justify;\">El SERNAC de la Direcci\u00f3n Regional de Ays\u00e9n, en coordinaci\u00f3n con la Oficina del Adulto Mayor de la Municipalidad de Coyhaique, realiz\u00f3 un taller sobre \u201cEducaci\u00f3n Financiera y sus Derechos en el Mercado\u201d para personas mayores integrantes del Programa V\u00ednculos.<\/p>\n<p style=\"text-align: justify;\">La iniciativa realizada en la Casa de la Persona Mayor de la capital regional permiti\u00f3 entregar conocimientos b\u00e1sicos financieros en temas como planificaci\u00f3n, cr\u00e9ditos sociales, seguros y ahorros.<\/p>\n<p style=\"text-align: justify;\">La Directora Regional del SERNAC de Ays\u00e9n, Sandra Espinoza, se\u00f1al\u00f3: \u201cel SERNAC tiene el compromiso de entregar informaci\u00f3n relevante y necesaria para que las y los consumidores tomen mejores decisiones en su vida cotidiana, en este caso, que las personas mayores conozcan sus derechos, lo que les permitir\u00e1 ejercerlos cuando sientan que han sido vulnerados\u201d.<\/p>\n<p style=\"text-align: justify;\">El taller, adem\u00e1s, abord\u00f3 los \u00e1mbitos de protecci\u00f3n del Servicio, informando sobre las herramientas digitales gratuitas disponibles, tales como: <strong>\u201cNo molestar\u201d<\/strong>, la que permite a los consumidores manifestar su voluntad de ser\u00a0borrados de las listas de env\u00edos masivos\u00a0publicitarios o promocionales que las empresas realizan a trav\u00e9s de correos electr\u00f3nicos, llamadas telef\u00f3nicas, mensajes de texto o whatsapp y la aplicaci\u00f3n <strong>\u201cMe quiero salir\u201d<\/strong>, a trav\u00e9s de la cual los titulares de contratos de servicios, pueden solicitar el t\u00e9rmino de estos, herramienta que actualmente est\u00e1 disponible para servicios de telecomunicaciones (televisi\u00f3n de pago, internet y telefon\u00eda) y seguros generales.<\/p>\n<p style=\"text-align: justify;\">Es importante recordar que los\u00a0derechos en materia de consumo\u00a0est\u00e1n contemplados en diversas disposiciones legales, con el objetivo de garantizar que las personas consumidoras:<\/p>\n<ul style=\"text-align: justify;\">\n<li>Tengan acceso a productos y servicios de forma\u00a0libre, informada y segura.<\/li>\n<li>Las relaciones de mercado sean m\u00e1s\u00a0equilibradas y transparentes.<\/li>\n<\/ul>\n<p style=\"text-align: justify;\">Por su parte, el programa V\u00ednculos forma parte de las pol\u00edticas p\u00fablicas orientadas a las personas mayores del pa\u00eds, promoviendo el ejercicio de sus derechos, su autonom\u00eda y participaci\u00f3n activa en redes comunitarias de protecci\u00f3n social, reforzando la valorizaci\u00f3n de esta etapa de su vida. La implementaci\u00f3n de este programa es un trabajo en conjunto entre el Ministerio de Desarrollo Social y los municipios.<\/p>\n<\/div><\/section><\/div><div  style='height:50px' class='hr hr-invisible   avia-builder-el-6  el_after_av_one_full  el_before_av_social_share '><span class='hr-inner ' ><span class='hr-inner-style'><\/span><\/span><\/div><\/p>\n<div  class='av-social-sharing-box  avia-builder-el-7  el_after_av_hr  el_before_av_hr  '><div class='av-share-box'><h5 class='av-share-link-description av-no-toc '>Compartir esta noticia<\/h5><ul class='av-share-box-list noLightbox'><li class='av-share-link av-social-link-facebook' ><a target=\"_blank\" aria-label=\"Compartir en Facebook\" href='https:\/\/www.facebook.com\/sharer.php?u=https:\/\/radiorevelacionfm.cl\/?p=49471&#038;t=Sernac%20Ays%C3%A9n%20realiza%20taller%20a%20personas%20mayores%20sobre%20educaci%C3%B3n%20financiera' aria-hidden='false' data-av_icon='\ue8f3' data-av_iconfont='entypo-fontello' title='' data-avia-related-tooltip='Compartir en Facebook' rel=\"noopener\"><span class='avia_hidden_link_text'>Compartir en Facebook<\/span><\/a><\/li><li class='av-share-link av-social-link-twitter' ><a target=\"_blank\" aria-label=\"Compartir en Twitter\" href='https:\/\/twitter.com\/share?text=Sernac%20Ays%C3%A9n%20realiza%20taller%20a%20personas%20mayores%20sobre%20educaci%C3%B3n%20financiera&#038;url=https:\/\/radiorevelacionfm.cl\/?p=49471' aria-hidden='false' data-av_icon='\ue8f1' data-av_iconfont='entypo-fontello' title='' data-avia-related-tooltip='Compartir en Twitter' rel=\"noopener\"><span class='avia_hidden_link_text'>Compartir en Twitter<\/span><\/a><\/li><li class='av-share-link av-social-link-whatsapp' ><a target=\"_blank\" aria-label=\"Compartir en Whatsapp\" href='https:\/\/api.whatsapp.com\/send?text=https:\/\/radiorevelacionfm.cl\/?p=49471' aria-hidden='false' data-av_icon='\uf232' data-av_iconfont='entypo-fontello' title='' data-avia-related-tooltip='Compartir en Whatsapp' rel=\"noopener\"><span class='avia_hidden_link_text'>Compartir en Whatsapp<\/span><\/a><\/li><li class='av-share-link av-social-link-linkedin' ><a target=\"_blank\" aria-label=\"Compartir en LinkedIn\" href='https:\/\/linkedin.com\/shareArticle?mini=true&#038;title=Sernac%20Ays%C3%A9n%20realiza%20taller%20a%20personas%20mayores%20sobre%20educaci%C3%B3n%20financiera&#038;url=https:\/\/radiorevelacionfm.cl\/?p=49471' aria-hidden='false' data-av_icon='\ue8fc' data-av_iconfont='entypo-fontello' title='' data-avia-related-tooltip='Compartir en LinkedIn' rel=\"noopener\"><span class='avia_hidden_link_text'>Compartir en LinkedIn<\/span><\/a><\/li><li class='av-share-link av-social-link-mail' ><a  aria-label=\"Compartir por correo\" href='mailto:?subject=Sernac%20Ays%C3%A9n%20realiza%20taller%20a%20personas%20mayores%20sobre%20educaci%C3%B3n%20financiera&#038;body=https:\/\/radiorevelacionfm.cl\/?p=49471' aria-hidden='false' data-av_icon='\ue805' data-av_iconfont='entypo-fontello' title='' data-avia-related-tooltip='Compartir por correo'><span class='avia_hidden_link_text'>Compartir por correo<\/span><\/a><\/li><\/ul><\/div><\/div>\n<div  style='height:50px' class='hr hr-invisible   avia-builder-el-8  el_after_av_social_share  el_before_av_comments_list '><span class='hr-inner ' ><span class='hr-inner-style'><\/span><\/span><\/div>\n<div  class='av-buildercomment  av-blog-meta-html-info-disabled av-blog-meta-tag-disabled  '><\/div>\n","protected":false},"excerpt":{"rendered":"","protected":false},"author":1,"featured_media":49472,"comment_status":"open","ping_status":"open","sticky":false,"template":"","format":"standard","meta":{"footnotes":""},"categories":[45],"tags":[],"class_list":["post-49471","post","type-post","status-publish","format-standard","has-post-thumbnail","hentry","category-comercio"],"jetpack_featured_media_url":"https:\/\/radiorevelacionfm.cl\/wp-content\/uploads\/2025\/01\/taller-SERNAC-Vinculos-1-1.jpg","_links":{"self":[{"href":"https:\/\/radiorevelacionfm.cl\/index.php?rest_route=\/wp\/v2\/posts\/49471","targetHints":{"allow":["GET"]}}],"collection":[{"href":"https:\/\/radiorevelacionfm.cl\/index.php?rest_route=\/wp\/v2\/posts"}],"about":[{"href":"https:\/\/radiorevelacionfm.cl\/index.php?rest_route=\/wp\/v2\/types\/post"}],"author":[{"embeddable":true,"href":"https:\/\/radiorevelacionfm.cl\/index.php?rest_route=\/wp\/v2\/users\/1"}],"replies":[{"embeddable":true,"href":"https:\/\/radiorevelacionfm.cl\/index.php?rest_route=%2Fwp%2Fv2%2Fcomments&post=49471"}],"version-history":[{"count":1,"href":"https:\/\/radiorevelacionfm.cl\/index.php?rest_route=\/wp\/v2\/posts\/49471\/revisions"}],"predecessor-version":[{"id":49473,"href":"https:\/\/radiorevelacionfm.cl\/index.php?rest_route=\/wp\/v2\/posts\/49471\/revisions\/49473"}],"wp:featuredmedia":[{"embeddable":true,"href":"https:\/\/radiorevelacionfm.cl\/index.php?rest_route=\/wp\/v2\/media\/49472"}],"wp:attachment":[{"href":"https:\/\/radiorevelacionfm.cl\/index.php?rest_route=%2Fwp%2Fv2%2Fmedia&parent=49471"}],"wp:term":[{"taxonomy":"category","embeddable":true,"href":"https:\/\/radiorevelacionfm.cl\/index.php?rest_route=%2Fwp%2Fv2%2Fcategories&post=49471"},{"taxonomy":"post_tag","embeddable":true,"href":"https:\/\/radiorevelacionfm.cl\/index.php?rest_route=%2Fwp%2Fv2%2Ftags&post=49471"}],"curies":[{"name":"wp","href":"https:\/\/api.w.org\/{rel}","templated":true}]}}