{"id":49468,"date":"2025-01-09T09:35:30","date_gmt":"2025-01-09T12:35:30","guid":{"rendered":"https:\/\/radiorevelacionfm.cl\/?p=49468"},"modified":"2025-01-09T09:35:30","modified_gmt":"2025-01-09T12:35:30","slug":"avanzan-obras-de-la-nueva-planta-de-gasco-en-coyhaique-autoridades-subrayan-impacto-positivo-para-aysen","status":"publish","type":"post","link":"https:\/\/radiorevelacionfm.cl\/?p=49468","title":{"rendered":"Avanzan obras de la nueva planta de Gasco en Coyhaique: autoridades subrayan impacto positivo para Ays\u00e9n"},"content":{"rendered":"<div class=\"flex_column av_one_full  flex_column_div av-zero-column-padding first  avia-builder-el-0  el_before_av_one_full  avia-builder-el-first  \" style='border-radius:0px; '><div  class='avia-image-container  av-styling-    avia-builder-el-1  avia-builder-el-no-sibling  avia-align-center '  itemprop=\"image\" itemscope=\"itemscope\" itemtype=\"https:\/\/schema.org\/ImageObject\"  ><div class='avia-image-container-inner'><div class='avia-image-overlay-wrap'><img decoding=\"async\" class='wp-image-49469 avia-img-lazy-loading-not-49469 avia_image' src=\"https:\/\/radiorevelacionfm.cl\/wp-content\/uploads\/2025\/01\/foto-1-63-1-1_optimized-1.jpeg\" alt='' title='foto-1-(63)-(1)-(1)_optimized (1)' height=\"612\" width=\"802\"  itemprop=\"thumbnailUrl\" srcset=\"https:\/\/radiorevelacionfm.cl\/wp-content\/uploads\/2025\/01\/foto-1-63-1-1_optimized-1.jpeg 802w, https:\/\/radiorevelacionfm.cl\/wp-content\/uploads\/2025\/01\/foto-1-63-1-1_optimized-1-300x229.jpeg 300w, https:\/\/radiorevelacionfm.cl\/wp-content\/uploads\/2025\/01\/foto-1-63-1-1_optimized-1-768x586.jpeg 768w, https:\/\/radiorevelacionfm.cl\/wp-content\/uploads\/2025\/01\/foto-1-63-1-1_optimized-1-705x538.jpeg 705w, https:\/\/radiorevelacionfm.cl\/wp-content\/uploads\/2025\/01\/foto-1-63-1-1_optimized-1-450x343.jpeg 450w, https:\/\/radiorevelacionfm.cl\/wp-content\/uploads\/2025\/01\/foto-1-63-1-1_optimized-1-600x458.jpeg 600w\" sizes=\"(max-width: 802px) 100vw, 802px\" \/><\/div><\/div><\/div><\/div><div class=\"flex_column av_one_full  flex_column_div av-zero-column-padding first  avia-builder-el-2  el_after_av_one_full  el_before_av_one_full  column-top-margin\" style='border-radius:0px; '><section class=\"av_textblock_section \"  itemscope=\"itemscope\" itemtype=\"https:\/\/schema.org\/BlogPosting\" itemprop=\"blogPost\" ><div class='avia_textblock  '   itemprop=\"text\" ><p style=\"text-align: center;\"><strong><span style=\"font-size: 18pt;\">Avanzan obras de la nueva planta de Gasco en Coyhaique: autoridades subrayan impacto positivo para Ays\u00e9n<\/span><\/strong><\/p>\n<div id=\"gtx-trans\" style=\"position: absolute; left: -50px; top: 4.31534px;\">\n<div class=\"gtx-trans-icon\"><\/div>\n<\/div>\n<\/div><\/section><\/div><div class=\"flex_column av_one_full  flex_column_div av-zero-column-padding first  avia-builder-el-4  el_after_av_one_full  el_before_av_hr  column-top-margin\" style='border-radius:0px; '><section class=\"av_textblock_section \"  itemscope=\"itemscope\" itemtype=\"https:\/\/schema.org\/BlogPosting\" itemprop=\"blogPost\" ><div class='avia_textblock  '   itemprop=\"text\" ><ul>\n<li style=\"text-align: justify;\"><em>El trabajo realizado para robustecer la alianza p\u00fablico-privada genera frutos tangibles. La empresa Gasco se encuentra desarrollando una iniciativa de alta inversi\u00f3n que forma parte de la Mesa Regional de Inversi\u00f3n Privada (MRI) del Ministerio de Econom\u00eda, instancia que busca materializar una serie de proyectos que dinamizar\u00e1n la econom\u00eda regional durante el a\u00f1o 2025.<\/em><\/li>\n<\/ul>\n<p style=\"text-align: justify;\">Liderados por el Delegado Presidencial Regional, Jorge D\u00edaz Guzm\u00e1n autoridades regionales visitaron las instalaciones de lo que ser\u00e1 la nueva planta de recepci\u00f3n y almacenamiento de gas licuado para distribuci\u00f3n tanto en formato granel como en cilindros, que se encuentra desarrollando la empresa Gasco.<\/p>\n<p style=\"text-align: justify;\">Al respecto el Delegado Presidencial Regional, Jorge D\u00edaz Guzm\u00e1n, se refiri\u00f3 a la importancia de este tipo de inversiones para el desarrollo local indicando que <em>\u201cesto habla muy bien de la confianza que tiene el sector privado en invertir en Ays\u00e9n, porque somos una regi\u00f3n que avanza en el desarrollo de su econom\u00eda y su desarrollo social. Estamos muy contentos de que Gasco haya decidido invertir aqu\u00ed y haya logrado obtener todos los permisos que corresponden para realizar esta obra. Creemos que no solamente va a ser un nuevo servicio para nuestra comunidad con el combustible que ellos distribuyen, sino que tambi\u00e9n el punto de inicio para generar energ\u00eda el\u00e9ctrica con un combustible mucho m\u00e1s amigable con el medio ambiente. Este proyecto es un buen mensaje para los inversionistas, ya que nuestra regi\u00f3n tiene todas las condiciones para el desarrollo de ideas, por lo tanto, invertir ac\u00e1 es invertir por Chile\u201d.<\/em><\/p>\n<p style=\"text-align: justify;\">Por su parte, Carol Gray Subgerente de Medio Ambiente y Sostenibilidad de Gasco, enfatiz\u00f3 la importancia de la Mesa Regional de Inversi\u00f3n Privada, instancia en la cual se encuentra el proyecto de la empresa \u201c<em>la Mesa ha sido s\u00faper importante y este es el reflejo de lo que efectivamente realiza la participaci\u00f3n p\u00fablico-privada. Hoy tuvimos en el terreno donde se va a emplazar nuestra planta de almacenamiento con generaci\u00f3n el\u00e9ctrica, y las autoridades est\u00e1n muy optimistas con este proyecto y nosotros tambi\u00e9n como empresa estamos esperando que este proyecto se materialice de aqu\u00ed a mediados del 2025, para que as\u00ed estemos entregando gas licuado tanto a nuestros vecinos y vecinas, como al comercio y a la industria de la regi\u00f3n y particularmente Coyhaique\u201d.<\/em><\/p>\n<p style=\"text-align: justify;\">La nueva planta contempla la instalaci\u00f3n de seis estanques de almacenamiento de 50 toneladas \u00fatiles de cada uno que se instalar\u00e1n cumpliendo con toda la normativa espec\u00edfica vigente, con la respectiva red de protecci\u00f3n contra incendios y todas las medidas de seguridad que requiere este tipo de instalaciones, adem\u00e1s, de una estaci\u00f3n de carga y descarga de camiones, lo que permitir\u00e1 satisfacer la demanda actual y futura de la regi\u00f3n.<\/p>\n<p style=\"text-align: justify;\">Respecto de la materializaci\u00f3n de esta iniciativa el Seremi de Econom\u00eda Felipe Rojas recalc\u00f3 que <em>\u201cdurante el a\u00f1o 2024, sesionamos en 2 ocasiones con la MRI para conocer a fondo diversas iniciativas de inversi\u00f3n privada, para monitorearlas en conjunto con la Oficina de Grandes Proyectos de nuestro Ministerio. En ese contexto, Gasco forma parte de esta iniciativa, con la que hemos estado trabajando intensamente para posibilitar su materializaci\u00f3n, la que genera hoy absorci\u00f3n de mano de obra y adem\u00e1s, dinamizar\u00e1 fuertemente la econom\u00eda territorial. Este 2025 trae consigo importantes desaf\u00edos que como Gobierno estamos llevando a delante con iniciativas tales la Mesa y el Gabinete Pro Crecimiento y Empleo\u201d. <\/em><\/p>\n<p style=\"text-align: justify;\">Esta iniciativa contempla\u00a0la instalaci\u00f3n y operaci\u00f3n de 3 equipos generadores el\u00e9ctricos contenerizados que pueden generar un m\u00e1ximo de 2,997 MW de potencia, lo que permitir\u00e1 utilizar el GLP como combustible disponible en la planta para la generaci\u00f3n el\u00e9ctrica en la zona y desplazar el di\u00e9sel como fuente primaria de respaldo energ\u00e9tico, haciendo el sistema m\u00e1s flexible, seguro y con respuesta m\u00e1s eficiente y r\u00e1pida frente a sus cambios din\u00e1micos. Lo que permitir\u00e1 disminuci\u00f3n de emisiones de CO2 y Material Particulado.<\/p>\n<p style=\"text-align: justify;\">Frente a esto, el Seremi de Energ\u00eda Tom\u00e1s Laibe subray\u00f3 que <em>\u201cesta es una obra fundamental para atender la vulnerabilidad energ\u00e9tica de la regi\u00f3n, porque nos va a permitir tener m\u00e1s inventario de gas GLP disponible y tambi\u00e9n incorporar la generaci\u00f3n el\u00e9ctrica que se sumar\u00e1 entonces a la generaci\u00f3n de respaldo que posee Edelays\u00e9n a trav\u00e9s de diesel. En este caso, el GLP tiene ventajas ya que genera menores emisiones, tiene facilidad de transporte y facilidad de log\u00edstica, por tanto, ser\u00e1 un gran aporte al sistema el\u00e9ctrico de la regi\u00f3n. Estas bondades hacen que este proyecto sea muy relevante para el territorio y es por eso que, desde la Mesa Regional de Inversi\u00f3n Privada, que lidera el Seremi Econom\u00eda y tambi\u00e9n desde la Mesa de Energ\u00eda que desarrollamos junto a Corfo, seguiremos permanentemente monitoreando proyectos, para buscar su implementaci\u00f3n y atraer m\u00e1s inversi\u00f3n a Ays\u00e9n\u201d.<\/em><\/p>\n<\/div><\/section><\/div><div  style='height:50px' class='hr hr-invisible   avia-builder-el-6  el_after_av_one_full  el_before_av_social_share '><span class='hr-inner ' ><span class='hr-inner-style'><\/span><\/span><\/div><\/p>\n<div  class='av-social-sharing-box  avia-builder-el-7  el_after_av_hr  el_before_av_hr  '><div class='av-share-box'><h5 class='av-share-link-description av-no-toc '>Compartir esta noticia<\/h5><ul class='av-share-box-list noLightbox'><li class='av-share-link av-social-link-facebook' ><a target=\"_blank\" aria-label=\"Compartir en Facebook\" href='https:\/\/www.facebook.com\/sharer.php?u=https:\/\/radiorevelacionfm.cl\/?p=49468&#038;t=Avanzan%20obras%20de%20la%20nueva%20planta%20de%20Gasco%20en%20Coyhaique%3A%20autoridades%20subrayan%20impacto%20positivo%20para%20Ays%C3%A9n' aria-hidden='false' data-av_icon='\ue8f3' data-av_iconfont='entypo-fontello' title='' data-avia-related-tooltip='Compartir en Facebook' rel=\"noopener\"><span class='avia_hidden_link_text'>Compartir en Facebook<\/span><\/a><\/li><li class='av-share-link av-social-link-twitter' ><a target=\"_blank\" aria-label=\"Compartir en Twitter\" href='https:\/\/twitter.com\/share?text=Avanzan%20obras%20de%20la%20nueva%20planta%20de%20Gasco%20en%20Coyhaique%3A%20autoridades%20subrayan%20impacto%20positivo%20para%20Ays%C3%A9n&#038;url=https:\/\/radiorevelacionfm.cl\/?p=49468' aria-hidden='false' data-av_icon='\ue8f1' data-av_iconfont='entypo-fontello' title='' data-avia-related-tooltip='Compartir en Twitter' rel=\"noopener\"><span class='avia_hidden_link_text'>Compartir en Twitter<\/span><\/a><\/li><li class='av-share-link av-social-link-whatsapp' ><a target=\"_blank\" aria-label=\"Compartir en Whatsapp\" href='https:\/\/api.whatsapp.com\/send?text=https:\/\/radiorevelacionfm.cl\/?p=49468' aria-hidden='false' data-av_icon='\uf232' data-av_iconfont='entypo-fontello' title='' data-avia-related-tooltip='Compartir en Whatsapp' rel=\"noopener\"><span class='avia_hidden_link_text'>Compartir en Whatsapp<\/span><\/a><\/li><li class='av-share-link av-social-link-linkedin' ><a target=\"_blank\" aria-label=\"Compartir en LinkedIn\" href='https:\/\/linkedin.com\/shareArticle?mini=true&#038;title=Avanzan%20obras%20de%20la%20nueva%20planta%20de%20Gasco%20en%20Coyhaique%3A%20autoridades%20subrayan%20impacto%20positivo%20para%20Ays%C3%A9n&#038;url=https:\/\/radiorevelacionfm.cl\/?p=49468' aria-hidden='false' data-av_icon='\ue8fc' data-av_iconfont='entypo-fontello' title='' data-avia-related-tooltip='Compartir en LinkedIn' rel=\"noopener\"><span class='avia_hidden_link_text'>Compartir en LinkedIn<\/span><\/a><\/li><li class='av-share-link av-social-link-mail' ><a  aria-label=\"Compartir por correo\" href='mailto:?subject=Avanzan%20obras%20de%20la%20nueva%20planta%20de%20Gasco%20en%20Coyhaique%3A%20autoridades%20subrayan%20impacto%20positivo%20para%20Ays%C3%A9n&#038;body=https:\/\/radiorevelacionfm.cl\/?p=49468' aria-hidden='false' data-av_icon='\ue805' data-av_iconfont='entypo-fontello' title='' data-avia-related-tooltip='Compartir por correo'><span class='avia_hidden_link_text'>Compartir por correo<\/span><\/a><\/li><\/ul><\/div><\/div>\n<div  style='height:50px' class='hr hr-invisible   avia-builder-el-8  el_after_av_social_share  el_before_av_comments_list '><span class='hr-inner ' ><span class='hr-inner-style'><\/span><\/span><\/div>\n<div  class='av-buildercomment  av-blog-meta-html-info-disabled av-blog-meta-tag-disabled  '><\/div>\n","protected":false},"excerpt":{"rendered":"","protected":false},"author":1,"featured_media":49469,"comment_status":"open","ping_status":"open","sticky":false,"template":"","format":"standard","meta":{"footnotes":""},"categories":[38],"tags":[],"class_list":["post-49468","post","type-post","status-publish","format-standard","has-post-thumbnail","hentry","category-regional"],"jetpack_featured_media_url":"https:\/\/radiorevelacionfm.cl\/wp-content\/uploads\/2025\/01\/foto-1-63-1-1_optimized-1.jpeg","_links":{"self":[{"href":"https:\/\/radiorevelacionfm.cl\/index.php?rest_route=\/wp\/v2\/posts\/49468","targetHints":{"allow":["GET"]}}],"collection":[{"href":"https:\/\/radiorevelacionfm.cl\/index.php?rest_route=\/wp\/v2\/posts"}],"about":[{"href":"https:\/\/radiorevelacionfm.cl\/index.php?rest_route=\/wp\/v2\/types\/post"}],"author":[{"embeddable":true,"href":"https:\/\/radiorevelacionfm.cl\/index.php?rest_route=\/wp\/v2\/users\/1"}],"replies":[{"embeddable":true,"href":"https:\/\/radiorevelacionfm.cl\/index.php?rest_route=%2Fwp%2Fv2%2Fcomments&post=49468"}],"version-history":[{"count":1,"href":"https:\/\/radiorevelacionfm.cl\/index.php?rest_route=\/wp\/v2\/posts\/49468\/revisions"}],"predecessor-version":[{"id":49470,"href":"https:\/\/radiorevelacionfm.cl\/index.php?rest_route=\/wp\/v2\/posts\/49468\/revisions\/49470"}],"wp:featuredmedia":[{"embeddable":true,"href":"https:\/\/radiorevelacionfm.cl\/index.php?rest_route=\/wp\/v2\/media\/49469"}],"wp:attachment":[{"href":"https:\/\/radiorevelacionfm.cl\/index.php?rest_route=%2Fwp%2Fv2%2Fmedia&parent=49468"}],"wp:term":[{"taxonomy":"category","embeddable":true,"href":"https:\/\/radiorevelacionfm.cl\/index.php?rest_route=%2Fwp%2Fv2%2Fcategories&post=49468"},{"taxonomy":"post_tag","embeddable":true,"href":"https:\/\/radiorevelacionfm.cl\/index.php?rest_route=%2Fwp%2Fv2%2Ftags&post=49468"}],"curies":[{"name":"wp","href":"https:\/\/api.w.org\/{rel}","templated":true}]}}