{"id":49465,"date":"2025-01-08T17:11:56","date_gmt":"2025-01-08T20:11:56","guid":{"rendered":"https:\/\/radiorevelacionfm.cl\/?p=49465"},"modified":"2025-01-08T17:11:57","modified_gmt":"2025-01-08T20:11:57","slug":"autoridades-regionales-se-reunieron-con-estudiantes-que-obtuvieron-la-distincion-a-la-trayectoria-educativa-dte-tras-rendir-la-paes-2024","status":"publish","type":"post","link":"https:\/\/radiorevelacionfm.cl\/?p=49465","title":{"rendered":"Autoridades Regionales se reunieron con estudiantes que obtuvieron la Distinci\u00f3n a la Trayectoria Educativa DTE tras rendir la PAES 2024"},"content":{"rendered":"<div class=\"flex_column av_one_full  flex_column_div av-zero-column-padding first  avia-builder-el-0  el_before_av_one_full  avia-builder-el-first  \" style='border-radius:0px; '><div  class='avia-image-container  av-styling-    avia-builder-el-1  avia-builder-el-no-sibling  avia-align-center '  itemprop=\"image\" itemscope=\"itemscope\" itemtype=\"https:\/\/schema.org\/ImageObject\"  ><div class='avia-image-container-inner'><div class='avia-image-overlay-wrap'><img decoding=\"async\" class='wp-image-49466 avia-img-lazy-loading-not-49466 avia_image' src=\"https:\/\/radiorevelacionfm.cl\/wp-content\/uploads\/2025\/01\/DTE-1-1.jpg\" alt='' title='DTE (1) (1)' height=\"600\" width=\"858\"  itemprop=\"thumbnailUrl\" srcset=\"https:\/\/radiorevelacionfm.cl\/wp-content\/uploads\/2025\/01\/DTE-1-1.jpg 858w, https:\/\/radiorevelacionfm.cl\/wp-content\/uploads\/2025\/01\/DTE-1-1-300x210.jpg 300w, https:\/\/radiorevelacionfm.cl\/wp-content\/uploads\/2025\/01\/DTE-1-1-768x537.jpg 768w, https:\/\/radiorevelacionfm.cl\/wp-content\/uploads\/2025\/01\/DTE-1-1-705x493.jpg 705w, https:\/\/radiorevelacionfm.cl\/wp-content\/uploads\/2025\/01\/DTE-1-1-450x315.jpg 450w, https:\/\/radiorevelacionfm.cl\/wp-content\/uploads\/2025\/01\/DTE-1-1-600x420.jpg 600w\" sizes=\"(max-width: 858px) 100vw, 858px\" \/><\/div><\/div><\/div><\/div><div class=\"flex_column av_one_full  flex_column_div av-zero-column-padding first  avia-builder-el-2  el_after_av_one_full  el_before_av_one_full  column-top-margin\" style='border-radius:0px; '><section class=\"av_textblock_section \"  itemscope=\"itemscope\" itemtype=\"https:\/\/schema.org\/BlogPosting\" itemprop=\"blogPost\" ><div class='avia_textblock  '   itemprop=\"text\" ><p style=\"text-align: center;\"><span style=\"font-size: 18pt;\"><b><span lang=\"ES\">Autoridades Regionales se reunieron con estudiantes que obtuvieron la Distinci\u00f3n a la Trayectoria Educativa DTE tras rendir la PAES 2024<\/span><\/b><\/span><\/p>\n<div id=\"gtx-trans\" style=\"position: absolute; left: -50px; top: 4.31534px;\">\n<div class=\"gtx-trans-icon\"><\/div>\n<\/div>\n<\/div><\/section><\/div><div class=\"flex_column av_one_full  flex_column_div av-zero-column-padding first  avia-builder-el-4  el_after_av_one_full  el_before_av_hr  column-top-margin\" style='border-radius:0px; '><section class=\"av_textblock_section \"  itemscope=\"itemscope\" itemtype=\"https:\/\/schema.org\/BlogPosting\" itemprop=\"blogPost\" ><div class='avia_textblock  '   itemprop=\"text\" ><p class=\"v1MsoNormal\" style=\"text-align: justify;\"><span lang=\"ES\">Este mi\u00e9rcoles 08 de Enero el Delegado Presidencial Regional Jorge D\u00edaz Guzm\u00e1n, la Seremi de Educaci\u00f3n Isabel Garrido, la Seremi de Gobierno \u00darsula Mix, el Alcalde Coyhaique Carlos Gatica y el Administrador del\u00a0<\/span><span lang=\"ES\"><a href=\"https:\/\/www.facebook.com\/gobiernoregionaldeaysen?__cft__%5b0%5d=AZU1ehrw8ps8BtsQ4hsKmjj6h9y6KO_dCWy2SbDyq8xWnEKsDdsbcvc4cyoGoIqnveFCebT2zPOrhKWF-_AnNFr1zx2_3VLik2gWmLLPT4p6JiUBYzKrc7TBWUN6-Z8SuTHcKQJYrL_pney2kTKiqtNLPCCrZIA6MpuNxy5Iz3w2d5-RkLhqpGxaOKs3-YOsBAs&amp;__tn__=-%5dK-R\" target=\"_blank\" rel=\"noopener noreferrer\">Gobierno Regional de Ays\u00e9n<\/a><\/span><span lang=\"ES\">\u00a0N\u00e9stor Mera acompa\u00f1aron a cuatro j\u00f3venes de la regi\u00f3n que obtuvieron la Distinci\u00f3n a la Trayectoria Educativa (DTE) tras rendir la PAES 2024 y recibieron el reconocimiento del Gobierno.<\/span><\/p>\n<p class=\"v1MsoNormal\" style=\"text-align: justify;\"><span lang=\"ES\">Durante un distendido encuentro, los estudiantes Sebasti\u00e1n Millalonco Millalonco, Magdalena Santana Ag\u00fcero, Octavio Uribe Manr\u00edquez y Jos\u00e9 Haro Aguilar, compartieron la emoci\u00f3n de su logro acad\u00e9mico y las expectativas frente a su futuro estudiantil y vocaci\u00f3n profesional.<\/span><\/p>\n<p class=\"v1MsoNormal\" style=\"text-align: justify;\"><span lang=\"ES\">Por tercer a\u00f1o, se entregan las Distinciones a las Trayectorias Educativas (DTE), mecanismo creado para reconocer a las y los estudiantes m\u00e1s destacadas\/os, relevando el contexto del que provienen. Para esta rendici\u00f3n se reconocen 333 DTEs (a 313 personas), 64 distinciones m\u00e1s que en el a\u00f1o anterior, producto de la ocurrencia de empates entre personas con iguales resultados en las PAES y no por cambios en el criterio de asignaci\u00f3n de la DTE. En la regi\u00f3n se registraron 11 distinciones.<\/span><\/p>\n<p class=\"v1MsoNormal\" style=\"text-align: justify;\"><span lang=\"ES\">\u201cEste es un reconocimiento no solo de Gobierno,sino del Estado en la Regi\u00f3n, a estas y estos j\u00f3venes estudiantes que no solamente obtienen un alto puntaje en la PAES, sino adem\u00e1s tienen una trayectoria educativa que los distingue y los hace representantes de los j\u00f3venes de la regi\u00f3n\u201d, expres\u00f3 el Delegado Presidencial Jorge D\u00edaz Guzm\u00e1n.<\/span><\/p>\n<p class=\"v1MsoNormal\" style=\"text-align: justify;\"><span lang=\"ES\">Por su parte, la SEREMI de Educaci\u00f3n, Isabel Garrido, afirm\u00f3 que \u201cla creaci\u00f3n de la Distinci\u00f3n a la Trayectoria Educativa es una de las tantas medidas que ha impulsado el Estado de Chile para avanzar hacia un sistema de acceso a la educaci\u00f3n superior que sea m\u00e1s equitativo, inclusivo y objetivo. A esto se que el cambio de la PSU a la PAES, donde ya no se pone el \u00e9nfasis en conocimientos memor\u00edsticos sino que se eval\u00faa el desarrollo de habilidades complejas como el an\u00e1lisis y la reflexi\u00f3n, habilidades que est\u00e1n distribuidas en forma m\u00e1s equitativa en la poblaci\u00f3n. Ello se suma a la nueva PAES de\u00a0 invierno que entrega una oportunidad m\u00e1s para mejorar el puntaje de postulaci\u00f3n a la educaci\u00f3n superior, la ampliaci\u00f3n de los programas M\u00e1s Mujeres Cient\u00edficas (+MC) y el PACE, que en conjunto avanzan hacia un mejor sistema de acceso\u201d.<\/span><\/p>\n<p class=\"v1MsoNormal\" style=\"text-align: justify;\"><b><span lang=\"ES\">Los estudiantes distinguidos<\/span><\/b><\/p>\n<p class=\"v1MsoNormal\" style=\"text-align: justify;\"><span lang=\"ES\">Jos\u00e9 Haro Aguilar, egresado del Liceo San Felipe Benicio de Coyhaique, obtuvo 1.000 puntos en la Prueba de Matem\u00e1tica 1 y 889 en la Prueba de Ciencias. Tiene inter\u00e9s por las Matem\u00e1ticas te\u00f3ricas y quiere estudiar Ingenier\u00eda Civil Matem\u00e1ticas en la Universidad de Chile.<\/span><\/p>\n<p class=\"v1MsoNormal\" style=\"text-align: justify;\"><span lang=\"ES\">Magdalena Santana Ag\u00fcero, egresada del liceo San Jos\u00e9 UR de Puerto Ays\u00e9n. Obtuvo 992 puntos en Matem\u00e1ticas. Postul\u00f3 a Derecho en la Universidad Cat\u00f3lica. \u201cMe esforc\u00e9 mucho estudiando para rendir la PAES y agradezco el apoyo de los profesores de mi liceo quienes acompa\u00f1aron a los estudiantes hasta d\u00edas antes de rendir el examen\u201d.<\/span><\/p>\n<p class=\"v1MsoNormal\" style=\"text-align: justify;\"><span lang=\"ES\">Sebasti\u00e1n Millalonco Millalonco estudiante del Colegio Bicentenario Santa Teresa de los Andes de Puerto Ays\u00e9n. Obtuvo 1000 puntos en la Prueba de Matem\u00e1ticas M1 y en la Prueba de Matem\u00e1ticas M2\u00a0 830. \u201cQuiero estudiar Ingenier\u00eda Civil Mec\u00e1nica e la Universidad Federico Santa Mar\u00eda. Me voy a estudiar fuera de la regi\u00f3n pero planeo volver\u00a0 a ejercer mi carrera ac\u00e1 en la regi\u00f3n. Agradezco a mis profesores de matem\u00e1ticas. Para prepararme fui mucho a la biblioteca buscando libros de Matem\u00e1ticas y usando textos de internet\u201d.<\/span><\/p>\n<p class=\"v1MsoNormal\" style=\"text-align: justify;\"><span lang=\"ES\">Octavio Uribe Manr\u00edquez, egresado del Colegio Alianza Austral de Coyhaique.\u00a0 Obtuvo 1000 puntos en la prueba de Matem\u00e1tica y 946 puntos en la Prueba de Historia. \u201cQuiero estudiar Derecho en Valdivia o en Santiago\u201d.<\/span><\/p>\n<p class=\"v1MsoNormal\" style=\"text-align: justify;\"><b><span lang=\"ES\">Pr\u00f3ximas fechas del proceso de acceso a la educaci\u00f3n Superior<\/span><\/b><\/p>\n<ul style=\"text-align: justify;\" type=\"disc\">\n<li class=\"v1MsoNormal\"><span lang=\"ES\">9 de enero a las 13:00: Cierre del per\u00edodo de postulaci\u00f3n centralizada.<\/span><\/li>\n<\/ul>\n<ul type=\"disc\">\n<li class=\"v1MsoNormal\" style=\"text-align: justify;\"><span lang=\"ES\">20 de enero a mediod\u00eda: Resultados del Proceso de Selecci\u00f3n.<\/span><\/li>\n<li class=\"v1MsoNormal\" style=\"text-align: justify;\"><span lang=\"ES\">21 de enero: Inicio del Proceso de Matr\u00edcula (convocadas\/os del primer per\u00edodo).<\/span><\/li>\n<li class=\"v1MsoNormal\" style=\"text-align: justify;\"><span lang=\"ES\">23 de enero: Fin Primer Per\u00edodo de Matr\u00edcula (convocadas\/os del primer per\u00edodo).<\/span><\/li>\n<li class=\"v1MsoNormal\" style=\"text-align: justify;\"><span lang=\"ES\">24 al 30 de enero: Segundo Periodo de Matr\u00edcula.<\/span><\/li>\n<\/ul>\n<\/div><\/section><\/div><div  style='height:50px' class='hr hr-invisible   avia-builder-el-6  el_after_av_one_full  el_before_av_social_share '><span class='hr-inner ' ><span class='hr-inner-style'><\/span><\/span><\/div><\/p>\n<div  class='av-social-sharing-box  avia-builder-el-7  el_after_av_hr  el_before_av_hr  '><div class='av-share-box'><h5 class='av-share-link-description av-no-toc '>Compartir esta noticia<\/h5><ul class='av-share-box-list noLightbox'><li class='av-share-link av-social-link-facebook' ><a target=\"_blank\" aria-label=\"Compartir en Facebook\" href='https:\/\/www.facebook.com\/sharer.php?u=https:\/\/radiorevelacionfm.cl\/?p=49465&#038;t=Autoridades%20Regionales%20se%20reunieron%20con%20estudiantes%20que%20obtuvieron%20la%20Distinci%C3%B3n%20a%20la%20Trayectoria%20Educativa%20DTE%20tras%20rendir%20la%20PAES%202024' aria-hidden='false' data-av_icon='\ue8f3' data-av_iconfont='entypo-fontello' title='' data-avia-related-tooltip='Compartir en Facebook' rel=\"noopener\"><span class='avia_hidden_link_text'>Compartir en Facebook<\/span><\/a><\/li><li class='av-share-link av-social-link-twitter' ><a target=\"_blank\" aria-label=\"Compartir en Twitter\" href='https:\/\/twitter.com\/share?text=Autoridades%20Regionales%20se%20reunieron%20con%20estudiantes%20que%20obtuvieron%20la%20Distinci%C3%B3n%20a%20la%20Trayectoria%20Educativa%20DTE%20tras%20rendir%20la%20PAES%202024&#038;url=https:\/\/radiorevelacionfm.cl\/?p=49465' aria-hidden='false' data-av_icon='\ue8f1' data-av_iconfont='entypo-fontello' title='' data-avia-related-tooltip='Compartir en Twitter' rel=\"noopener\"><span class='avia_hidden_link_text'>Compartir en Twitter<\/span><\/a><\/li><li class='av-share-link av-social-link-whatsapp' ><a target=\"_blank\" aria-label=\"Compartir en Whatsapp\" href='https:\/\/api.whatsapp.com\/send?text=https:\/\/radiorevelacionfm.cl\/?p=49465' aria-hidden='false' data-av_icon='\uf232' data-av_iconfont='entypo-fontello' title='' data-avia-related-tooltip='Compartir en Whatsapp' rel=\"noopener\"><span class='avia_hidden_link_text'>Compartir en Whatsapp<\/span><\/a><\/li><li class='av-share-link av-social-link-linkedin' ><a target=\"_blank\" aria-label=\"Compartir en LinkedIn\" href='https:\/\/linkedin.com\/shareArticle?mini=true&#038;title=Autoridades%20Regionales%20se%20reunieron%20con%20estudiantes%20que%20obtuvieron%20la%20Distinci%C3%B3n%20a%20la%20Trayectoria%20Educativa%20DTE%20tras%20rendir%20la%20PAES%202024&#038;url=https:\/\/radiorevelacionfm.cl\/?p=49465' aria-hidden='false' data-av_icon='\ue8fc' data-av_iconfont='entypo-fontello' title='' data-avia-related-tooltip='Compartir en LinkedIn' rel=\"noopener\"><span class='avia_hidden_link_text'>Compartir en LinkedIn<\/span><\/a><\/li><li class='av-share-link av-social-link-mail' ><a  aria-label=\"Compartir por correo\" href='mailto:?subject=Autoridades%20Regionales%20se%20reunieron%20con%20estudiantes%20que%20obtuvieron%20la%20Distinci%C3%B3n%20a%20la%20Trayectoria%20Educativa%20DTE%20tras%20rendir%20la%20PAES%202024&#038;body=https:\/\/radiorevelacionfm.cl\/?p=49465' aria-hidden='false' data-av_icon='\ue805' data-av_iconfont='entypo-fontello' title='' data-avia-related-tooltip='Compartir por correo'><span class='avia_hidden_link_text'>Compartir por correo<\/span><\/a><\/li><\/ul><\/div><\/div>\n<div  style='height:50px' class='hr hr-invisible   avia-builder-el-8  el_after_av_social_share  el_before_av_comments_list '><span class='hr-inner ' ><span class='hr-inner-style'><\/span><\/span><\/div>\n<div  class='av-buildercomment  av-blog-meta-html-info-disabled av-blog-meta-tag-disabled  '><\/div>\n","protected":false},"excerpt":{"rendered":"","protected":false},"author":1,"featured_media":49466,"comment_status":"open","ping_status":"open","sticky":false,"template":"","format":"standard","meta":{"footnotes":""},"categories":[49],"tags":[],"class_list":["post-49465","post","type-post","status-publish","format-standard","has-post-thumbnail","hentry","category-educacion"],"jetpack_featured_media_url":"https:\/\/radiorevelacionfm.cl\/wp-content\/uploads\/2025\/01\/DTE-1-1.jpg","_links":{"self":[{"href":"https:\/\/radiorevelacionfm.cl\/index.php?rest_route=\/wp\/v2\/posts\/49465","targetHints":{"allow":["GET"]}}],"collection":[{"href":"https:\/\/radiorevelacionfm.cl\/index.php?rest_route=\/wp\/v2\/posts"}],"about":[{"href":"https:\/\/radiorevelacionfm.cl\/index.php?rest_route=\/wp\/v2\/types\/post"}],"author":[{"embeddable":true,"href":"https:\/\/radiorevelacionfm.cl\/index.php?rest_route=\/wp\/v2\/users\/1"}],"replies":[{"embeddable":true,"href":"https:\/\/radiorevelacionfm.cl\/index.php?rest_route=%2Fwp%2Fv2%2Fcomments&post=49465"}],"version-history":[{"count":1,"href":"https:\/\/radiorevelacionfm.cl\/index.php?rest_route=\/wp\/v2\/posts\/49465\/revisions"}],"predecessor-version":[{"id":49467,"href":"https:\/\/radiorevelacionfm.cl\/index.php?rest_route=\/wp\/v2\/posts\/49465\/revisions\/49467"}],"wp:featuredmedia":[{"embeddable":true,"href":"https:\/\/radiorevelacionfm.cl\/index.php?rest_route=\/wp\/v2\/media\/49466"}],"wp:attachment":[{"href":"https:\/\/radiorevelacionfm.cl\/index.php?rest_route=%2Fwp%2Fv2%2Fmedia&parent=49465"}],"wp:term":[{"taxonomy":"category","embeddable":true,"href":"https:\/\/radiorevelacionfm.cl\/index.php?rest_route=%2Fwp%2Fv2%2Fcategories&post=49465"},{"taxonomy":"post_tag","embeddable":true,"href":"https:\/\/radiorevelacionfm.cl\/index.php?rest_route=%2Fwp%2Fv2%2Ftags&post=49465"}],"curies":[{"name":"wp","href":"https:\/\/api.w.org\/{rel}","templated":true}]}}