{"id":49462,"date":"2025-01-08T20:16:16","date_gmt":"2025-01-08T23:16:16","guid":{"rendered":"https:\/\/radiorevelacionfm.cl\/?p=49462"},"modified":"2025-01-08T20:16:16","modified_gmt":"2025-01-08T23:16:16","slug":"calisto-valora-aprobacion-de-proyecto-que-aborda-deuda-historica-a-profesores-pero-pide-disminuir-plazos-de-pago","status":"publish","type":"post","link":"https:\/\/radiorevelacionfm.cl\/?p=49462","title":{"rendered":"Calisto valora aprobaci\u00f3n de proyecto que aborda deuda hist\u00f3rica a profesores pero pide disminuir plazos de pago"},"content":{"rendered":"<div class=\"flex_column av_one_full  flex_column_div av-zero-column-padding first  avia-builder-el-0  el_before_av_one_full  avia-builder-el-first  \" style='border-radius:0px; '><div  class='avia-image-container  av-styling-    avia-builder-el-1  avia-builder-el-no-sibling  avia-align-center '  itemprop=\"image\" itemscope=\"itemscope\" itemtype=\"https:\/\/schema.org\/ImageObject\"  ><div class='avia-image-container-inner'><div class='avia-image-overlay-wrap'><img decoding=\"async\" class='wp-image-49463 avia-img-lazy-loading-not-49463 avia_image' src=\"https:\/\/radiorevelacionfm.cl\/wp-content\/uploads\/2025\/01\/calisto-foto-deuda-histOrica-1-1_optimized-1.jpeg\" alt='' title='calisto-foto-deuda-hist\u00d3rica-(1)-(1)_optimized (1)' height=\"600\" width=\"900\"  itemprop=\"thumbnailUrl\" srcset=\"https:\/\/radiorevelacionfm.cl\/wp-content\/uploads\/2025\/01\/calisto-foto-deuda-histOrica-1-1_optimized-1.jpeg 900w, https:\/\/radiorevelacionfm.cl\/wp-content\/uploads\/2025\/01\/calisto-foto-deuda-histOrica-1-1_optimized-1-300x200.jpeg 300w, https:\/\/radiorevelacionfm.cl\/wp-content\/uploads\/2025\/01\/calisto-foto-deuda-histOrica-1-1_optimized-1-768x512.jpeg 768w, https:\/\/radiorevelacionfm.cl\/wp-content\/uploads\/2025\/01\/calisto-foto-deuda-histOrica-1-1_optimized-1-705x470.jpeg 705w, https:\/\/radiorevelacionfm.cl\/wp-content\/uploads\/2025\/01\/calisto-foto-deuda-histOrica-1-1_optimized-1-450x300.jpeg 450w, https:\/\/radiorevelacionfm.cl\/wp-content\/uploads\/2025\/01\/calisto-foto-deuda-histOrica-1-1_optimized-1-600x400.jpeg 600w\" sizes=\"(max-width: 900px) 100vw, 900px\" \/><\/div><\/div><\/div><\/div><div class=\"flex_column av_one_full  flex_column_div av-zero-column-padding first  avia-builder-el-2  el_after_av_one_full  el_before_av_one_full  column-top-margin\" style='border-radius:0px; '><section class=\"av_textblock_section \"  itemscope=\"itemscope\" itemtype=\"https:\/\/schema.org\/BlogPosting\" itemprop=\"blogPost\" ><div class='avia_textblock  '   itemprop=\"text\" ><p style=\"text-align: center;\"><span style=\"font-size: 18pt;\"><b>Calisto valora aprobaci\u00f3n de proyecto que aborda deuda hist\u00f3rica a profesores pero pide disminuir plazos de pago<\/b><\/span><\/p>\n<div id=\"gtx-trans\" style=\"position: absolute; left: -50px; top: 4.31534px;\">\n<div class=\"gtx-trans-icon\"><\/div>\n<\/div>\n<\/div><\/section><\/div><div class=\"flex_column av_one_full  flex_column_div av-zero-column-padding first  avia-builder-el-4  el_after_av_one_full  el_before_av_hr  column-top-margin\" style='border-radius:0px; '><section class=\"av_textblock_section \"  itemscope=\"itemscope\" itemtype=\"https:\/\/schema.org\/BlogPosting\" itemprop=\"blogPost\" ><div class='avia_textblock  '   itemprop=\"text\" ><p style=\"font-weight: 400; text-align: justify;\">Con el voto a favor del diputado Miguel \u00c1ngel Calisto, la C\u00e1mara aprob\u00f3 el proyecto que aborda la deuda hist\u00f3rica a los profesores, iniciativa que otorga un aporte \u00fanico de cargo fiscal, el que \u00a0ser\u00e1 pagado a las y los docentes traspasados desde la administraci\u00f3n del Ministerio a la administraci\u00f3n de las municipalidades, y que no recibieron una asignaci\u00f3n especial que deb\u00eda pagarse entre 1980 y 1987.<\/p>\n<p style=\"font-weight: 400; text-align: justify;\">El aporte a pagar corresponder\u00e1 a cuatro millones quinientos mil pesos por beneficiario o beneficiaria. Se pagar\u00e1 en dos cuotas y existir\u00e1n seis per\u00edodos de pago. Los cupos disponibles por a\u00f1o tendr\u00e1n un perfil de priorizaci\u00f3n que tomar\u00e1 en cuenta la edad de las y los beneficiarios. As\u00ed, se comenzar\u00e1 con las personas de mayor edad a las de menor edad. El universo considerado es de 57.560.<\/p>\n<p style=\"font-weight: 400; text-align: justify;\">Seg\u00fan el diputado Miguel \u00c1ngel Calisto, \u201chacer justicia con los profesores es de los actos m\u00e1s nobles que podemos hacer desde el parlamento chileno. La verdad es que, si bien la deuda que tiene el Estado con los profesores bordeaba en algunos casos los 60 millones, es importante la se\u00f1al que est\u00e1 dando este parlamento al aprobar el proyecto\u201d.<\/p>\n<p style=\"font-weight: 400; text-align: justify;\">\u201cYo quiero en particular hacer un sentido homenaje a los profesores de mi regi\u00f3n y a los dirigentes de Ays\u00e9n, los que durante a\u00f1os han luchado por solucionar el problema de la deuda hist\u00f3rica. Me refiero a don don Sergio Levic\u00e1n G\u00f3mez, don Mario Sandoval o do\u00f1a Rosa P\u00e9sutic, dirigentes de los profesores que han luchado a\u00f1os por esto\u201d, indic\u00f3 el legislador en la sala.<\/p>\n<p style=\"font-weight: 400; text-align: justify;\">Calisto agreg\u00f3 que \u201cac\u00e1 no sacamos nada con echar la responsabilidad a unos y otros porque ac\u00e1 han gobernado izquierdas y derechas todos hemos gobernado y no hemos sido capaces de resolver este tema\u201d.<\/p>\n<p style=\"font-weight: 400; text-align: justify;\">El parlamentario indic\u00f3 que \u201cnosotros desde el partido Dem\u00f3cratas vamos a votar a favor de este proyecto, vamos a apoyar que el Estado resuelva la deuda hist\u00f3rica. Sin embargo, le pedimos al gobierno que estos pagos no sean a tan largo plazo. Yo habl\u00e9 hoy d\u00eda en la ma\u00f1ana con profesores de mi regi\u00f3n que dec\u00edan que algunos van a recibir su primer pago en cuatro a\u00f1os m\u00e1s, entonces estamos hablando de profesores que son adultos mayores. No esperemos que nuestros profesores se mueran y que no les terminemos resolviendo la deuda\u201d.<\/p>\n<p style=\"font-weight: 400; text-align: justify;\">Finalmente, el diputado Calisto insisti\u00f3 se\u00f1alado que \u201cyo le pido presidente y al se\u00f1or ministro que tome en consideraci\u00f3n acortar los plazos de pago y el Estado haga el esfuerzo de que, si vamos a pagar estos cuatro millones y medio, no sea a cuatro o cinco a\u00f1os, sino que sea lo antes posible\u201d.<\/p>\n<\/div><\/section><\/div><div  style='height:50px' class='hr hr-invisible   avia-builder-el-6  el_after_av_one_full  el_before_av_social_share '><span class='hr-inner ' ><span class='hr-inner-style'><\/span><\/span><\/div><\/p>\n<div  class='av-social-sharing-box  avia-builder-el-7  el_after_av_hr  el_before_av_hr  '><div class='av-share-box'><h5 class='av-share-link-description av-no-toc '>Compartir esta noticia<\/h5><ul class='av-share-box-list noLightbox'><li class='av-share-link av-social-link-facebook' ><a target=\"_blank\" aria-label=\"Compartir en Facebook\" href='https:\/\/www.facebook.com\/sharer.php?u=https:\/\/radiorevelacionfm.cl\/?p=49462&#038;t=Calisto%20valora%20aprobaci%C3%B3n%20de%20proyecto%20que%20aborda%20deuda%20hist%C3%B3rica%20a%20profesores%20pero%20pide%20disminuir%20plazos%20de%20pago' aria-hidden='false' data-av_icon='\ue8f3' data-av_iconfont='entypo-fontello' title='' data-avia-related-tooltip='Compartir en Facebook' rel=\"noopener\"><span class='avia_hidden_link_text'>Compartir en Facebook<\/span><\/a><\/li><li class='av-share-link av-social-link-twitter' ><a target=\"_blank\" aria-label=\"Compartir en Twitter\" href='https:\/\/twitter.com\/share?text=Calisto%20valora%20aprobaci%C3%B3n%20de%20proyecto%20que%20aborda%20deuda%20hist%C3%B3rica%20a%20profesores%20pero%20pide%20disminuir%20plazos%20de%20pago&#038;url=https:\/\/radiorevelacionfm.cl\/?p=49462' aria-hidden='false' data-av_icon='\ue8f1' data-av_iconfont='entypo-fontello' title='' data-avia-related-tooltip='Compartir en Twitter' rel=\"noopener\"><span class='avia_hidden_link_text'>Compartir en Twitter<\/span><\/a><\/li><li class='av-share-link av-social-link-whatsapp' ><a target=\"_blank\" aria-label=\"Compartir en Whatsapp\" href='https:\/\/api.whatsapp.com\/send?text=https:\/\/radiorevelacionfm.cl\/?p=49462' aria-hidden='false' data-av_icon='\uf232' data-av_iconfont='entypo-fontello' title='' data-avia-related-tooltip='Compartir en Whatsapp' rel=\"noopener\"><span class='avia_hidden_link_text'>Compartir en Whatsapp<\/span><\/a><\/li><li class='av-share-link av-social-link-linkedin' ><a target=\"_blank\" aria-label=\"Compartir en LinkedIn\" href='https:\/\/linkedin.com\/shareArticle?mini=true&#038;title=Calisto%20valora%20aprobaci%C3%B3n%20de%20proyecto%20que%20aborda%20deuda%20hist%C3%B3rica%20a%20profesores%20pero%20pide%20disminuir%20plazos%20de%20pago&#038;url=https:\/\/radiorevelacionfm.cl\/?p=49462' aria-hidden='false' data-av_icon='\ue8fc' data-av_iconfont='entypo-fontello' title='' data-avia-related-tooltip='Compartir en LinkedIn' rel=\"noopener\"><span class='avia_hidden_link_text'>Compartir en LinkedIn<\/span><\/a><\/li><li class='av-share-link av-social-link-mail' ><a  aria-label=\"Compartir por correo\" href='mailto:?subject=Calisto%20valora%20aprobaci%C3%B3n%20de%20proyecto%20que%20aborda%20deuda%20hist%C3%B3rica%20a%20profesores%20pero%20pide%20disminuir%20plazos%20de%20pago&#038;body=https:\/\/radiorevelacionfm.cl\/?p=49462' aria-hidden='false' data-av_icon='\ue805' data-av_iconfont='entypo-fontello' title='' data-avia-related-tooltip='Compartir por correo'><span class='avia_hidden_link_text'>Compartir por correo<\/span><\/a><\/li><\/ul><\/div><\/div>\n<div  style='height:50px' class='hr hr-invisible   avia-builder-el-8  el_after_av_social_share  el_before_av_comments_list '><span class='hr-inner ' ><span class='hr-inner-style'><\/span><\/span><\/div>\n<div  class='av-buildercomment  av-blog-meta-html-info-disabled av-blog-meta-tag-disabled  '><\/div>\n","protected":false},"excerpt":{"rendered":"","protected":false},"author":1,"featured_media":49463,"comment_status":"open","ping_status":"open","sticky":false,"template":"","format":"standard","meta":{"footnotes":""},"categories":[35],"tags":[],"class_list":["post-49462","post","type-post","status-publish","format-standard","has-post-thumbnail","hentry","category-politica"],"jetpack_featured_media_url":"https:\/\/radiorevelacionfm.cl\/wp-content\/uploads\/2025\/01\/calisto-foto-deuda-histOrica-1-1_optimized-1.jpeg","_links":{"self":[{"href":"https:\/\/radiorevelacionfm.cl\/index.php?rest_route=\/wp\/v2\/posts\/49462","targetHints":{"allow":["GET"]}}],"collection":[{"href":"https:\/\/radiorevelacionfm.cl\/index.php?rest_route=\/wp\/v2\/posts"}],"about":[{"href":"https:\/\/radiorevelacionfm.cl\/index.php?rest_route=\/wp\/v2\/types\/post"}],"author":[{"embeddable":true,"href":"https:\/\/radiorevelacionfm.cl\/index.php?rest_route=\/wp\/v2\/users\/1"}],"replies":[{"embeddable":true,"href":"https:\/\/radiorevelacionfm.cl\/index.php?rest_route=%2Fwp%2Fv2%2Fcomments&post=49462"}],"version-history":[{"count":1,"href":"https:\/\/radiorevelacionfm.cl\/index.php?rest_route=\/wp\/v2\/posts\/49462\/revisions"}],"predecessor-version":[{"id":49464,"href":"https:\/\/radiorevelacionfm.cl\/index.php?rest_route=\/wp\/v2\/posts\/49462\/revisions\/49464"}],"wp:featuredmedia":[{"embeddable":true,"href":"https:\/\/radiorevelacionfm.cl\/index.php?rest_route=\/wp\/v2\/media\/49463"}],"wp:attachment":[{"href":"https:\/\/radiorevelacionfm.cl\/index.php?rest_route=%2Fwp%2Fv2%2Fmedia&parent=49462"}],"wp:term":[{"taxonomy":"category","embeddable":true,"href":"https:\/\/radiorevelacionfm.cl\/index.php?rest_route=%2Fwp%2Fv2%2Fcategories&post=49462"},{"taxonomy":"post_tag","embeddable":true,"href":"https:\/\/radiorevelacionfm.cl\/index.php?rest_route=%2Fwp%2Fv2%2Ftags&post=49462"}],"curies":[{"name":"wp","href":"https:\/\/api.w.org\/{rel}","templated":true}]}}