{"id":49459,"date":"2025-01-08T17:59:51","date_gmt":"2025-01-08T20:59:51","guid":{"rendered":"https:\/\/radiorevelacionfm.cl\/?p=49459"},"modified":"2025-01-08T17:59:51","modified_gmt":"2025-01-08T20:59:51","slug":"ninos-ninas-y-adolescentes-de-aysen-estan-invitados-a-elaborar-la-nueva-politica-deportiva-de-chile","status":"publish","type":"post","link":"https:\/\/radiorevelacionfm.cl\/?p=49459","title":{"rendered":"Ni\u00f1os, ni\u00f1as y adolescentes de Ays\u00e9n est\u00e1n invitados a elaborar la Nueva Pol\u00edtica Deportiva de Chile"},"content":{"rendered":"<div class=\"flex_column av_one_full  flex_column_div av-zero-column-padding first  avia-builder-el-0  el_before_av_one_full  avia-builder-el-first  \" style='border-radius:0px; '><div  class='avia-image-container  av-styling-    avia-builder-el-1  avia-builder-el-no-sibling  avia-align-center '  itemprop=\"image\" itemscope=\"itemscope\" itemtype=\"https:\/\/schema.org\/ImageObject\"  ><div class='avia-image-container-inner'><div class='avia-image-overlay-wrap'><img decoding=\"async\" class='wp-image-49460 avia-img-lazy-loading-not-49460 avia_image' src=\"https:\/\/radiorevelacionfm.cl\/wp-content\/uploads\/2025\/01\/foto-2-41-1_optimized-1.jpeg\" alt='' title='foto-2-(41)-(1)_optimized (1)' height=\"600\" width=\"1067\"  itemprop=\"thumbnailUrl\" srcset=\"https:\/\/radiorevelacionfm.cl\/wp-content\/uploads\/2025\/01\/foto-2-41-1_optimized-1.jpeg 1067w, https:\/\/radiorevelacionfm.cl\/wp-content\/uploads\/2025\/01\/foto-2-41-1_optimized-1-300x169.jpeg 300w, https:\/\/radiorevelacionfm.cl\/wp-content\/uploads\/2025\/01\/foto-2-41-1_optimized-1-1030x579.jpeg 1030w, https:\/\/radiorevelacionfm.cl\/wp-content\/uploads\/2025\/01\/foto-2-41-1_optimized-1-768x432.jpeg 768w, https:\/\/radiorevelacionfm.cl\/wp-content\/uploads\/2025\/01\/foto-2-41-1_optimized-1-705x396.jpeg 705w, https:\/\/radiorevelacionfm.cl\/wp-content\/uploads\/2025\/01\/foto-2-41-1_optimized-1-450x253.jpeg 450w, https:\/\/radiorevelacionfm.cl\/wp-content\/uploads\/2025\/01\/foto-2-41-1_optimized-1-600x337.jpeg 600w\" sizes=\"(max-width: 1067px) 100vw, 1067px\" \/><\/div><\/div><\/div><\/div><div class=\"flex_column av_one_full  flex_column_div av-zero-column-padding first  avia-builder-el-2  el_after_av_one_full  el_before_av_one_full  column-top-margin\" style='border-radius:0px; '><section class=\"av_textblock_section \"  itemscope=\"itemscope\" itemtype=\"https:\/\/schema.org\/BlogPosting\" itemprop=\"blogPost\" ><div class='avia_textblock  '   itemprop=\"text\" ><p style=\"text-align: center;\"><span style=\"font-size: 18pt;\"><b>Ni\u00f1os, ni\u00f1as y adolescentes de Ays\u00e9n est\u00e1n invitados a elaborar la Nueva Pol\u00edtica Deportiva de Chile<\/b><\/span><\/p>\n<div id=\"gtx-trans\" style=\"position: absolute; left: -50px; top: 4.31534px;\">\n<div class=\"gtx-trans-icon\"><\/div>\n<\/div>\n<\/div><\/section><\/div><div class=\"flex_column av_one_full  flex_column_div av-zero-column-padding first  avia-builder-el-4  el_after_av_one_full  el_before_av_hr  column-top-margin\" style='border-radius:0px; '><section class=\"av_textblock_section \"  itemscope=\"itemscope\" itemtype=\"https:\/\/schema.org\/BlogPosting\" itemprop=\"blogPost\" ><div class='avia_textblock  '   itemprop=\"text\" ><p class=\"v1MsoNormal\" style=\"text-align: justify;\">\u00a1Construyamos juntos el futuro del deporte! Esta es la invitaci\u00f3n que hicieron en conjunto las Seremis del Deporte, Mar\u00eda Eugenia Dur\u00e1n, y de Gobierno de Ays\u00e9n, \u00darsula Mix Jim\u00e9nez, llamando a todas y todos los ni\u00f1os, ni\u00f1as y adolescentes de nuestra regi\u00f3n de entre 5 y 17 a\u00f1os a ser parte activa de la construcci\u00f3n de la nueva Pol\u00edtica Nacional de Actividad F\u00edsica y Deporte 2026-2037.<\/p>\n<p class=\"v1MsoNormal\" style=\"text-align: justify;\">\u00abEste proceso hist\u00f3rico -explic\u00f3 la vocera de Gobierno-, busca recopilar las ideas, sue\u00f1os y propuestas de los m\u00e1s j\u00f3venes, quienes podr\u00e1n definir el desarrollo del deporte de Chile para los pr\u00f3ximos a\u00f1os a trav\u00e9s de una Consulta Ciudadana Online que estar\u00e1 disponible hasta el 15 de enero de 2025 en un enlace directo (<a href=\"https:\/\/forms.gle\/yxhXP6FwZL5VjpYY7\" target=\"_blank\" rel=\"noopener noreferrer\">https:\/\/forms.gle\/yxhXP6FwZL5VjpYY7<\/a>) que se puede encontrar en el sitio web del Ministerio del Deporte e IND,\u00a0<a href=\"http:\/\/www.mindep.cl\/\" target=\"_blank\" rel=\"noopener noreferrer\">www.mindep.cl<\/a>\u00a0\u00ab<\/p>\n<p class=\"v1MsoNormal\" style=\"text-align: justify;\">La seremi Mar\u00eda Eugenia Dur\u00e1n, en tanto, destac\u00f3 la importancia de este proceso se\u00f1alando que \u00abEsta tarea que tenemos como institucionalidad deportiva -y por cierto como representantes del Gobierno del Presidente Gabriel Boric-, para construir la nueva pol\u00edtica deportiva de Chile, comenz\u00f3 el a\u00f1o 2024, con un fuerte sello participativo, donde realizamos di\u00e1logos en las 4 provincias de la regi\u00f3n, adem\u00e1s de instancias de di\u00e1logos intersectoriales, t\u00e9cnicos y de mujeres, entre otros. Para este 2025 nos encontramos finalizando dos Consultas Ciudadanas online, una destinada a la poblaci\u00f3n en general, mayores de 14 a\u00f1os y otra enfocada en la poblaci\u00f3n infanto juvenil, de 5 a 17 a\u00f1os.\u00bb<\/p>\n<p class=\"v1MsoNormal\" style=\"text-align: justify;\">\u00abQuiero destacar esta \u00faltima encuesta, porque\u00a0 tenemos la convicci\u00f3n de que la voz de nuestros ni\u00f1os, ni\u00f1as y adolescentes es esencial para un futuro en el que el deporte y la actividad f\u00edsica sean parte del bienestar y desarrollo de todos y todas, queremos que los m\u00e1s peque\u00f1os y j\u00f3venes, sean tambi\u00e9n protagonistas en la creaci\u00f3n de una pol\u00edtica deportiva que los inspire y motive desde temprana edad\u00bb, a\u00f1adi\u00f3.<\/p>\n<p class=\"v1MsoNormal\" style=\"text-align: justify;\">Cabe se\u00f1alar que esta consulta ciudadana es parte de un amplio proceso participativo que incluye m\u00e1s de 135 di\u00e1logos ciudadanos en todo el pa\u00eds, con un enfoque descentralizado e inclusivo, que busca llegar a todos los rincones de Chile. En tal sentido, la futura Pol\u00edtica Nacional de Actividad F\u00edsica y Deporte incorporar\u00e1 acciones para asegurar la inclusi\u00f3n y la equidad, fomento de la vida activa, el fortalecimiento de la infraestructura, apoyo al talento deportivo y que promueva la integraci\u00f3n de todos los sectores de nuestra sociedad, entre otras materias.<\/p>\n<p class=\"v1MsoNormal\" style=\"text-align: justify;\">Participar, contribuir\u00e1 a que tengamos un Chile m\u00e1s saludable, activo y unido.<\/p>\n<\/div><\/section><\/div><div  style='height:50px' class='hr hr-invisible   avia-builder-el-6  el_after_av_one_full  el_before_av_social_share '><span class='hr-inner ' ><span class='hr-inner-style'><\/span><\/span><\/div><\/p>\n<div  class='av-social-sharing-box  avia-builder-el-7  el_after_av_hr  el_before_av_hr  '><div class='av-share-box'><h5 class='av-share-link-description av-no-toc '>Compartir esta noticia<\/h5><ul class='av-share-box-list noLightbox'><li class='av-share-link av-social-link-facebook' ><a target=\"_blank\" aria-label=\"Compartir en Facebook\" href='https:\/\/www.facebook.com\/sharer.php?u=https:\/\/radiorevelacionfm.cl\/?p=49459&#038;t=Ni%C3%B1os%2C%20ni%C3%B1as%20y%20adolescentes%20de%20Ays%C3%A9n%20est%C3%A1n%20invitados%20a%20elaborar%20la%20Nueva%20Pol%C3%ADtica%20Deportiva%20de%20Chile' aria-hidden='false' data-av_icon='\ue8f3' data-av_iconfont='entypo-fontello' title='' data-avia-related-tooltip='Compartir en Facebook' rel=\"noopener\"><span class='avia_hidden_link_text'>Compartir en Facebook<\/span><\/a><\/li><li class='av-share-link av-social-link-twitter' ><a target=\"_blank\" aria-label=\"Compartir en Twitter\" href='https:\/\/twitter.com\/share?text=Ni%C3%B1os%2C%20ni%C3%B1as%20y%20adolescentes%20de%20Ays%C3%A9n%20est%C3%A1n%20invitados%20a%20elaborar%20la%20Nueva%20Pol%C3%ADtica%20Deportiva%20de%20Chile&#038;url=https:\/\/radiorevelacionfm.cl\/?p=49459' aria-hidden='false' data-av_icon='\ue8f1' data-av_iconfont='entypo-fontello' title='' data-avia-related-tooltip='Compartir en Twitter' rel=\"noopener\"><span class='avia_hidden_link_text'>Compartir en Twitter<\/span><\/a><\/li><li class='av-share-link av-social-link-whatsapp' ><a target=\"_blank\" aria-label=\"Compartir en Whatsapp\" href='https:\/\/api.whatsapp.com\/send?text=https:\/\/radiorevelacionfm.cl\/?p=49459' aria-hidden='false' data-av_icon='\uf232' data-av_iconfont='entypo-fontello' title='' data-avia-related-tooltip='Compartir en Whatsapp' rel=\"noopener\"><span class='avia_hidden_link_text'>Compartir en Whatsapp<\/span><\/a><\/li><li class='av-share-link av-social-link-linkedin' ><a target=\"_blank\" aria-label=\"Compartir en LinkedIn\" href='https:\/\/linkedin.com\/shareArticle?mini=true&#038;title=Ni%C3%B1os%2C%20ni%C3%B1as%20y%20adolescentes%20de%20Ays%C3%A9n%20est%C3%A1n%20invitados%20a%20elaborar%20la%20Nueva%20Pol%C3%ADtica%20Deportiva%20de%20Chile&#038;url=https:\/\/radiorevelacionfm.cl\/?p=49459' aria-hidden='false' data-av_icon='\ue8fc' data-av_iconfont='entypo-fontello' title='' data-avia-related-tooltip='Compartir en LinkedIn' rel=\"noopener\"><span class='avia_hidden_link_text'>Compartir en LinkedIn<\/span><\/a><\/li><li class='av-share-link av-social-link-mail' ><a  aria-label=\"Compartir por correo\" href='mailto:?subject=Ni%C3%B1os%2C%20ni%C3%B1as%20y%20adolescentes%20de%20Ays%C3%A9n%20est%C3%A1n%20invitados%20a%20elaborar%20la%20Nueva%20Pol%C3%ADtica%20Deportiva%20de%20Chile&#038;body=https:\/\/radiorevelacionfm.cl\/?p=49459' aria-hidden='false' data-av_icon='\ue805' data-av_iconfont='entypo-fontello' title='' data-avia-related-tooltip='Compartir por correo'><span class='avia_hidden_link_text'>Compartir por correo<\/span><\/a><\/li><\/ul><\/div><\/div>\n<div  style='height:50px' class='hr hr-invisible   avia-builder-el-8  el_after_av_social_share  el_before_av_comments_list '><span class='hr-inner ' ><span class='hr-inner-style'><\/span><\/span><\/div>\n<div  class='av-buildercomment  av-blog-meta-html-info-disabled av-blog-meta-tag-disabled  '><\/div>\n","protected":false},"excerpt":{"rendered":"","protected":false},"author":1,"featured_media":49460,"comment_status":"open","ping_status":"open","sticky":false,"template":"","format":"standard","meta":{"footnotes":""},"categories":[40],"tags":[],"class_list":["post-49459","post","type-post","status-publish","format-standard","has-post-thumbnail","hentry","category-deportes"],"jetpack_featured_media_url":"https:\/\/radiorevelacionfm.cl\/wp-content\/uploads\/2025\/01\/foto-2-41-1_optimized-1.jpeg","_links":{"self":[{"href":"https:\/\/radiorevelacionfm.cl\/index.php?rest_route=\/wp\/v2\/posts\/49459","targetHints":{"allow":["GET"]}}],"collection":[{"href":"https:\/\/radiorevelacionfm.cl\/index.php?rest_route=\/wp\/v2\/posts"}],"about":[{"href":"https:\/\/radiorevelacionfm.cl\/index.php?rest_route=\/wp\/v2\/types\/post"}],"author":[{"embeddable":true,"href":"https:\/\/radiorevelacionfm.cl\/index.php?rest_route=\/wp\/v2\/users\/1"}],"replies":[{"embeddable":true,"href":"https:\/\/radiorevelacionfm.cl\/index.php?rest_route=%2Fwp%2Fv2%2Fcomments&post=49459"}],"version-history":[{"count":1,"href":"https:\/\/radiorevelacionfm.cl\/index.php?rest_route=\/wp\/v2\/posts\/49459\/revisions"}],"predecessor-version":[{"id":49461,"href":"https:\/\/radiorevelacionfm.cl\/index.php?rest_route=\/wp\/v2\/posts\/49459\/revisions\/49461"}],"wp:featuredmedia":[{"embeddable":true,"href":"https:\/\/radiorevelacionfm.cl\/index.php?rest_route=\/wp\/v2\/media\/49460"}],"wp:attachment":[{"href":"https:\/\/radiorevelacionfm.cl\/index.php?rest_route=%2Fwp%2Fv2%2Fmedia&parent=49459"}],"wp:term":[{"taxonomy":"category","embeddable":true,"href":"https:\/\/radiorevelacionfm.cl\/index.php?rest_route=%2Fwp%2Fv2%2Fcategories&post=49459"},{"taxonomy":"post_tag","embeddable":true,"href":"https:\/\/radiorevelacionfm.cl\/index.php?rest_route=%2Fwp%2Fv2%2Ftags&post=49459"}],"curies":[{"name":"wp","href":"https:\/\/api.w.org\/{rel}","templated":true}]}}