{"id":49456,"date":"2025-01-08T16:33:31","date_gmt":"2025-01-08T19:33:31","guid":{"rendered":"https:\/\/radiorevelacionfm.cl\/?p=49456"},"modified":"2025-01-08T16:33:31","modified_gmt":"2025-01-08T19:33:31","slug":"seremi-navarro-destaca-plan-maestro-de-infraestructura-penitenciaria-anunciado-por-el-ministerio-de-justicia-y-dd-hh","status":"publish","type":"post","link":"https:\/\/radiorevelacionfm.cl\/?p=49456","title":{"rendered":"Seremi Navarro destaca plan maestro de infraestructura penitenciaria anunciado por el Ministerio de Justicia y DD.HH"},"content":{"rendered":"<div class=\"flex_column av_one_full  flex_column_div av-zero-column-padding first  avia-builder-el-0  el_before_av_one_full  avia-builder-el-first  \" style='border-radius:0px; '><div  class='avia-image-container  av-styling-    avia-builder-el-1  avia-builder-el-no-sibling  avia-align-center '  itemprop=\"image\" itemscope=\"itemscope\" itemtype=\"https:\/\/schema.org\/ImageObject\"  ><div class='avia-image-container-inner'><div class='avia-image-overlay-wrap'><img decoding=\"async\" class='wp-image-49457 avia-img-lazy-loading-not-49457 avia_image' src=\"https:\/\/radiorevelacionfm.cl\/wp-content\/uploads\/2025\/01\/img_3093-2-1_optimized.jpg\" alt='' title='img_3093-(2)-(1)_optimized' height=\"600\" width=\"900\"  itemprop=\"thumbnailUrl\" srcset=\"https:\/\/radiorevelacionfm.cl\/wp-content\/uploads\/2025\/01\/img_3093-2-1_optimized.jpg 900w, https:\/\/radiorevelacionfm.cl\/wp-content\/uploads\/2025\/01\/img_3093-2-1_optimized-300x200.jpg 300w, https:\/\/radiorevelacionfm.cl\/wp-content\/uploads\/2025\/01\/img_3093-2-1_optimized-768x512.jpg 768w, https:\/\/radiorevelacionfm.cl\/wp-content\/uploads\/2025\/01\/img_3093-2-1_optimized-705x470.jpg 705w, https:\/\/radiorevelacionfm.cl\/wp-content\/uploads\/2025\/01\/img_3093-2-1_optimized-450x300.jpg 450w, https:\/\/radiorevelacionfm.cl\/wp-content\/uploads\/2025\/01\/img_3093-2-1_optimized-600x400.jpg 600w\" sizes=\"(max-width: 900px) 100vw, 900px\" \/><\/div><\/div><\/div><\/div><div class=\"flex_column av_one_full  flex_column_div av-zero-column-padding first  avia-builder-el-2  el_after_av_one_full  el_before_av_one_full  column-top-margin\" style='border-radius:0px; '><section class=\"av_textblock_section \"  itemscope=\"itemscope\" itemtype=\"https:\/\/schema.org\/BlogPosting\" itemprop=\"blogPost\" ><div class='avia_textblock  '   itemprop=\"text\" ><p style=\"text-align: center;\"><span style=\"font-size: 18pt;\"><strong>Seremi Navarro destaca plan maestro de infraestructura penitenciaria anunciado por el Ministerio de Justicia y DD.HH<\/strong><\/span><\/p>\n<div id=\"gtx-trans\" style=\"position: absolute; left: -50px; top: 4.31534px;\">\n<div class=\"gtx-trans-icon\"><\/div>\n<\/div>\n<\/div><\/section><\/div><div class=\"flex_column av_one_full  flex_column_div av-zero-column-padding first  avia-builder-el-4  el_after_av_one_full  el_before_av_hr  column-top-margin\" style='border-radius:0px; '><section class=\"av_textblock_section \"  itemscope=\"itemscope\" itemtype=\"https:\/\/schema.org\/BlogPosting\" itemprop=\"blogPost\" ><div class='avia_textblock  '   itemprop=\"text\" ><p style=\"text-align: justify;\">El pasado lunes, el ministro de Justicia y Derechos Humanos, Jaime Gajardo, present\u00f3 el \u201cPlan Maestro de Infraestructura Carcelaria\u201d que impulsa la cartera y que contempla 6 obras en operaci\u00f3n, 14 proyectos financiados que se encuentran en desarrollo y 11 iniciativas en evaluaci\u00f3n de factibilidad y aprobaci\u00f3n de recursos para llevarse a la pr\u00e1ctica, dentro de los cuales se encuentra la regi\u00f3n de Ays\u00e9n.<\/p>\n<p style=\"text-align: justify;\">As\u00ed lo dio a conocer el seremi de Justicia y Derechos Humanos Samuel Navarro qui\u00e9n explic\u00f3 que \u201cel Ministerio de Justicia y Derechos Humanos ha presentado este plan maestro de infraestructura penitenciaria con la finalidad de incorporar en principio 14 mil 356 plazas o vacantes disponibles para poblaci\u00f3n privada de libertad, se\u00f1alar que adem\u00e1s de los proyectos que est\u00e1n ejecutados y los que ya est\u00e1n en ejecuci\u00f3n que considera una inversi\u00f3n de 1,2 billones de pesos que ya est\u00e1 asegurado, hay otro banco de iniciativas dentro de las cuales hay 11 iniciativas y que considera un nuevo establecimiento penitenciario para la regi\u00f3n de Ays\u00e9n con una capacidad de 300 plazas, esto est\u00e1 todav\u00eda en evaluaci\u00f3n, estamos haciendo todos nuestros esfuerzos desde la seremi de Justicia y Derechos Humanos para ver que avance este financiamiento, este dise\u00f1o, esta factibilidad para poder concretar en el plazo que se establezca para este tipo de proyectos, la instalaci\u00f3n de un nuevo recinto penitenciario para la regi\u00f3n de Ays\u00e9n\u201d.<\/p>\n<p style=\"text-align: justify;\">Mencionar que este plan maestro de infraestructura carcelaria se basa en el estudio de elementos tales como, la determinaci\u00f3n del d\u00e9ficit de plazas o brecha de sobreuso que presenta el sistema carcelario, el pron\u00f3stico del aumento de la cantidad de personas privadas de libertad, la evaluaci\u00f3n de obsolescencia y deterioro de la infraestructura penitenciaria existente, la eficiencia del sistema carcelario determinada por el tama\u00f1o de los recintos penitenciarios existentes, y las caracter\u00edsticas de la poblaci\u00f3n penitenciaria y su debida segmentaci\u00f3n, incluyendo la privaci\u00f3n de libertad de personas asociadas al crimen organizado.<\/p>\n<p style=\"text-align: justify;\">Finalmente, indicar que este plan es un componente esencial de la nueva pol\u00edtica penitenciaria que est\u00e1 elaborando el Ministerio de Justicia y Derechos Humanos como una contribuci\u00f3n interdisciplinaria y que durante esta gesti\u00f3n aborda no solo el aspecto de infraestructura, sino que tambi\u00e9n las \u00e1reas de reinserci\u00f3n social, seguridad y personal con un enfoque transversal de derechos humanos.<\/p>\n<\/div><\/section><\/div><div  style='height:50px' class='hr hr-invisible   avia-builder-el-6  el_after_av_one_full  el_before_av_social_share '><span class='hr-inner ' ><span class='hr-inner-style'><\/span><\/span><\/div><\/p>\n<div  class='av-social-sharing-box  avia-builder-el-7  el_after_av_hr  el_before_av_hr  '><div class='av-share-box'><h5 class='av-share-link-description av-no-toc '>Compartir esta noticia<\/h5><ul class='av-share-box-list noLightbox'><li class='av-share-link av-social-link-facebook' ><a target=\"_blank\" aria-label=\"Compartir en Facebook\" href='https:\/\/www.facebook.com\/sharer.php?u=https:\/\/radiorevelacionfm.cl\/?p=49456&#038;t=Seremi%20Navarro%20destaca%20plan%20maestro%20de%20infraestructura%20penitenciaria%20anunciado%20por%20el%20Ministerio%20de%20Justicia%20y%20DD.HH' aria-hidden='false' data-av_icon='\ue8f3' data-av_iconfont='entypo-fontello' title='' data-avia-related-tooltip='Compartir en Facebook' rel=\"noopener\"><span class='avia_hidden_link_text'>Compartir en Facebook<\/span><\/a><\/li><li class='av-share-link av-social-link-twitter' ><a target=\"_blank\" aria-label=\"Compartir en Twitter\" href='https:\/\/twitter.com\/share?text=Seremi%20Navarro%20destaca%20plan%20maestro%20de%20infraestructura%20penitenciaria%20anunciado%20por%20el%20Ministerio%20de%20Justicia%20y%20DD.HH&#038;url=https:\/\/radiorevelacionfm.cl\/?p=49456' aria-hidden='false' data-av_icon='\ue8f1' data-av_iconfont='entypo-fontello' title='' data-avia-related-tooltip='Compartir en Twitter' rel=\"noopener\"><span class='avia_hidden_link_text'>Compartir en Twitter<\/span><\/a><\/li><li class='av-share-link av-social-link-whatsapp' ><a target=\"_blank\" aria-label=\"Compartir en Whatsapp\" href='https:\/\/api.whatsapp.com\/send?text=https:\/\/radiorevelacionfm.cl\/?p=49456' aria-hidden='false' data-av_icon='\uf232' data-av_iconfont='entypo-fontello' title='' data-avia-related-tooltip='Compartir en Whatsapp' rel=\"noopener\"><span class='avia_hidden_link_text'>Compartir en Whatsapp<\/span><\/a><\/li><li class='av-share-link av-social-link-linkedin' ><a target=\"_blank\" aria-label=\"Compartir en LinkedIn\" href='https:\/\/linkedin.com\/shareArticle?mini=true&#038;title=Seremi%20Navarro%20destaca%20plan%20maestro%20de%20infraestructura%20penitenciaria%20anunciado%20por%20el%20Ministerio%20de%20Justicia%20y%20DD.HH&#038;url=https:\/\/radiorevelacionfm.cl\/?p=49456' aria-hidden='false' data-av_icon='\ue8fc' data-av_iconfont='entypo-fontello' title='' data-avia-related-tooltip='Compartir en LinkedIn' rel=\"noopener\"><span class='avia_hidden_link_text'>Compartir en LinkedIn<\/span><\/a><\/li><li class='av-share-link av-social-link-mail' ><a  aria-label=\"Compartir por correo\" href='mailto:?subject=Seremi%20Navarro%20destaca%20plan%20maestro%20de%20infraestructura%20penitenciaria%20anunciado%20por%20el%20Ministerio%20de%20Justicia%20y%20DD.HH&#038;body=https:\/\/radiorevelacionfm.cl\/?p=49456' aria-hidden='false' data-av_icon='\ue805' data-av_iconfont='entypo-fontello' title='' data-avia-related-tooltip='Compartir por correo'><span class='avia_hidden_link_text'>Compartir por correo<\/span><\/a><\/li><\/ul><\/div><\/div>\n<div  style='height:50px' class='hr hr-invisible   avia-builder-el-8  el_after_av_social_share  el_before_av_comments_list '><span class='hr-inner ' ><span class='hr-inner-style'><\/span><\/span><\/div>\n<div  class='av-buildercomment  av-blog-meta-html-info-disabled av-blog-meta-tag-disabled  '><\/div>\n","protected":false},"excerpt":{"rendered":"","protected":false},"author":1,"featured_media":49457,"comment_status":"open","ping_status":"open","sticky":false,"template":"","format":"standard","meta":{"footnotes":""},"categories":[55],"tags":[],"class_list":["post-49456","post","type-post","status-publish","format-standard","has-post-thumbnail","hentry","category-justicia"],"jetpack_featured_media_url":"https:\/\/radiorevelacionfm.cl\/wp-content\/uploads\/2025\/01\/img_3093-2-1_optimized.jpg","_links":{"self":[{"href":"https:\/\/radiorevelacionfm.cl\/index.php?rest_route=\/wp\/v2\/posts\/49456","targetHints":{"allow":["GET"]}}],"collection":[{"href":"https:\/\/radiorevelacionfm.cl\/index.php?rest_route=\/wp\/v2\/posts"}],"about":[{"href":"https:\/\/radiorevelacionfm.cl\/index.php?rest_route=\/wp\/v2\/types\/post"}],"author":[{"embeddable":true,"href":"https:\/\/radiorevelacionfm.cl\/index.php?rest_route=\/wp\/v2\/users\/1"}],"replies":[{"embeddable":true,"href":"https:\/\/radiorevelacionfm.cl\/index.php?rest_route=%2Fwp%2Fv2%2Fcomments&post=49456"}],"version-history":[{"count":1,"href":"https:\/\/radiorevelacionfm.cl\/index.php?rest_route=\/wp\/v2\/posts\/49456\/revisions"}],"predecessor-version":[{"id":49458,"href":"https:\/\/radiorevelacionfm.cl\/index.php?rest_route=\/wp\/v2\/posts\/49456\/revisions\/49458"}],"wp:featuredmedia":[{"embeddable":true,"href":"https:\/\/radiorevelacionfm.cl\/index.php?rest_route=\/wp\/v2\/media\/49457"}],"wp:attachment":[{"href":"https:\/\/radiorevelacionfm.cl\/index.php?rest_route=%2Fwp%2Fv2%2Fmedia&parent=49456"}],"wp:term":[{"taxonomy":"category","embeddable":true,"href":"https:\/\/radiorevelacionfm.cl\/index.php?rest_route=%2Fwp%2Fv2%2Fcategories&post=49456"},{"taxonomy":"post_tag","embeddable":true,"href":"https:\/\/radiorevelacionfm.cl\/index.php?rest_route=%2Fwp%2Fv2%2Ftags&post=49456"}],"curies":[{"name":"wp","href":"https:\/\/api.w.org\/{rel}","templated":true}]}}