{"id":49453,"date":"2025-01-08T19:30:45","date_gmt":"2025-01-08T22:30:45","guid":{"rendered":"https:\/\/radiorevelacionfm.cl\/?p=49453"},"modified":"2025-01-08T19:30:45","modified_gmt":"2025-01-08T22:30:45","slug":"alcalde-luis-martinez-con-el-compromiso-del-equipo-municipal-volveremos-a-crecer-como-comuna","status":"publish","type":"post","link":"https:\/\/radiorevelacionfm.cl\/?p=49453","title":{"rendered":"Alcalde Luis Mart\u00ednez: \u201cCon el compromiso del equipo municipal volveremos a crecer como comuna\u201d"},"content":{"rendered":"<div class=\"flex_column av_one_full  flex_column_div av-zero-column-padding first  avia-builder-el-0  el_before_av_one_full  avia-builder-el-first  \" style='border-radius:0px; '><div  class='avia-image-container  av-styling-    avia-builder-el-1  avia-builder-el-no-sibling  avia-align-center '  itemprop=\"image\" itemscope=\"itemscope\" itemtype=\"https:\/\/schema.org\/ImageObject\"  ><div class='avia-image-container-inner'><div class='avia-image-overlay-wrap'><img decoding=\"async\" class='wp-image-49454 avia-img-lazy-loading-not-49454 avia_image' src=\"https:\/\/radiorevelacionfm.cl\/wp-content\/uploads\/2025\/01\/fb_img_1736357440217-1_optimized.jpg\" alt='' title='fb_img_1736357440217-(1)_optimized' height=\"600\" width=\"1065\"  itemprop=\"thumbnailUrl\" srcset=\"https:\/\/radiorevelacionfm.cl\/wp-content\/uploads\/2025\/01\/fb_img_1736357440217-1_optimized.jpg 1065w, https:\/\/radiorevelacionfm.cl\/wp-content\/uploads\/2025\/01\/fb_img_1736357440217-1_optimized-300x169.jpg 300w, https:\/\/radiorevelacionfm.cl\/wp-content\/uploads\/2025\/01\/fb_img_1736357440217-1_optimized-1030x580.jpg 1030w, https:\/\/radiorevelacionfm.cl\/wp-content\/uploads\/2025\/01\/fb_img_1736357440217-1_optimized-768x433.jpg 768w, https:\/\/radiorevelacionfm.cl\/wp-content\/uploads\/2025\/01\/fb_img_1736357440217-1_optimized-705x397.jpg 705w, https:\/\/radiorevelacionfm.cl\/wp-content\/uploads\/2025\/01\/fb_img_1736357440217-1_optimized-450x254.jpg 450w, https:\/\/radiorevelacionfm.cl\/wp-content\/uploads\/2025\/01\/fb_img_1736357440217-1_optimized-600x338.jpg 600w\" sizes=\"(max-width: 1065px) 100vw, 1065px\" \/><\/div><\/div><\/div><\/div><div class=\"flex_column av_one_full  flex_column_div av-zero-column-padding first  avia-builder-el-2  el_after_av_one_full  el_before_av_one_full  column-top-margin\" style='border-radius:0px; '><section class=\"av_textblock_section \"  itemscope=\"itemscope\" itemtype=\"https:\/\/schema.org\/BlogPosting\" itemprop=\"blogPost\" ><div class='avia_textblock  '   itemprop=\"text\" ><p style=\"text-align: center;\"><span style=\"font-size: 18pt;\"><strong>Alcalde Luis Mart\u00ednez: \u201cCon el compromiso del equipo municipal volveremos a crecer como comuna\u201d<\/strong><\/span><\/p>\n<div id=\"gtx-trans\" style=\"position: absolute; left: -50px; top: 4.31534px;\">\n<div class=\"gtx-trans-icon\"><\/div>\n<\/div>\n<\/div><\/section><\/div><div class=\"flex_column av_one_full  flex_column_div av-zero-column-padding first  avia-builder-el-4  el_after_av_one_full  el_before_av_hr  column-top-margin\" style='border-radius:0px; '><section class=\"av_textblock_section \"  itemscope=\"itemscope\" itemtype=\"https:\/\/schema.org\/BlogPosting\" itemprop=\"blogPost\" ><div class='avia_textblock  '   itemprop=\"text\" ><p style=\"text-align: justify;\"><em>Ordenar cada una de las localidades, generar proyectos y trabajar mancomunadamente con el Concejo Municipal, las instituciones y las organizaciones en pos de los vecinos, son los sellos que busca instaurar el retorno de Luis Mart\u00ednez al sill\u00f3n alcaldicio.<\/em><\/p>\n<p style=\"text-align: justify;\">A un mes de haber asumido como alcalde de la comuna de Ays\u00e9n, Luis Mart\u00ednez se\u00f1ala que retomar la m\u00edstica ha sido esencial al interior del edificio consistorial de calle Esmeralda. Y que si bien, su arribo junto a los funcionarios de confianza el pasado 8 de diciembre, dej\u00f3 en evidencia el desorden administrativo que exist\u00eda dentro de la municipalidad, as\u00ed como la desconfianza entre los funcionarios. Una vez realizado un primer an\u00e1lisis de la situaci\u00f3n, se ha comenzado de lleno el trabajo desde los diversos focos, que apuntan principalmente a subsanar la falta de recursos e infraestructura, as\u00ed como el abandono en que se encuentran sumidas las diversas localidades de la comuna.<\/p>\n<p style=\"text-align: justify;\">\u201cLas primeras impresiones que tuvimos al llegar fue de mucho cari\u00f1o de parte de las personas que quer\u00edan ver este cambio que hab\u00edamos propuesto, volver a crecer. Adem\u00e1s del desorden administrativo, que nos preocupa de sobremanera, y que estamos intentando subsanar para estar claros en Contralor\u00eda, y ante toda la ciudadan\u00eda. Nos encontramos con una ciudad abandonada, apagada en sus \u00e1reas verdes, en su infraestructura. Y es lo que hoy nos tiene abocados a levantar\u201d, explic\u00f3 el edil.<\/p>\n<p style=\"text-align: justify;\">Al respecto, indic\u00f3 que otro de los grandes problemas con que se encontr\u00f3 en su arribo al municipio es el d\u00e9ficit financiero que, junto a deudas pendientes -producto de demandas, traspasos administrativos, desorden respecto al uso de equipamiento municipal, entre otras-, han visibilizado una falta de proyectos, que pretende revertir. \u201cEstamos trabajando en proyectar la comuna, de generar iniciativas, y es lo que estamos viendo para que de aqu\u00ed a marzo tengamos obras en las calles. Necesitamos generar trabajo\u201d.<\/p>\n<p style=\"text-align: justify;\">Agreg\u00f3 que \u201cs\u00e9 que la gente vot\u00f3 esperanza, yo lo que les quiero decir es que estamos trabajado much\u00edsimo. Tenemos muchos desaf\u00edos, pero uno de esos que nos pidi\u00f3 la gente es limpiar y ordenar, de tal manera que sea una comuna amigable, primero para los ayseninos y para que quienes nos visitan, se sientan orgullosos\u201d.<\/p>\n<p style=\"text-align: justify;\">Mart\u00ednez Gallardo se refiri\u00f3, adem\u00e1s, al programa de conmemoraci\u00f3n del 97 aniversario de Puerto Ays\u00e9n, el cual ser\u00e1 lanzado oficialmente este viernes 10 de enero en el edificio municipal. \u201cHa sido compleja esta organizaci\u00f3n, tenemos cerca de 300 millones para su ejecuci\u00f3n, con todo lo que ello implica. Entonces, de inmediato nos reunimos con el equipo y comenzamos a trabajar. Con muy poco dinero, pero con mucha creatividad. As\u00ed que estamos esperanzados, este aniversario tendr\u00e1 un sello de trabajo en conjunto, y se realizar\u00e1 con mucho cari\u00f1o para toda la comunidad\u201d.<\/p>\n<p style=\"text-align: justify;\">Referente a los pr\u00f3ximos desaf\u00edos, se vislumbra retomar la pol\u00edtica de un municipio de puertas abiertas y transparencia para con la comunidad. Ello, junto a un trabajo en terreno, que permita detectar in situ las principales necesidades y requerimientos de los vecinos y vecinas en las diversas localidades que conforman la comuna aysenina.<\/p>\n<p style=\"text-align: justify;\">Asimismo, avanzar de cara hacia la generaci\u00f3n de oportunidades en los m\u00e1s diversos \u00e1mbitos, priorizando la productividad social, las inversiones y Ays\u00e9n como destino tur\u00edstico. Que vaya de la mano del respeto y la armon\u00eda para con las personas y el territorio comunal.<\/p>\n<p style=\"text-align: justify;\">\u201cUn municipio es un encadenador nato, as\u00ed que nosotros desde ac\u00e1 tenemos que trabajar, de tal forma que seamos parte de una cadena en que entregamos, pero tambi\u00e9n necesitamos, y para eso tenemos que ser efectivos en generar proyectos, en las relaciones p\u00fablicas, en las relaciones con las instituciones y principalmente en las relaciones con las personas\u201d, detall\u00f3 Luis Mart\u00ednez, a\u00f1adiendo que \u201cestamos con muchas ganas de continuar trabajando, y el ver a los funcionarios tan comprometidos, tan afiatados, hace que queramos devolver la dignidad al funcionario p\u00fablico, devolver la m\u00edstica. Esta ser\u00e1 una administraci\u00f3n donde cada uno de los desaf\u00edos ser\u00e1n tomados con altura de miras, alegr\u00eda y mucha fuerza. Sin duda, estamos m\u00e1s entusiasmados que el primer d\u00eda que entramos a este municipio\u201d, finaliz\u00f3.<\/p>\n<\/div><\/section><\/div><div  style='height:50px' class='hr hr-invisible   avia-builder-el-6  el_after_av_one_full  el_before_av_social_share '><span class='hr-inner ' ><span class='hr-inner-style'><\/span><\/span><\/div><\/p>\n<div  class='av-social-sharing-box  avia-builder-el-7  el_after_av_hr  el_before_av_hr  '><div class='av-share-box'><h5 class='av-share-link-description av-no-toc '>Compartir esta noticia<\/h5><ul class='av-share-box-list noLightbox'><li class='av-share-link av-social-link-facebook' ><a target=\"_blank\" aria-label=\"Compartir en Facebook\" href='https:\/\/www.facebook.com\/sharer.php?u=https:\/\/radiorevelacionfm.cl\/?p=49453&#038;t=Alcalde%20Luis%20Mart%C3%ADnez%3A%20%E2%80%9CCon%20el%20compromiso%20del%20equipo%20municipal%20volveremos%20a%20crecer%20como%20comuna%E2%80%9D' aria-hidden='false' data-av_icon='\ue8f3' data-av_iconfont='entypo-fontello' title='' data-avia-related-tooltip='Compartir en Facebook' rel=\"noopener\"><span class='avia_hidden_link_text'>Compartir en Facebook<\/span><\/a><\/li><li class='av-share-link av-social-link-twitter' ><a target=\"_blank\" aria-label=\"Compartir en Twitter\" href='https:\/\/twitter.com\/share?text=Alcalde%20Luis%20Mart%C3%ADnez%3A%20%E2%80%9CCon%20el%20compromiso%20del%20equipo%20municipal%20volveremos%20a%20crecer%20como%20comuna%E2%80%9D&#038;url=https:\/\/radiorevelacionfm.cl\/?p=49453' aria-hidden='false' data-av_icon='\ue8f1' data-av_iconfont='entypo-fontello' title='' data-avia-related-tooltip='Compartir en Twitter' rel=\"noopener\"><span class='avia_hidden_link_text'>Compartir en Twitter<\/span><\/a><\/li><li class='av-share-link av-social-link-whatsapp' ><a target=\"_blank\" aria-label=\"Compartir en Whatsapp\" href='https:\/\/api.whatsapp.com\/send?text=https:\/\/radiorevelacionfm.cl\/?p=49453' aria-hidden='false' data-av_icon='\uf232' data-av_iconfont='entypo-fontello' title='' data-avia-related-tooltip='Compartir en Whatsapp' rel=\"noopener\"><span class='avia_hidden_link_text'>Compartir en Whatsapp<\/span><\/a><\/li><li class='av-share-link av-social-link-linkedin' ><a target=\"_blank\" aria-label=\"Compartir en LinkedIn\" href='https:\/\/linkedin.com\/shareArticle?mini=true&#038;title=Alcalde%20Luis%20Mart%C3%ADnez%3A%20%E2%80%9CCon%20el%20compromiso%20del%20equipo%20municipal%20volveremos%20a%20crecer%20como%20comuna%E2%80%9D&#038;url=https:\/\/radiorevelacionfm.cl\/?p=49453' aria-hidden='false' data-av_icon='\ue8fc' data-av_iconfont='entypo-fontello' title='' data-avia-related-tooltip='Compartir en LinkedIn' rel=\"noopener\"><span class='avia_hidden_link_text'>Compartir en LinkedIn<\/span><\/a><\/li><li class='av-share-link av-social-link-mail' ><a  aria-label=\"Compartir por correo\" href='mailto:?subject=Alcalde%20Luis%20Mart%C3%ADnez%3A%20%E2%80%9CCon%20el%20compromiso%20del%20equipo%20municipal%20volveremos%20a%20crecer%20como%20comuna%E2%80%9D&#038;body=https:\/\/radiorevelacionfm.cl\/?p=49453' aria-hidden='false' data-av_icon='\ue805' data-av_iconfont='entypo-fontello' title='' data-avia-related-tooltip='Compartir por correo'><span class='avia_hidden_link_text'>Compartir por correo<\/span><\/a><\/li><\/ul><\/div><\/div>\n<div  style='height:50px' class='hr hr-invisible   avia-builder-el-8  el_after_av_social_share  el_before_av_comments_list '><span class='hr-inner ' ><span class='hr-inner-style'><\/span><\/span><\/div>\n<div  class='av-buildercomment  av-blog-meta-html-info-disabled av-blog-meta-tag-disabled  '><\/div>\n","protected":false},"excerpt":{"rendered":"","protected":false},"author":1,"featured_media":49454,"comment_status":"open","ping_status":"open","sticky":false,"template":"","format":"standard","meta":{"footnotes":""},"categories":[38],"tags":[],"class_list":["post-49453","post","type-post","status-publish","format-standard","has-post-thumbnail","hentry","category-regional"],"jetpack_featured_media_url":"https:\/\/radiorevelacionfm.cl\/wp-content\/uploads\/2025\/01\/fb_img_1736357440217-1_optimized.jpg","_links":{"self":[{"href":"https:\/\/radiorevelacionfm.cl\/index.php?rest_route=\/wp\/v2\/posts\/49453","targetHints":{"allow":["GET"]}}],"collection":[{"href":"https:\/\/radiorevelacionfm.cl\/index.php?rest_route=\/wp\/v2\/posts"}],"about":[{"href":"https:\/\/radiorevelacionfm.cl\/index.php?rest_route=\/wp\/v2\/types\/post"}],"author":[{"embeddable":true,"href":"https:\/\/radiorevelacionfm.cl\/index.php?rest_route=\/wp\/v2\/users\/1"}],"replies":[{"embeddable":true,"href":"https:\/\/radiorevelacionfm.cl\/index.php?rest_route=%2Fwp%2Fv2%2Fcomments&post=49453"}],"version-history":[{"count":1,"href":"https:\/\/radiorevelacionfm.cl\/index.php?rest_route=\/wp\/v2\/posts\/49453\/revisions"}],"predecessor-version":[{"id":49455,"href":"https:\/\/radiorevelacionfm.cl\/index.php?rest_route=\/wp\/v2\/posts\/49453\/revisions\/49455"}],"wp:featuredmedia":[{"embeddable":true,"href":"https:\/\/radiorevelacionfm.cl\/index.php?rest_route=\/wp\/v2\/media\/49454"}],"wp:attachment":[{"href":"https:\/\/radiorevelacionfm.cl\/index.php?rest_route=%2Fwp%2Fv2%2Fmedia&parent=49453"}],"wp:term":[{"taxonomy":"category","embeddable":true,"href":"https:\/\/radiorevelacionfm.cl\/index.php?rest_route=%2Fwp%2Fv2%2Fcategories&post=49453"},{"taxonomy":"post_tag","embeddable":true,"href":"https:\/\/radiorevelacionfm.cl\/index.php?rest_route=%2Fwp%2Fv2%2Ftags&post=49453"}],"curies":[{"name":"wp","href":"https:\/\/api.w.org\/{rel}","templated":true}]}}