{"id":49450,"date":"2025-01-08T15:18:40","date_gmt":"2025-01-08T18:18:40","guid":{"rendered":"https:\/\/radiorevelacionfm.cl\/?p=49450"},"modified":"2025-01-08T15:18:40","modified_gmt":"2025-01-08T18:18:40","slug":"minciencia-adjudica-proyecto-asociativo-regional-explora-aysen-a-la-uach","status":"publish","type":"post","link":"https:\/\/radiorevelacionfm.cl\/?p=49450","title":{"rendered":"MinCiencia adjudica Proyecto Asociativo Regional EXPLORA Ays\u00e9n a la UACH"},"content":{"rendered":"<div class=\"flex_column av_one_full  flex_column_div av-zero-column-padding first  avia-builder-el-0  el_before_av_one_full  avia-builder-el-first  \" style='border-radius:0px; '><div  class='avia-image-container  av-styling-    avia-builder-el-1  avia-builder-el-no-sibling  avia-align-center '  itemprop=\"image\" itemscope=\"itemscope\" itemtype=\"https:\/\/schema.org\/ImageObject\"  ><div class='avia-image-container-inner'><div class='avia-image-overlay-wrap'><img decoding=\"async\" class='wp-image-49451 avia-img-lazy-loading-not-49451 avia_image' src=\"https:\/\/radiorevelacionfm.cl\/wp-content\/uploads\/2025\/01\/20221020_115542_hdr-1_optimized.jpg\" alt='' title='20221020_115542_hdr-(1)_optimized' height=\"600\" width=\"1066\"  itemprop=\"thumbnailUrl\" srcset=\"https:\/\/radiorevelacionfm.cl\/wp-content\/uploads\/2025\/01\/20221020_115542_hdr-1_optimized.jpg 1066w, https:\/\/radiorevelacionfm.cl\/wp-content\/uploads\/2025\/01\/20221020_115542_hdr-1_optimized-300x169.jpg 300w, https:\/\/radiorevelacionfm.cl\/wp-content\/uploads\/2025\/01\/20221020_115542_hdr-1_optimized-1030x580.jpg 1030w, https:\/\/radiorevelacionfm.cl\/wp-content\/uploads\/2025\/01\/20221020_115542_hdr-1_optimized-768x432.jpg 768w, https:\/\/radiorevelacionfm.cl\/wp-content\/uploads\/2025\/01\/20221020_115542_hdr-1_optimized-705x397.jpg 705w, https:\/\/radiorevelacionfm.cl\/wp-content\/uploads\/2025\/01\/20221020_115542_hdr-1_optimized-450x253.jpg 450w, https:\/\/radiorevelacionfm.cl\/wp-content\/uploads\/2025\/01\/20221020_115542_hdr-1_optimized-600x338.jpg 600w\" sizes=\"(max-width: 1066px) 100vw, 1066px\" \/><\/div><\/div><\/div><\/div><div class=\"flex_column av_one_full  flex_column_div av-zero-column-padding first  avia-builder-el-2  el_after_av_one_full  el_before_av_one_full  column-top-margin\" style='border-radius:0px; '><section class=\"av_textblock_section \"  itemscope=\"itemscope\" itemtype=\"https:\/\/schema.org\/BlogPosting\" itemprop=\"blogPost\" ><div class='avia_textblock  '   itemprop=\"text\" ><p style=\"text-align: center;\"><span style=\"font-size: 18pt;\"><b><span lang=\"es\">MinCiencia adjudica Proyecto Asociativo Regional EXPLORA Ays\u00e9n a la UACH<\/span><\/b><\/span><\/p>\n<div id=\"gtx-trans\" style=\"position: absolute; left: -50px; top: 4.31534px;\">\n<div class=\"gtx-trans-icon\"><\/div>\n<\/div>\n<\/div><\/section><\/div><div class=\"flex_column av_one_full  flex_column_div av-zero-column-padding first  avia-builder-el-4  el_after_av_one_full  el_before_av_hr  column-top-margin\" style='border-radius:0px; '><section class=\"av_textblock_section \"  itemscope=\"itemscope\" itemtype=\"https:\/\/schema.org\/BlogPosting\" itemprop=\"blogPost\" ><div class='avia_textblock  '   itemprop=\"text\" ><p style=\"font-weight: 400; text-align: justify;\"><em>Con un monto anual de $290 millones anuales<\/em>\u00a0<em>la Universidad Austral de Chile (UACH) nuevamente ser\u00e1 la encargada de ejecutar el programa en las diferentes comunas de la regi\u00f3n.<\/em><\/p>\n<p style=\"font-weight: 400; text-align: justify;\">El Ministerio de Ciencia, Tecnolog\u00eda, Conocimiento e Innovaci\u00f3n (MinCiencia) entreg\u00f3 los resultados del concurso Proyecto Asociativo Regional (PAR) Explora 2025-2026. En esta oportunidad se seleccionaron 18 proyectos (tres en la regi\u00f3n Metropolitana y uno en cada una de las otras regiones), que tendr\u00e1n como objetivo implementar iniciativas que contribuyan al fortalecimiento de las competencias de ciencia, tecnolog\u00eda, conocimiento e innovaci\u00f3n (CTCI) de los ni\u00f1os, ni\u00f1as y adolescentes a trav\u00e9s de la valoraci\u00f3n y apropiaci\u00f3n de los instrumentos de Explora, como el Programa de Indagaci\u00f3n de Primeras Edades (PIPE), la Investigaci\u00f3n en Innovaci\u00f3n Escolar (IIE), y el Campamento Explora Va!, en establecimientos con financiamiento p\u00fablico con mayor \u00edndices de vulnerabilidad.<\/p>\n<p style=\"font-weight: 400; text-align: justify;\">\u201cGenerar pensamiento cr\u00edtico en las ni\u00f1as, ni\u00f1os y adolescentes es un compromiso profundo para nuestro ministerio y este programa es una demostraci\u00f3n de ello. Es una de las inversiones m\u00e1s grandes que hacemos en t\u00e9rminos de recursos y con ello buscamos que estudiantes de todo el pa\u00eds tengan la posibilidad de responder las preguntas que surgen desde su curiosidad, de mirar a su alrededor\u201d, destac\u00f3 la ministra de Ciencia, Ais\u00e9n Etcheverry.<\/p>\n<p style=\"font-weight: 400; text-align: justify;\">El subsecretario de MinCiencia, Cristian Cuevas, destac\u00f3 el fortalecimiento de las capacidades de ciencia, tecnolog\u00eda, conocimiento e innovaci\u00f3n en los territorios. \u201cQue cada regi\u00f3n cuente con un PAR Explora permite que los ni\u00f1os y ni\u00f1as de nuestro pa\u00eds comprendan sus territorios a trav\u00e9s de la exploraci\u00f3n, que entiendan sus problem\u00e1ticas y que se atrevan a plantear diversas soluciones\u201d, indic\u00f3.<\/p>\n<p style=\"font-weight: 400; text-align: justify;\">En la regi\u00f3n el Campus Patagonia de la Universidad Austral de Chile (UACH) ser\u00e1 la encargada de ejecutar el programa. En este contexto, la seremi de Ciencia, Ver\u00f3nica Vallejos, coment\u00f3 que \u201cdesde sus inicios Explora ha estado bajo el alero de la UACH y hemos sido testigos del gran trabajo que ha realizado con los ni\u00f1os, ni\u00f1as y adolescentes, y las y los profesores, de las distintas comunas, incentivando la curiosidad, apoy\u00e1ndoles en sus investigaciones y, a trav\u00e9s de distintas actividades, llegando m\u00e1s all\u00e1 del aula al acercar a la comunidad en general a las ciencias y los conocimientos que se generan en el territorio\u201d.<\/p>\n<p style=\"font-weight: 400; text-align: justify;\">\u201cEsta nueva adjudicaci\u00f3n reconoce la trayectoria que la universidad tiene en la implementaci\u00f3n del Programa Explora en la regi\u00f3n\u201d, as\u00ed lo indic\u00f3 Viviana Pizarro, directora del PAR Explora Ays\u00e9n, quien agreg\u00f3 que esto \u201cnos desaf\u00eda como equipo a seguir trabajando en fortalecer las competencias CTCI en las comunidades educativas, incorporando acciones que promuevan que las iniciativas del Programa sean parte de sus instrumentos de gesti\u00f3n. Y todo a trav\u00e9s del trabajo colaborativo con las instituciones CTCI que son parte de la red del Proyecto y hacen un aporte fundamental para robustecer el ecosistema CTCI en la regi\u00f3n\u201d.<\/p>\n<p style=\"font-weight: 400; text-align: justify;\"><strong>Las novedades<\/strong><\/p>\n<p style=\"font-weight: 400; text-align: justify;\">Para esta convocatoria se cre\u00f3 una \u201cMesa Asesora del programa Explora\u201d, cuyo objetivo es entregar conocimiento y experiencia que permita fortalecer las actividades y acciones del PAR, vinculando el territorio con las competencias de ciencia, tecnolog\u00eda, conocimiento e innovaci\u00f3n. Esta instancia articuladora es de car\u00e1cter consultivo y est\u00e1 integrada por destacados profesionales del \u00e1mbito educativo y de las ciencias.<\/p>\n<p style=\"font-weight: 400; text-align: justify;\">Adem\u00e1s, funcionar\u00e1 una \u201cMesa de Coordinaci\u00f3n Macrozonal\u201d, conformada por el o la Seremi, directores PAR y el jefe o jefa de la Divisi\u00f3n Ciencia y Sociedad del MinCiencia, y el o la encargada del Departamento de Comunidades Educativas. Su funci\u00f3n ser\u00e1 coordinar y apoyar el despliegue territorial de los proyectos asociativos regionales.<\/p>\n<p style=\"font-weight: 400; text-align: justify;\">Por otra parte, los PAR Explora tendr\u00e1n una carta de navegaci\u00f3n para la incorporaci\u00f3n de acciones concretas que est\u00e9n vinculadas con otros instrumentos del Ministerio de Educaci\u00f3n, como el Proyecto Educativo Institucional (PEI) o el Plan de Mejoramiento Educativo (PME). De esta manera, se busca articular los esfuerzos de ambas instituciones para fortalecer y potenciar el trabajo realizado en favor de los y las estudiantes.<\/p>\n<\/div><\/section><\/div><div  style='height:50px' class='hr hr-invisible   avia-builder-el-6  el_after_av_one_full  el_before_av_social_share '><span class='hr-inner ' ><span class='hr-inner-style'><\/span><\/span><\/div><\/p>\n<div  class='av-social-sharing-box  avia-builder-el-7  el_after_av_hr  el_before_av_hr  '><div class='av-share-box'><h5 class='av-share-link-description av-no-toc '>Compartir esta noticia<\/h5><ul class='av-share-box-list noLightbox'><li class='av-share-link av-social-link-facebook' ><a target=\"_blank\" aria-label=\"Compartir en Facebook\" href='https:\/\/www.facebook.com\/sharer.php?u=https:\/\/radiorevelacionfm.cl\/?p=49450&#038;t=MinCiencia%20adjudica%20Proyecto%20Asociativo%20Regional%20EXPLORA%20Ays%C3%A9n%20a%20la%20UACH' aria-hidden='false' data-av_icon='\ue8f3' data-av_iconfont='entypo-fontello' title='' data-avia-related-tooltip='Compartir en Facebook' rel=\"noopener\"><span class='avia_hidden_link_text'>Compartir en Facebook<\/span><\/a><\/li><li class='av-share-link av-social-link-twitter' ><a target=\"_blank\" aria-label=\"Compartir en Twitter\" href='https:\/\/twitter.com\/share?text=MinCiencia%20adjudica%20Proyecto%20Asociativo%20Regional%20EXPLORA%20Ays%C3%A9n%20a%20la%20UACH&#038;url=https:\/\/radiorevelacionfm.cl\/?p=49450' aria-hidden='false' data-av_icon='\ue8f1' data-av_iconfont='entypo-fontello' title='' data-avia-related-tooltip='Compartir en Twitter' rel=\"noopener\"><span class='avia_hidden_link_text'>Compartir en Twitter<\/span><\/a><\/li><li class='av-share-link av-social-link-whatsapp' ><a target=\"_blank\" aria-label=\"Compartir en Whatsapp\" href='https:\/\/api.whatsapp.com\/send?text=https:\/\/radiorevelacionfm.cl\/?p=49450' aria-hidden='false' data-av_icon='\uf232' data-av_iconfont='entypo-fontello' title='' data-avia-related-tooltip='Compartir en Whatsapp' rel=\"noopener\"><span class='avia_hidden_link_text'>Compartir en Whatsapp<\/span><\/a><\/li><li class='av-share-link av-social-link-linkedin' ><a target=\"_blank\" aria-label=\"Compartir en LinkedIn\" href='https:\/\/linkedin.com\/shareArticle?mini=true&#038;title=MinCiencia%20adjudica%20Proyecto%20Asociativo%20Regional%20EXPLORA%20Ays%C3%A9n%20a%20la%20UACH&#038;url=https:\/\/radiorevelacionfm.cl\/?p=49450' aria-hidden='false' data-av_icon='\ue8fc' data-av_iconfont='entypo-fontello' title='' data-avia-related-tooltip='Compartir en LinkedIn' rel=\"noopener\"><span class='avia_hidden_link_text'>Compartir en LinkedIn<\/span><\/a><\/li><li class='av-share-link av-social-link-mail' ><a  aria-label=\"Compartir por correo\" href='mailto:?subject=MinCiencia%20adjudica%20Proyecto%20Asociativo%20Regional%20EXPLORA%20Ays%C3%A9n%20a%20la%20UACH&#038;body=https:\/\/radiorevelacionfm.cl\/?p=49450' aria-hidden='false' data-av_icon='\ue805' data-av_iconfont='entypo-fontello' title='' data-avia-related-tooltip='Compartir por correo'><span class='avia_hidden_link_text'>Compartir por correo<\/span><\/a><\/li><\/ul><\/div><\/div>\n<div  style='height:50px' class='hr hr-invisible   avia-builder-el-8  el_after_av_social_share  el_before_av_comments_list '><span class='hr-inner ' ><span class='hr-inner-style'><\/span><\/span><\/div>\n<div  class='av-buildercomment  av-blog-meta-html-info-disabled av-blog-meta-tag-disabled  '><\/div>\n","protected":false},"excerpt":{"rendered":"","protected":false},"author":1,"featured_media":49451,"comment_status":"open","ping_status":"open","sticky":false,"template":"","format":"standard","meta":{"footnotes":""},"categories":[53],"tags":[],"class_list":["post-49450","post","type-post","status-publish","format-standard","has-post-thumbnail","hentry","category-ciencia"],"jetpack_featured_media_url":"https:\/\/radiorevelacionfm.cl\/wp-content\/uploads\/2025\/01\/20221020_115542_hdr-1_optimized.jpg","_links":{"self":[{"href":"https:\/\/radiorevelacionfm.cl\/index.php?rest_route=\/wp\/v2\/posts\/49450","targetHints":{"allow":["GET"]}}],"collection":[{"href":"https:\/\/radiorevelacionfm.cl\/index.php?rest_route=\/wp\/v2\/posts"}],"about":[{"href":"https:\/\/radiorevelacionfm.cl\/index.php?rest_route=\/wp\/v2\/types\/post"}],"author":[{"embeddable":true,"href":"https:\/\/radiorevelacionfm.cl\/index.php?rest_route=\/wp\/v2\/users\/1"}],"replies":[{"embeddable":true,"href":"https:\/\/radiorevelacionfm.cl\/index.php?rest_route=%2Fwp%2Fv2%2Fcomments&post=49450"}],"version-history":[{"count":1,"href":"https:\/\/radiorevelacionfm.cl\/index.php?rest_route=\/wp\/v2\/posts\/49450\/revisions"}],"predecessor-version":[{"id":49452,"href":"https:\/\/radiorevelacionfm.cl\/index.php?rest_route=\/wp\/v2\/posts\/49450\/revisions\/49452"}],"wp:featuredmedia":[{"embeddable":true,"href":"https:\/\/radiorevelacionfm.cl\/index.php?rest_route=\/wp\/v2\/media\/49451"}],"wp:attachment":[{"href":"https:\/\/radiorevelacionfm.cl\/index.php?rest_route=%2Fwp%2Fv2%2Fmedia&parent=49450"}],"wp:term":[{"taxonomy":"category","embeddable":true,"href":"https:\/\/radiorevelacionfm.cl\/index.php?rest_route=%2Fwp%2Fv2%2Fcategories&post=49450"},{"taxonomy":"post_tag","embeddable":true,"href":"https:\/\/radiorevelacionfm.cl\/index.php?rest_route=%2Fwp%2Fv2%2Ftags&post=49450"}],"curies":[{"name":"wp","href":"https:\/\/api.w.org\/{rel}","templated":true}]}}