{"id":49447,"date":"2025-01-08T12:33:43","date_gmt":"2025-01-08T15:33:43","guid":{"rendered":"https:\/\/radiorevelacionfm.cl\/?p=49447"},"modified":"2025-01-08T12:33:43","modified_gmt":"2025-01-08T15:33:43","slug":"municipio-aysenino-abre-convocatoria-a-certamen-reina-de-puerto-aysen-2025","status":"publish","type":"post","link":"https:\/\/radiorevelacionfm.cl\/?p=49447","title":{"rendered":"Municipio aysenino abre convocatoria a certamen \u201cReina de Puerto Ays\u00e9n 2025\u201d"},"content":{"rendered":"<div class=\"flex_column av_one_full  flex_column_div av-zero-column-padding first  avia-builder-el-0  el_before_av_one_full  avia-builder-el-first  \" style='border-radius:0px; '><div  class='avia-image-container  av-styling-    avia-builder-el-1  avia-builder-el-no-sibling  avia-align-center '  itemprop=\"image\" itemscope=\"itemscope\" itemtype=\"https:\/\/schema.org\/ImageObject\"  ><div class='avia-image-container-inner'><div class='avia-image-overlay-wrap'><img decoding=\"async\" class='wp-image-49448 avia-img-lazy-loading-not-49448 avia_image' src=\"https:\/\/radiorevelacionfm.cl\/wp-content\/uploads\/2025\/01\/reina-2019-1_optimized.jpg\" alt='' title='reina-2019-(1)_optimized' height=\"600\" width=\"828\"  itemprop=\"thumbnailUrl\" srcset=\"https:\/\/radiorevelacionfm.cl\/wp-content\/uploads\/2025\/01\/reina-2019-1_optimized.jpg 828w, https:\/\/radiorevelacionfm.cl\/wp-content\/uploads\/2025\/01\/reina-2019-1_optimized-300x217.jpg 300w, https:\/\/radiorevelacionfm.cl\/wp-content\/uploads\/2025\/01\/reina-2019-1_optimized-768x557.jpg 768w, https:\/\/radiorevelacionfm.cl\/wp-content\/uploads\/2025\/01\/reina-2019-1_optimized-705x511.jpg 705w, https:\/\/radiorevelacionfm.cl\/wp-content\/uploads\/2025\/01\/reina-2019-1_optimized-450x326.jpg 450w, https:\/\/radiorevelacionfm.cl\/wp-content\/uploads\/2025\/01\/reina-2019-1_optimized-600x435.jpg 600w\" sizes=\"(max-width: 828px) 100vw, 828px\" \/><\/div><\/div><\/div><\/div><div class=\"flex_column av_one_full  flex_column_div av-zero-column-padding first  avia-builder-el-2  el_after_av_one_full  el_before_av_one_full  column-top-margin\" style='border-radius:0px; '><section class=\"av_textblock_section \"  itemscope=\"itemscope\" itemtype=\"https:\/\/schema.org\/BlogPosting\" itemprop=\"blogPost\" ><div class='avia_textblock  '   itemprop=\"text\" ><p style=\"text-align: center;\"><strong><span style=\"font-size: 18pt;\">Municipio aysenino abre convocatoria a certamen \u201cReina de Puerto Ays\u00e9n 2025\u201d<\/span><\/strong><\/p>\n<div id=\"gtx-trans\" style=\"position: absolute; left: -50px; top: 4.31534px;\">\n<div class=\"gtx-trans-icon\"><\/div>\n<\/div>\n<\/div><\/section><\/div><div class=\"flex_column av_one_full  flex_column_div av-zero-column-padding first  avia-builder-el-4  el_after_av_one_full  el_before_av_hr  column-top-margin\" style='border-radius:0px; '><section class=\"av_textblock_section \"  itemscope=\"itemscope\" itemtype=\"https:\/\/schema.org\/BlogPosting\" itemprop=\"blogPost\" ><div class='avia_textblock  '   itemprop=\"text\" ><p style=\"text-align: justify;\"><em>D\u00edas previos a conocerse las actividades para el 97 aniversario de la ciudad portuaria, se anunci\u00f3 el regreso del formato popular del certamen para escoger a una representante de la belleza y liderazgo aysenina.<\/em><\/p>\n<p style=\"text-align: justify;\">Este viernes 10 de enero se presentar\u00e1 la programaci\u00f3n del aniversario de localidad de Puerto Ays\u00e9n 2025, la cual traer\u00e1 diversos panoramas para todos los gustos y disfrute de los pobladores y turistas que vengan en la temporada estival. No obstante, a trav\u00e9s de las redes sociales de la Municipalidad de Ays\u00e9n, ya comunicaron la primera de las actividades que ambientar\u00e1n este cumplea\u00f1os 97 de la ciudad aysenina, el concurso de \u201cLa Reina de Ays\u00e9n\u201d.<\/p>\n<p style=\"text-align: justify;\">Tener entre 18 y 35 a\u00f1os, haber vivido al menos dos a\u00f1os en Puerto Ays\u00e9n y tener cuarto medio completo son algunos de los requisitos para participar en la competici\u00f3n. La cual invita a nueve participantes para que se sumen a concursar para demostrar la confianza en s\u00ed misma, adem\u00e1s de sus habilidades para conseguir la uni\u00f3n con la comunidad.<\/p>\n<p style=\"text-align: justify;\">El certamen retoma las bases que hasta hace algunos a\u00f1os se realizaba, tomando el car\u00e1cter popular que se ve en otras localidades del pa\u00eds, as\u00ed mismo lo explic\u00f3 el alcalde Luis Mart\u00ednez.<\/p>\n<p style=\"text-align: justify;\">\u201cVamos a tener bandas locales, recreaci\u00f3n, ferias y la reina llama un poco la atenci\u00f3n porque realizaremos un formato normal, que est\u00e1 en muchas partes y que tiene que ver con una elecci\u00f3n de candidatas tipo \u201creina internacional\u201d, con todo el respeto que tenemos los hombres por la mujer y viceversa. As\u00ed que espero que las personas se mantengan atentas, porque esto es una tradici\u00f3n, en la cual, m\u00e1s que belleza es devolver la alegr\u00eda en otro formato. Anteriormente fue con la inclusi\u00f3n de adultos mayores, hoy d\u00eda va a ser con la juventud por la energ\u00eda que le queremos aportar a la comuna\u201d, expres\u00f3 el edil.<\/p>\n<p style=\"text-align: justify;\">Por su parte, la nombrada para llevar adelante esta actividad, es la encargada de Turismo Loreta Co\u00f1ecar, que en su momento fue part\u00edcipe del concurso en una de las anteriores ediciones, lo cual le llev\u00f3 a ser la representante aysenina en el \u201cMiss Chile Universo 2022\u201d.<\/p>\n<p style=\"text-align: justify;\">\u201cEste a\u00f1o se busca volver a como se realizaba el certamen de Miss Ays\u00e9n, con el objetivo de poner en valor a las j\u00f3venes ayseninas y a las l\u00edderes que tenemos en nuestra comuna. Buscamos, obviamente, potenciar la belleza, la simpat\u00eda, el desplante de las mujeres que tenemos aqu\u00ed, volviendo atr\u00e1s a la historia que ten\u00edamos, a estos concursos que eran muy esperados tambi\u00e9n por la comunidad, los cuales han estado pidiendo, porque es parte del show y del c\u00f3mo se recuerda el aniversario en Ays\u00e9n\u201d, explic\u00f3 Loreta Co\u00f1ecar.<\/p>\n<p style=\"text-align: justify;\">La miembro del comit\u00e9 organizador igualmente hizo \u00e9nfasis en el car\u00e1cter social y la gran incidencia que tiene el \u201cproyecto de acci\u00f3n\u201d que realizar\u00e1 cada candidata, esto con el objetivo de relacionarse con la comunidad.<\/p>\n<p style=\"text-align: justify;\">En esta ocasi\u00f3n los premios para las ganadoras son 1 mill\u00f3n de pesos para el primer lugar, 300 mil para la segunda y 200 mil para la tercera. Adem\u00e1s, se revelar\u00e1n premios sorpresa para el d\u00eda de la coronaci\u00f3n.<\/p>\n<p style=\"text-align: justify;\">La recepci\u00f3n de los antecedentes se extender\u00e1 hasta el d\u00eda viernes 10 de enero a las 12:00 horas, en dependencias de la Direcci\u00f3n de Desarrollo Comunitario, ubicada en Teniente Merino #630, en Puerto Ays\u00e9n. En caso de haber m\u00e1s de nueve candidatas se realizar\u00e1 una preselecci\u00f3n a cargo de la comisi\u00f3n organizadora, tal como se describe en la p\u00e1gina municipal en el enlace <a href=\"http:\/\/www.puertoaysen.cl\/bases-reina-de-aysen-2025\/\">www.puertoaysen.cl\/bases-reina-de-aysen-2025\/<\/a> .<\/p>\n<\/div><\/section><\/div><div  style='height:50px' class='hr hr-invisible   avia-builder-el-6  el_after_av_one_full  el_before_av_social_share '><span class='hr-inner ' ><span class='hr-inner-style'><\/span><\/span><\/div><\/p>\n<div  class='av-social-sharing-box  avia-builder-el-7  el_after_av_hr  el_before_av_hr  '><div class='av-share-box'><h5 class='av-share-link-description av-no-toc '>Compartir esta noticia<\/h5><ul class='av-share-box-list noLightbox'><li class='av-share-link av-social-link-facebook' ><a target=\"_blank\" aria-label=\"Compartir en Facebook\" href='https:\/\/www.facebook.com\/sharer.php?u=https:\/\/radiorevelacionfm.cl\/?p=49447&#038;t=Municipio%20aysenino%20abre%20convocatoria%20a%20certamen%20%E2%80%9CReina%20de%20Puerto%20Ays%C3%A9n%202025%E2%80%9D' aria-hidden='false' data-av_icon='\ue8f3' data-av_iconfont='entypo-fontello' title='' data-avia-related-tooltip='Compartir en Facebook' rel=\"noopener\"><span class='avia_hidden_link_text'>Compartir en Facebook<\/span><\/a><\/li><li class='av-share-link av-social-link-twitter' ><a target=\"_blank\" aria-label=\"Compartir en Twitter\" href='https:\/\/twitter.com\/share?text=Municipio%20aysenino%20abre%20convocatoria%20a%20certamen%20%E2%80%9CReina%20de%20Puerto%20Ays%C3%A9n%202025%E2%80%9D&#038;url=https:\/\/radiorevelacionfm.cl\/?p=49447' aria-hidden='false' data-av_icon='\ue8f1' data-av_iconfont='entypo-fontello' title='' data-avia-related-tooltip='Compartir en Twitter' rel=\"noopener\"><span class='avia_hidden_link_text'>Compartir en Twitter<\/span><\/a><\/li><li class='av-share-link av-social-link-whatsapp' ><a target=\"_blank\" aria-label=\"Compartir en Whatsapp\" href='https:\/\/api.whatsapp.com\/send?text=https:\/\/radiorevelacionfm.cl\/?p=49447' aria-hidden='false' data-av_icon='\uf232' data-av_iconfont='entypo-fontello' title='' data-avia-related-tooltip='Compartir en Whatsapp' rel=\"noopener\"><span class='avia_hidden_link_text'>Compartir en Whatsapp<\/span><\/a><\/li><li class='av-share-link av-social-link-linkedin' ><a target=\"_blank\" aria-label=\"Compartir en LinkedIn\" href='https:\/\/linkedin.com\/shareArticle?mini=true&#038;title=Municipio%20aysenino%20abre%20convocatoria%20a%20certamen%20%E2%80%9CReina%20de%20Puerto%20Ays%C3%A9n%202025%E2%80%9D&#038;url=https:\/\/radiorevelacionfm.cl\/?p=49447' aria-hidden='false' data-av_icon='\ue8fc' data-av_iconfont='entypo-fontello' title='' data-avia-related-tooltip='Compartir en LinkedIn' rel=\"noopener\"><span class='avia_hidden_link_text'>Compartir en LinkedIn<\/span><\/a><\/li><li class='av-share-link av-social-link-mail' ><a  aria-label=\"Compartir por correo\" href='mailto:?subject=Municipio%20aysenino%20abre%20convocatoria%20a%20certamen%20%E2%80%9CReina%20de%20Puerto%20Ays%C3%A9n%202025%E2%80%9D&#038;body=https:\/\/radiorevelacionfm.cl\/?p=49447' aria-hidden='false' data-av_icon='\ue805' data-av_iconfont='entypo-fontello' title='' data-avia-related-tooltip='Compartir por correo'><span class='avia_hidden_link_text'>Compartir por correo<\/span><\/a><\/li><\/ul><\/div><\/div>\n<div  style='height:50px' class='hr hr-invisible   avia-builder-el-8  el_after_av_social_share  el_before_av_comments_list '><span class='hr-inner ' ><span class='hr-inner-style'><\/span><\/span><\/div>\n<div  class='av-buildercomment  av-blog-meta-html-info-disabled av-blog-meta-tag-disabled  '><\/div>\n","protected":false},"excerpt":{"rendered":"","protected":false},"author":1,"featured_media":49448,"comment_status":"open","ping_status":"open","sticky":false,"template":"","format":"standard","meta":{"footnotes":""},"categories":[38],"tags":[],"class_list":["post-49447","post","type-post","status-publish","format-standard","has-post-thumbnail","hentry","category-regional"],"jetpack_featured_media_url":"https:\/\/radiorevelacionfm.cl\/wp-content\/uploads\/2025\/01\/reina-2019-1_optimized.jpg","_links":{"self":[{"href":"https:\/\/radiorevelacionfm.cl\/index.php?rest_route=\/wp\/v2\/posts\/49447","targetHints":{"allow":["GET"]}}],"collection":[{"href":"https:\/\/radiorevelacionfm.cl\/index.php?rest_route=\/wp\/v2\/posts"}],"about":[{"href":"https:\/\/radiorevelacionfm.cl\/index.php?rest_route=\/wp\/v2\/types\/post"}],"author":[{"embeddable":true,"href":"https:\/\/radiorevelacionfm.cl\/index.php?rest_route=\/wp\/v2\/users\/1"}],"replies":[{"embeddable":true,"href":"https:\/\/radiorevelacionfm.cl\/index.php?rest_route=%2Fwp%2Fv2%2Fcomments&post=49447"}],"version-history":[{"count":1,"href":"https:\/\/radiorevelacionfm.cl\/index.php?rest_route=\/wp\/v2\/posts\/49447\/revisions"}],"predecessor-version":[{"id":49449,"href":"https:\/\/radiorevelacionfm.cl\/index.php?rest_route=\/wp\/v2\/posts\/49447\/revisions\/49449"}],"wp:featuredmedia":[{"embeddable":true,"href":"https:\/\/radiorevelacionfm.cl\/index.php?rest_route=\/wp\/v2\/media\/49448"}],"wp:attachment":[{"href":"https:\/\/radiorevelacionfm.cl\/index.php?rest_route=%2Fwp%2Fv2%2Fmedia&parent=49447"}],"wp:term":[{"taxonomy":"category","embeddable":true,"href":"https:\/\/radiorevelacionfm.cl\/index.php?rest_route=%2Fwp%2Fv2%2Fcategories&post=49447"},{"taxonomy":"post_tag","embeddable":true,"href":"https:\/\/radiorevelacionfm.cl\/index.php?rest_route=%2Fwp%2Fv2%2Ftags&post=49447"}],"curies":[{"name":"wp","href":"https:\/\/api.w.org\/{rel}","templated":true}]}}