{"id":49443,"date":"2025-01-08T11:48:31","date_gmt":"2025-01-08T14:48:31","guid":{"rendered":"https:\/\/radiorevelacionfm.cl\/?p=49443"},"modified":"2025-01-08T11:48:31","modified_gmt":"2025-01-08T14:48:31","slug":"termometro-laboral-estrena-diseno-amigable-con-nuevos-indicadores-de-empleo-que-facilitaran-la-lectura-del-analisis-coyuntural","status":"publish","type":"post","link":"https:\/\/radiorevelacionfm.cl\/?p=49443","title":{"rendered":"Term\u00f3metro Laboral estrena dise\u00f1o amigable con nuevos indicadores de empleo que facilitar\u00e1n la lectura del an\u00e1lisis coyuntural"},"content":{"rendered":"<div class=\"flex_column av_one_full  flex_column_div av-zero-column-padding first  avia-builder-el-0  el_before_av_one_full  avia-builder-el-first  \" style='border-radius:0px; '><div  class='avia-image-container  av-styling-    avia-builder-el-1  avia-builder-el-no-sibling  avia-align-center '  itemprop=\"image\" itemscope=\"itemscope\" itemtype=\"https:\/\/schema.org\/ImageObject\"  ><div class='avia-image-container-inner'><div class='avia-image-overlay-wrap'><img decoding=\"async\" class='wp-image-49444 avia-img-lazy-loading-not-49444 avia_image' src=\"https:\/\/radiorevelacionfm.cl\/wp-content\/uploads\/2025\/01\/image002-16-1-1_optimized-1.jpg\" alt='' title='image002-(16)-(1)-(1)_optimized (1)' height=\"600\" width=\"800\"  itemprop=\"thumbnailUrl\" srcset=\"https:\/\/radiorevelacionfm.cl\/wp-content\/uploads\/2025\/01\/image002-16-1-1_optimized-1.jpg 800w, https:\/\/radiorevelacionfm.cl\/wp-content\/uploads\/2025\/01\/image002-16-1-1_optimized-1-300x225.jpg 300w, https:\/\/radiorevelacionfm.cl\/wp-content\/uploads\/2025\/01\/image002-16-1-1_optimized-1-768x576.jpg 768w, https:\/\/radiorevelacionfm.cl\/wp-content\/uploads\/2025\/01\/image002-16-1-1_optimized-1-705x529.jpg 705w, https:\/\/radiorevelacionfm.cl\/wp-content\/uploads\/2025\/01\/image002-16-1-1_optimized-1-450x338.jpg 450w, https:\/\/radiorevelacionfm.cl\/wp-content\/uploads\/2025\/01\/image002-16-1-1_optimized-1-600x450.jpg 600w\" sizes=\"(max-width: 800px) 100vw, 800px\" \/><\/div><\/div><\/div><\/div><div class=\"flex_column av_one_full  flex_column_div av-zero-column-padding first  avia-builder-el-2  el_after_av_one_full  el_before_av_one_full  column-top-margin\" style='border-radius:0px; '><section class=\"av_textblock_section \"  itemscope=\"itemscope\" itemtype=\"https:\/\/schema.org\/BlogPosting\" itemprop=\"blogPost\" ><div class='avia_textblock  '   itemprop=\"text\" ><p style=\"text-align: center;\"><strong><span style=\"font-size: 18pt;\">Term\u00f3metro Laboral estrena dise\u00f1o amigable con nuevos indicadores de empleo que facilitar\u00e1n la lectura del an\u00e1lisis coyuntural<\/span><\/strong><\/p>\n<div id=\"gtx-trans\" style=\"position: absolute; left: -50px; top: 4.31534px;\">\n<div class=\"gtx-trans-icon\"><\/div>\n<\/div>\n<\/div><\/section><\/div><div class=\"flex_column av_one_full  flex_column_div av-zero-column-padding first  avia-builder-el-4  el_after_av_one_full  el_before_av_hr  column-top-margin\" style='border-radius:0px; '><section class=\"av_textblock_section \"  itemscope=\"itemscope\" itemtype=\"https:\/\/schema.org\/BlogPosting\" itemprop=\"blogPost\" ><div class='avia_textblock  '   itemprop=\"text\" ><ul>\n<li style=\"text-align: justify;\"><em>Dentro de las novedades, destacan los indicadores: precio por hora ordinaria, \u00cdndice de Precios al Consumidor (IPC), Producto Interno Bruto (PIB), \u00cdndice Nominal de Remuneraciones (IR) <\/em><\/li>\n<\/ul>\n<p style=\"text-align: justify;\">La Subsecretar\u00eda del Trabajo, a trav\u00e9s de los observatorios laborales de cada regi\u00f3n, pone a disposici\u00f3n p\u00fablica los boletines coyunturales de empleo, m\u00e1s conocidos como \u201cTerm\u00f3metro Laboral\u201d que tienen como objetivo monitorear los principales indicadores del mercado laboral nacional, desde una perspectiva coyuntural y de mediano plazo, haciendo \u00e9nfasis en aspectos relativos a la desocupaci\u00f3n, la ocupaci\u00f3n y la participaci\u00f3n laboral, calidad del empleo y caracter\u00edsticas de subgrupos de la poblaci\u00f3n (mujeres, adultos mayores y j\u00f3venes, entre otros).<\/p>\n<p style=\"text-align: justify;\">En este nuevo documento, que muestra el trimestre m\u00f3vil septiembre-octubre-noviembre, presenta un nuevo dise\u00f1o, mucho m\u00e1s amigable para la lectura de la ciudadan\u00eda, adem\u00e1s de incluir un c\u00f3digo QR para su descarga sin necesidad de acudir a un enlace web directamente. Adem\u00e1s, incluye nuevos indicadores que complementar\u00e1n la informaci\u00f3n para su mejor comprensi\u00f3n como lo son el precio por hora ordinaria, IPC, PIB e IR.<\/p>\n<p style=\"text-align: justify;\">Frente a estos cambios y datos emanados en este nuevo documento, la seremi del Trabajo y Previsi\u00f3n Social, Camila Covarrubias, celebr\u00f3 esta novedad argumentando que es muy importante para la poblaci\u00f3n lograr entender el term\u00f3metro laboral, m\u00e1s all\u00e1 de solo ver gr\u00e1ficos y cifras y que por lo dem\u00e1s, es muy positivo que la regi\u00f3n siga teniendo \u00f3ptimas cifras en sus tasas de participaci\u00f3n y desocupaci\u00f3n.<\/p>\n<p style=\"text-align: justify;\">\u201cLa regi\u00f3n de Ays\u00e9n ha mantenido un comportamiento bastante positivo en los \u00faltimos trimestres, demostrando solidez en las bajas tasas de desocupaci\u00f3n a nivel pa\u00eds y que este mes nos muestra un 4,2% correspondiendo un 5,1% a mujeres y un 3,6% a hombres. Tambi\u00e9n tenemos que destacar que estamos por sobre el promedio pa\u00eds con las m\u00e1s altas tasas de participaci\u00f3n correspondiente al 71,4% y ocupaci\u00f3n con un 68,4%. En este sentido, el sector econ\u00f3mico con mayor incidencia al alza es el de actividades de alojamiento y de servicios de comida, con un aumento del 21,4%. lo que habla de un aumento en el dinamismo del sector. Por \u00faltimo se puede visualizar una cifra positiva en t\u00e9rminos de crecimiento econ\u00f3mico, la que esta asociada\u00a0 a un crecimiento del PIB del 1% respecto al 2023, siendo, tambi\u00e9n, una muy buena noticia para la regi\u00f3n, as\u00ed que solo decir que como cartera de gobierno nos alegra esta estabilidad porque tiene directa relaci\u00f3n con las diversas pol\u00edticas p\u00fablicas que hemos implementado a trav\u00e9s de nuestros organismos y como nos hemos relacionado con las trabajadoras y trabajadores del territorio\u201d argument\u00f3 la autoridad.<\/p>\n<p style=\"text-align: justify;\"><strong><u>Las novedades de esta nueva versi\u00f3n<\/u><\/strong><\/p>\n<p style=\"text-align: justify;\">La tasa de desocupaci\u00f3n de la regi\u00f3n sigue siendo baja en comparaci\u00f3n al resto del pa\u00eds, sin embargo en este moderno dise\u00f1o se incluyen indicadores interesantes como lo son la proporci\u00f3n de personas desocupadas seg\u00fan tramos de tiempo y la proporci\u00f3n del tipo de gesti\u00f3n en la b\u00fasqueda de empleo diferenciado entre hombres y mujeres, dando como resultado cifras de an\u00e1lisis coyuntural para explicar, por ejemplo, qu\u00e9 medio o canal es el m\u00e1s utilizado para buscar empleos como tambi\u00e9n el tiempo que dura esa pesquisa.<\/p>\n<p style=\"text-align: justify;\">Referente a esto, C\u00e9sar G\u00f3mez Berrocal, Director del Observatorio Laboral Ays\u00e9n, infiere que este dato servir\u00e1 mucho para ver c\u00f3mo se mueve la poblaci\u00f3n y cu\u00e1l es la incidencia, por ejemplo, del funcionamiento de las Oficinas de Informaci\u00f3n Laboral (OMIL), la que muchas veces juega papeles importantes a la hora de apoyar en la b\u00fasqueda de empleo a las personas.<\/p>\n<p style=\"text-align: justify;\">\u201cLa estad\u00edstica que nos entrega el term\u00f3metro laboral se\u00f1ala que un 62,8% de las personas desocupadas encuentra empleo dentro de tres meses o menos, lo que, a su vez, se correlaciona con el tiempo promedio de intermediaci\u00f3n v\u00eda OMIL donde el promedio regional de colocaci\u00f3n en un puesto de trabajo es de 2,5 meses, respecto a personas buscadoras de empleo. Sin embargo, un 23% de las personas buscadoras de empleo encuentra trabajo entre los 6 y 11 meses y un 5,5% despu\u00e9s de los 12 meses\u201d.<\/p>\n<p style=\"text-align: justify;\">Al consultar por los medios asociados a b\u00fasqueda de empleo, el env\u00edo de curr\u00edculum es el m\u00e9todo m\u00e1s utilizado para ambos sexos, con 89,6% en mujeres y 83,7% en hombres. La consulta directa con empleadores fue realizada por el 64,3% del total, distribuy\u00e9ndose en 41,5% para mujeres y 64,3% para hombres. Pedir recomendaciones a conocidos represent\u00f3 el 25,8% en hombres y 38,6% en mujeres. Revisar y contestar anuncios alcanz\u00f3 el 33,5% del total, con 25,1% en hombres y 38,6% en mujeres. Finalmente, revisar anuncios en la OMIL fue el m\u00e9todo menos frecuente, con un total de 19,3%, dividido en 4,0% para hombres y 19,3% para mujeres.<\/p>\n<p style=\"text-align: justify;\">\u201cEn este sentido y considerando la tasa de colocaci\u00f3n de las OMIL, se visualiza que es importante fortalecer el posicionamiento y la difusi\u00f3n de estas oficinas a nivel regional, ya que si bien su uso por parte de los buscadores de empleo es bajo, el conocimiento y la red empleadores a las que se puede acceder\u00a0 a trav\u00e9s de los profesionales que trabajan en ellas es amplio, lo cual puede reducir los tiempos de colocaci\u00f3n laboral, en aquellos grupos de la poblaci\u00f3n que habitualmente pasan por periodos de cesant\u00eda m\u00e1s prolongados\u201d se\u00f1al\u00f3.<\/p>\n<p style=\"text-align: justify;\">El Observatorio Laboral de Ays\u00e9n, es parte de la Estrategia Nacional de Prospecci\u00f3n Laboral, convenio firmado entre el Centro de Formaci\u00f3n T\u00e9cnica Estatal de Ays\u00e9n y la Subsecretar\u00eda del Trabajo, representada por la Seremi de Trabajo y Previsi\u00f3n Social. Para acceder al Term\u00f3metro Laboral, el link es: https:\/\/www.subtrab.gob.cl\/tlr\/ y dar click a regi\u00f3n de Ays\u00e9n.<\/p>\n<\/div><\/section><\/div><div  style='height:50px' class='hr hr-invisible   avia-builder-el-6  el_after_av_one_full  el_before_av_social_share '><span class='hr-inner ' ><span class='hr-inner-style'><\/span><\/span><\/div><\/p>\n<div  class='av-social-sharing-box  avia-builder-el-7  el_after_av_hr  el_before_av_hr  '><div class='av-share-box'><h5 class='av-share-link-description av-no-toc '>Compartir esta noticia<\/h5><ul class='av-share-box-list noLightbox'><li class='av-share-link av-social-link-facebook' ><a target=\"_blank\" aria-label=\"Compartir en Facebook\" href='https:\/\/www.facebook.com\/sharer.php?u=https:\/\/radiorevelacionfm.cl\/?p=49443&#038;t=Term%C3%B3metro%20Laboral%20estrena%20dise%C3%B1o%20amigable%20con%20nuevos%20indicadores%20de%20empleo%20que%20facilitar%C3%A1n%20la%20lectura%20del%20an%C3%A1lisis%20coyuntural' aria-hidden='false' data-av_icon='\ue8f3' data-av_iconfont='entypo-fontello' title='' data-avia-related-tooltip='Compartir en Facebook' rel=\"noopener\"><span class='avia_hidden_link_text'>Compartir en Facebook<\/span><\/a><\/li><li class='av-share-link av-social-link-twitter' ><a target=\"_blank\" aria-label=\"Compartir en Twitter\" href='https:\/\/twitter.com\/share?text=Term%C3%B3metro%20Laboral%20estrena%20dise%C3%B1o%20amigable%20con%20nuevos%20indicadores%20de%20empleo%20que%20facilitar%C3%A1n%20la%20lectura%20del%20an%C3%A1lisis%20coyuntural&#038;url=https:\/\/radiorevelacionfm.cl\/?p=49443' aria-hidden='false' data-av_icon='\ue8f1' data-av_iconfont='entypo-fontello' title='' data-avia-related-tooltip='Compartir en Twitter' rel=\"noopener\"><span class='avia_hidden_link_text'>Compartir en Twitter<\/span><\/a><\/li><li class='av-share-link av-social-link-whatsapp' ><a target=\"_blank\" aria-label=\"Compartir en Whatsapp\" href='https:\/\/api.whatsapp.com\/send?text=https:\/\/radiorevelacionfm.cl\/?p=49443' aria-hidden='false' data-av_icon='\uf232' data-av_iconfont='entypo-fontello' title='' data-avia-related-tooltip='Compartir en Whatsapp' rel=\"noopener\"><span class='avia_hidden_link_text'>Compartir en Whatsapp<\/span><\/a><\/li><li class='av-share-link av-social-link-linkedin' ><a target=\"_blank\" aria-label=\"Compartir en LinkedIn\" href='https:\/\/linkedin.com\/shareArticle?mini=true&#038;title=Term%C3%B3metro%20Laboral%20estrena%20dise%C3%B1o%20amigable%20con%20nuevos%20indicadores%20de%20empleo%20que%20facilitar%C3%A1n%20la%20lectura%20del%20an%C3%A1lisis%20coyuntural&#038;url=https:\/\/radiorevelacionfm.cl\/?p=49443' aria-hidden='false' data-av_icon='\ue8fc' data-av_iconfont='entypo-fontello' title='' data-avia-related-tooltip='Compartir en LinkedIn' rel=\"noopener\"><span class='avia_hidden_link_text'>Compartir en LinkedIn<\/span><\/a><\/li><li class='av-share-link av-social-link-mail' ><a  aria-label=\"Compartir por correo\" href='mailto:?subject=Term%C3%B3metro%20Laboral%20estrena%20dise%C3%B1o%20amigable%20con%20nuevos%20indicadores%20de%20empleo%20que%20facilitar%C3%A1n%20la%20lectura%20del%20an%C3%A1lisis%20coyuntural&#038;body=https:\/\/radiorevelacionfm.cl\/?p=49443' aria-hidden='false' data-av_icon='\ue805' data-av_iconfont='entypo-fontello' title='' data-avia-related-tooltip='Compartir por correo'><span class='avia_hidden_link_text'>Compartir por correo<\/span><\/a><\/li><\/ul><\/div><\/div>\n<div  style='height:50px' class='hr hr-invisible   avia-builder-el-8  el_after_av_social_share  el_before_av_comments_list '><span class='hr-inner ' ><span class='hr-inner-style'><\/span><\/span><\/div>\n<div  class='av-buildercomment  av-blog-meta-html-info-disabled av-blog-meta-tag-disabled  '><\/div>\n","protected":false},"excerpt":{"rendered":"","protected":false},"author":1,"featured_media":49444,"comment_status":"open","ping_status":"open","sticky":false,"template":"","format":"standard","meta":{"footnotes":""},"categories":[38],"tags":[],"class_list":["post-49443","post","type-post","status-publish","format-standard","has-post-thumbnail","hentry","category-regional"],"jetpack_featured_media_url":"https:\/\/radiorevelacionfm.cl\/wp-content\/uploads\/2025\/01\/image002-16-1-1_optimized-1.jpg","_links":{"self":[{"href":"https:\/\/radiorevelacionfm.cl\/index.php?rest_route=\/wp\/v2\/posts\/49443","targetHints":{"allow":["GET"]}}],"collection":[{"href":"https:\/\/radiorevelacionfm.cl\/index.php?rest_route=\/wp\/v2\/posts"}],"about":[{"href":"https:\/\/radiorevelacionfm.cl\/index.php?rest_route=\/wp\/v2\/types\/post"}],"author":[{"embeddable":true,"href":"https:\/\/radiorevelacionfm.cl\/index.php?rest_route=\/wp\/v2\/users\/1"}],"replies":[{"embeddable":true,"href":"https:\/\/radiorevelacionfm.cl\/index.php?rest_route=%2Fwp%2Fv2%2Fcomments&post=49443"}],"version-history":[{"count":1,"href":"https:\/\/radiorevelacionfm.cl\/index.php?rest_route=\/wp\/v2\/posts\/49443\/revisions"}],"predecessor-version":[{"id":49445,"href":"https:\/\/radiorevelacionfm.cl\/index.php?rest_route=\/wp\/v2\/posts\/49443\/revisions\/49445"}],"wp:featuredmedia":[{"embeddable":true,"href":"https:\/\/radiorevelacionfm.cl\/index.php?rest_route=\/wp\/v2\/media\/49444"}],"wp:attachment":[{"href":"https:\/\/radiorevelacionfm.cl\/index.php?rest_route=%2Fwp%2Fv2%2Fmedia&parent=49443"}],"wp:term":[{"taxonomy":"category","embeddable":true,"href":"https:\/\/radiorevelacionfm.cl\/index.php?rest_route=%2Fwp%2Fv2%2Fcategories&post=49443"},{"taxonomy":"post_tag","embeddable":true,"href":"https:\/\/radiorevelacionfm.cl\/index.php?rest_route=%2Fwp%2Fv2%2Ftags&post=49443"}],"curies":[{"name":"wp","href":"https:\/\/api.w.org\/{rel}","templated":true}]}}