{"id":49440,"date":"2025-01-08T11:08:59","date_gmt":"2025-01-08T14:08:59","guid":{"rendered":"https:\/\/radiorevelacionfm.cl\/?p=49440"},"modified":"2025-01-08T11:08:59","modified_gmt":"2025-01-08T14:08:59","slug":"fundacion-integra-se-prepara-para-vacaciones-en-mi-jardin-2025","status":"publish","type":"post","link":"https:\/\/radiorevelacionfm.cl\/?p=49440","title":{"rendered":"Fundaci\u00f3n Integra se prepara para \u00abVacaciones en Mi Jard\u00edn\u00bb 2025"},"content":{"rendered":"<div class=\"flex_column av_one_full  flex_column_div av-zero-column-padding first  avia-builder-el-0  el_before_av_one_full  avia-builder-el-first  \" style='border-radius:0px; '><div  class='avia-image-container  av-styling-    avia-builder-el-1  avia-builder-el-no-sibling  avia-align-center '  itemprop=\"image\" itemscope=\"itemscope\" itemtype=\"https:\/\/schema.org\/ImageObject\"  ><div class='avia-image-container-inner'><div class='avia-image-overlay-wrap'><img decoding=\"async\" class='wp-image-49441 avia-img-lazy-loading-not-49441 avia_image' src=\"https:\/\/radiorevelacionfm.cl\/wp-content\/uploads\/2025\/01\/img-20250108-wa0033-1-1_optimized.jpg\" alt='' title='img-20250108-wa0033-(1)-(1)_optimized' height=\"600\" width=\"1067\"  itemprop=\"thumbnailUrl\" srcset=\"https:\/\/radiorevelacionfm.cl\/wp-content\/uploads\/2025\/01\/img-20250108-wa0033-1-1_optimized.jpg 1067w, https:\/\/radiorevelacionfm.cl\/wp-content\/uploads\/2025\/01\/img-20250108-wa0033-1-1_optimized-300x169.jpg 300w, https:\/\/radiorevelacionfm.cl\/wp-content\/uploads\/2025\/01\/img-20250108-wa0033-1-1_optimized-1030x579.jpg 1030w, https:\/\/radiorevelacionfm.cl\/wp-content\/uploads\/2025\/01\/img-20250108-wa0033-1-1_optimized-768x432.jpg 768w, https:\/\/radiorevelacionfm.cl\/wp-content\/uploads\/2025\/01\/img-20250108-wa0033-1-1_optimized-705x396.jpg 705w, https:\/\/radiorevelacionfm.cl\/wp-content\/uploads\/2025\/01\/img-20250108-wa0033-1-1_optimized-450x253.jpg 450w, https:\/\/radiorevelacionfm.cl\/wp-content\/uploads\/2025\/01\/img-20250108-wa0033-1-1_optimized-600x337.jpg 600w\" sizes=\"(max-width: 1067px) 100vw, 1067px\" \/><\/div><\/div><\/div><\/div><div class=\"flex_column av_one_full  flex_column_div av-zero-column-padding first  avia-builder-el-2  el_after_av_one_full  el_before_av_one_full  column-top-margin\" style='border-radius:0px; '><section class=\"av_textblock_section \"  itemscope=\"itemscope\" itemtype=\"https:\/\/schema.org\/BlogPosting\" itemprop=\"blogPost\" ><div class='avia_textblock  '   itemprop=\"text\" ><p style=\"text-align: center;\"><strong><span style=\"font-size: 18pt;\">Fundaci\u00f3n Integra se prepara para \u00abVacaciones en Mi Jard\u00edn\u00bb 2025<\/span><\/strong><\/p>\n<div id=\"gtx-trans\" style=\"position: absolute; left: -50px; top: 4.31534px;\">\n<div class=\"gtx-trans-icon\"><\/div>\n<\/div>\n<\/div><\/section><\/div><div class=\"flex_column av_one_full  flex_column_div av-zero-column-padding first  avia-builder-el-4  el_after_av_one_full  el_before_av_hr  column-top-margin\" style='border-radius:0px; '><section class=\"av_textblock_section \"  itemscope=\"itemscope\" itemtype=\"https:\/\/schema.org\/BlogPosting\" itemprop=\"blogPost\" ><div class='avia_textblock  '   itemprop=\"text\" ><p style=\"text-align: justify;\">Del 13 de enero al 21 de febrero de 2025, se llevar\u00e1 a cabo una nueva versi\u00f3n del programa \u201cVacaciones en Mi Jard\u00edn\u201d (VMJ), una iniciativa de Fundaci\u00f3n Integra que busca entregar a ni\u00f1as, ni\u00f1os y sus familias un espacio recreativo donde el juego y el bienestar integral sean los protagonistas. Este a\u00f1o, tres jardines infantiles de la regi\u00f3n de Ays\u00e9n ser\u00e1n los anfitriones: \u201cNueva Esperanza\u201d, \u201cMackay\u201d y \u201cLos Chilcos\u201d.<\/p>\n<p style=\"text-align: justify;\">El programa \u201cVacaciones en Mi Jard\u00edn\u201d est\u00e1 dise\u00f1ado para ofrecer una alternativa innovadora a las familias durante el periodo estival, diferenci\u00e1ndose de la rutina habitual de los jardines infantiles. Leticia Araya Norambuena, directora regional de Fundaci\u00f3n Integra, destaca que \u201cqueremos que este espacio recreativo priorice el juego, el protagonismo infantil y el buen trato. Nuestro objetivo es que ni\u00f1os y ni\u00f1as puedan disfrutar de actividades propias de unas vacaciones, como explorar, crear y compartir en un entorno enriquecido y seguro\u201d.<\/p>\n<p style=\"text-align: justify;\">Para garantizar el \u00e9xito del programa, los equipos educativos responsables del VMJ ya est\u00e1n participando en un proceso de inducci\u00f3n organizado por el Departamento Educativo Regional el que incluye, Capacitaci\u00f3n en contenidos educativos; Planificaci\u00f3n educativa; Acompa\u00f1amiento en la implementaci\u00f3n, entre otros.<\/p>\n<p style=\"text-align: justify;\"><strong>Un espacio pensado para las familias<\/strong><\/p>\n<p style=\"text-align: justify;\">Con m\u00e1s de tres d\u00e9cadas de experiencia y m\u00e1s de 1.200 salas cuna y jardines infantiles gratuitos en todo el pa\u00eds, Fundaci\u00f3n Integra reafirma su compromiso con el desarrollo integral de ni\u00f1os y ni\u00f1as. El programa \u201cVacaciones en Mi Jard\u00edn\u201d es un ejemplo concreto de c\u00f3mo la instituci\u00f3n prioriza el juego, el aprendizaje y el bienestar en espacios seguros y estimulantes.<\/p>\n<p style=\"text-align: justify;\">Fundaci\u00f3n Integra, con 34 a\u00f1os de experiencia y m\u00e1s de 1.200 salas cuna y jardines infantiles gratuitos en todo el pa\u00eds, trabaja para que ni\u00f1as y ni\u00f1os alcancen su desarrollo pleno, bienestar integral y aprendizajes significativos, a trav\u00e9s de su protagonismo en espacios educativos amorosos, inclusivos, diversos y de calidad.<\/p>\n<\/div><\/section><\/div><div  style='height:50px' class='hr hr-invisible   avia-builder-el-6  el_after_av_one_full  el_before_av_social_share '><span class='hr-inner ' ><span class='hr-inner-style'><\/span><\/span><\/div><\/p>\n<div  class='av-social-sharing-box  avia-builder-el-7  el_after_av_hr  el_before_av_hr  '><div class='av-share-box'><h5 class='av-share-link-description av-no-toc '>Compartir esta noticia<\/h5><ul class='av-share-box-list noLightbox'><li class='av-share-link av-social-link-facebook' ><a target=\"_blank\" aria-label=\"Compartir en Facebook\" href='https:\/\/www.facebook.com\/sharer.php?u=https:\/\/radiorevelacionfm.cl\/?p=49440&#038;t=Fundaci%C3%B3n%20Integra%20se%20prepara%20para%20%C2%ABVacaciones%20en%20Mi%20Jard%C3%ADn%C2%BB%202025' aria-hidden='false' data-av_icon='\ue8f3' data-av_iconfont='entypo-fontello' title='' data-avia-related-tooltip='Compartir en Facebook' rel=\"noopener\"><span class='avia_hidden_link_text'>Compartir en Facebook<\/span><\/a><\/li><li class='av-share-link av-social-link-twitter' ><a target=\"_blank\" aria-label=\"Compartir en Twitter\" href='https:\/\/twitter.com\/share?text=Fundaci%C3%B3n%20Integra%20se%20prepara%20para%20%C2%ABVacaciones%20en%20Mi%20Jard%C3%ADn%C2%BB%202025&#038;url=https:\/\/radiorevelacionfm.cl\/?p=49440' aria-hidden='false' data-av_icon='\ue8f1' data-av_iconfont='entypo-fontello' title='' data-avia-related-tooltip='Compartir en Twitter' rel=\"noopener\"><span class='avia_hidden_link_text'>Compartir en Twitter<\/span><\/a><\/li><li class='av-share-link av-social-link-whatsapp' ><a target=\"_blank\" aria-label=\"Compartir en Whatsapp\" href='https:\/\/api.whatsapp.com\/send?text=https:\/\/radiorevelacionfm.cl\/?p=49440' aria-hidden='false' data-av_icon='\uf232' data-av_iconfont='entypo-fontello' title='' data-avia-related-tooltip='Compartir en Whatsapp' rel=\"noopener\"><span class='avia_hidden_link_text'>Compartir en Whatsapp<\/span><\/a><\/li><li class='av-share-link av-social-link-linkedin' ><a target=\"_blank\" aria-label=\"Compartir en LinkedIn\" href='https:\/\/linkedin.com\/shareArticle?mini=true&#038;title=Fundaci%C3%B3n%20Integra%20se%20prepara%20para%20%C2%ABVacaciones%20en%20Mi%20Jard%C3%ADn%C2%BB%202025&#038;url=https:\/\/radiorevelacionfm.cl\/?p=49440' aria-hidden='false' data-av_icon='\ue8fc' data-av_iconfont='entypo-fontello' title='' data-avia-related-tooltip='Compartir en LinkedIn' rel=\"noopener\"><span class='avia_hidden_link_text'>Compartir en LinkedIn<\/span><\/a><\/li><li class='av-share-link av-social-link-mail' ><a  aria-label=\"Compartir por correo\" href='mailto:?subject=Fundaci%C3%B3n%20Integra%20se%20prepara%20para%20%C2%ABVacaciones%20en%20Mi%20Jard%C3%ADn%C2%BB%202025&#038;body=https:\/\/radiorevelacionfm.cl\/?p=49440' aria-hidden='false' data-av_icon='\ue805' data-av_iconfont='entypo-fontello' title='' data-avia-related-tooltip='Compartir por correo'><span class='avia_hidden_link_text'>Compartir por correo<\/span><\/a><\/li><\/ul><\/div><\/div>\n<div  style='height:50px' class='hr hr-invisible   avia-builder-el-8  el_after_av_social_share  el_before_av_comments_list '><span class='hr-inner ' ><span class='hr-inner-style'><\/span><\/span><\/div>\n<div  class='av-buildercomment  av-blog-meta-html-info-disabled av-blog-meta-tag-disabled  '><\/div>\n","protected":false},"excerpt":{"rendered":"","protected":false},"author":1,"featured_media":49441,"comment_status":"open","ping_status":"open","sticky":false,"template":"","format":"standard","meta":{"footnotes":""},"categories":[49],"tags":[],"class_list":["post-49440","post","type-post","status-publish","format-standard","has-post-thumbnail","hentry","category-educacion"],"jetpack_featured_media_url":"https:\/\/radiorevelacionfm.cl\/wp-content\/uploads\/2025\/01\/img-20250108-wa0033-1-1_optimized.jpg","_links":{"self":[{"href":"https:\/\/radiorevelacionfm.cl\/index.php?rest_route=\/wp\/v2\/posts\/49440","targetHints":{"allow":["GET"]}}],"collection":[{"href":"https:\/\/radiorevelacionfm.cl\/index.php?rest_route=\/wp\/v2\/posts"}],"about":[{"href":"https:\/\/radiorevelacionfm.cl\/index.php?rest_route=\/wp\/v2\/types\/post"}],"author":[{"embeddable":true,"href":"https:\/\/radiorevelacionfm.cl\/index.php?rest_route=\/wp\/v2\/users\/1"}],"replies":[{"embeddable":true,"href":"https:\/\/radiorevelacionfm.cl\/index.php?rest_route=%2Fwp%2Fv2%2Fcomments&post=49440"}],"version-history":[{"count":1,"href":"https:\/\/radiorevelacionfm.cl\/index.php?rest_route=\/wp\/v2\/posts\/49440\/revisions"}],"predecessor-version":[{"id":49442,"href":"https:\/\/radiorevelacionfm.cl\/index.php?rest_route=\/wp\/v2\/posts\/49440\/revisions\/49442"}],"wp:featuredmedia":[{"embeddable":true,"href":"https:\/\/radiorevelacionfm.cl\/index.php?rest_route=\/wp\/v2\/media\/49441"}],"wp:attachment":[{"href":"https:\/\/radiorevelacionfm.cl\/index.php?rest_route=%2Fwp%2Fv2%2Fmedia&parent=49440"}],"wp:term":[{"taxonomy":"category","embeddable":true,"href":"https:\/\/radiorevelacionfm.cl\/index.php?rest_route=%2Fwp%2Fv2%2Fcategories&post=49440"},{"taxonomy":"post_tag","embeddable":true,"href":"https:\/\/radiorevelacionfm.cl\/index.php?rest_route=%2Fwp%2Fv2%2Ftags&post=49440"}],"curies":[{"name":"wp","href":"https:\/\/api.w.org\/{rel}","templated":true}]}}