{"id":4944,"date":"2021-06-05T19:01:37","date_gmt":"2021-06-05T22:01:37","guid":{"rendered":"https:\/\/radiorevelacionfm.cl\/?p=4944"},"modified":"2021-06-05T19:16:27","modified_gmt":"2021-06-05T22:16:27","slug":"decomisan-mas-de-1-kilo-400-gramos-de-cannabis-sativa-al-interior-de-un-galpon-cerca-de-mallin-grande","status":"publish","type":"post","link":"https:\/\/radiorevelacionfm.cl\/?p=4944","title":{"rendered":"Decomisan m\u00e1s de 1 kilo 400 gramos de cannabis sativa al interior de un galp\u00f3n cerca de Mall\u00edn Grande"},"content":{"rendered":"<div class=\"flex_column av_one_full  flex_column_div av-zero-column-padding first  avia-builder-el-0  el_before_av_one_full  avia-builder-el-first  \" style='border-radius:0px; '><div  class='avia-image-container  av-styling-    avia-builder-el-1  avia-builder-el-no-sibling  avia-align-center '  itemprop=\"image\" itemscope=\"itemscope\" itemtype=\"https:\/\/schema.org\/ImageObject\"  ><div class='avia-image-container-inner'><div class='avia-image-overlay-wrap'><img decoding=\"async\" class='wp-image-4945 avia-img-lazy-loading-not-4945 avia_image' src=\"https:\/\/radiorevelacionfm.cl\/wp-content\/uploads\/2021\/06\/Evidencia-CHCH-1-1.jpg\" alt='' title='Evidencia CHCH (1) (1)' height=\"600\" width=\"567\"  itemprop=\"thumbnailUrl\" srcset=\"https:\/\/radiorevelacionfm.cl\/wp-content\/uploads\/2021\/06\/Evidencia-CHCH-1-1.jpg 567w, https:\/\/radiorevelacionfm.cl\/wp-content\/uploads\/2021\/06\/Evidencia-CHCH-1-1-284x300.jpg 284w\" sizes=\"(max-width: 567px) 100vw, 567px\" \/><\/div><\/div><\/div><\/div><div class=\"flex_column av_one_full  flex_column_div av-zero-column-padding first  avia-builder-el-2  el_after_av_one_full  el_before_av_one_full  column-top-margin\" style='border-radius:0px; '><section class=\"av_textblock_section \"  itemscope=\"itemscope\" itemtype=\"https:\/\/schema.org\/BlogPosting\" itemprop=\"blogPost\" ><div class='avia_textblock  '   itemprop=\"text\" ><p style=\"text-align: center;\"><strong><span style=\"font-size: 18pt;\">Decomisan m\u00e1s de 1 kilo 400 gramos de cannabis sativa al interior de un galp\u00f3n cerca de Mall\u00edn Grande<\/span><\/strong><\/p>\n<div id=\"gtx-trans\" style=\"position: absolute; left: -50px; top: 4.31534px;\">\n<div class=\"gtx-trans-icon\"><\/div>\n<\/div>\n<\/div><\/section><\/div><div class=\"flex_column av_one_full  flex_column_div av-zero-column-padding first  avia-builder-el-4  el_after_av_one_full  el_before_av_hr  column-top-margin\" style='border-radius:0px; '><section class=\"av_textblock_section \"  itemscope=\"itemscope\" itemtype=\"https:\/\/schema.org\/BlogPosting\" itemprop=\"blogPost\" ><div class='avia_textblock  '   itemprop=\"text\" ><p class=\"v1MsoNormal\" style=\"text-align: justify;\">Indagatorias desarrolladas por personal de la Secci\u00f3n de Investigaci\u00f3n Policial (S.I.P) de dotaci\u00f3n de la Tercera Comisar\u00eda de Chile Chico (F) en coordinaci\u00f3n con la Fiscal\u00eda local de esta ciudad, permiti\u00f3 el decomiso de 1 kilo 425 grs de cannabis sativa.<\/p>\n<p class=\"v1MsoNormal\" style=\"text-align: justify;\">El procedimiento se gest\u00f3 en virtud de un antecedente obtenido por el personal especializado, quienes -en virtud de una orden judicial- llegaron hasta un predio rural ubicado en el sector Mall\u00edn Grande.<\/p>\n<p class=\"v1MsoNormal\" style=\"text-align: justify;\">Tras el ingreso, el personal de la S.I.P de dotaci\u00f3n de la Tercera Comisar\u00eda de esta ciudad, efectu\u00f3 el hallazgo de un balde de material pl\u00e1stico, el cual conten\u00eda en su interior una sustancia vegetal de color verde, con caracter\u00edsticas similares a cannabis sativa, el cual se encontraba al interior de un gal\u00f3n que era ocupado como habitaci\u00f3n por parte de un cuidador.<\/p>\n<p class=\"v1MsoNormal\" style=\"text-align: justify;\">Luego de efectuada la prueba de campo, la sustancia vegetal arroj\u00f3 coloraci\u00f3n positiva a la presencia de tetrahidrocannabinol (THC) correspondiendo al agente psicoactivo del cannabis.<\/p>\n<p style=\"text-align: justify;\">En virtud de lo anterior, la S.I.P decomis\u00f3 la droga antes mencionada, antecedentes que fueron puestos en conocimiento de la Fiscal\u00eda que dirige la investigaci\u00f3n, mientras que el personal especializado contin\u00faa el desarrollo de m\u00faltiples diligencias de su especialidad orientadas a dar con el paradero de quienes est\u00e1n detr\u00e1s de la droga para lograr el esclarecimiento de este hecho.<\/p>\n<\/div><\/section><\/div><div  style='height:50px' class='hr hr-invisible   avia-builder-el-6  el_after_av_one_full  el_before_av_social_share '><span class='hr-inner ' ><span class='hr-inner-style'><\/span><\/span><\/div><\/p>\n<div  class='av-social-sharing-box  avia-builder-el-7  el_after_av_hr  el_before_av_hr  '><div class='av-share-box'><h5 class='av-share-link-description av-no-toc '>Compartir esta noticia<\/h5><ul class='av-share-box-list noLightbox'><li class='av-share-link av-social-link-facebook' ><a target=\"_blank\" aria-label=\"Compartir en Facebook\" href='https:\/\/www.facebook.com\/sharer.php?u=https:\/\/radiorevelacionfm.cl\/?p=4944&#038;t=Decomisan%20m%C3%A1s%20de%201%20kilo%20400%20gramos%20de%20cannabis%20sativa%20al%20interior%20de%20un%20galp%C3%B3n%20cerca%20de%20Mall%C3%ADn%20Grande' aria-hidden='false' data-av_icon='\ue8f3' data-av_iconfont='entypo-fontello' title='' data-avia-related-tooltip='Compartir en Facebook' rel=\"noopener\"><span class='avia_hidden_link_text'>Compartir en Facebook<\/span><\/a><\/li><li class='av-share-link av-social-link-twitter' ><a target=\"_blank\" aria-label=\"Compartir en Twitter\" href='https:\/\/twitter.com\/share?text=Decomisan%20m%C3%A1s%20de%201%20kilo%20400%20gramos%20de%20cannabis%20sativa%20al%20interior%20de%20un%20galp%C3%B3n%20cerca%20de%20Mall%C3%ADn%20Grande&#038;url=https:\/\/radiorevelacionfm.cl\/?p=4944' aria-hidden='false' data-av_icon='\ue8f1' data-av_iconfont='entypo-fontello' title='' data-avia-related-tooltip='Compartir en Twitter' rel=\"noopener\"><span class='avia_hidden_link_text'>Compartir en Twitter<\/span><\/a><\/li><li class='av-share-link av-social-link-whatsapp' ><a target=\"_blank\" aria-label=\"Compartir en Whatsapp\" href='https:\/\/api.whatsapp.com\/send?text=https:\/\/radiorevelacionfm.cl\/?p=4944' aria-hidden='false' data-av_icon='\uf232' data-av_iconfont='entypo-fontello' title='' data-avia-related-tooltip='Compartir en Whatsapp' rel=\"noopener\"><span class='avia_hidden_link_text'>Compartir en Whatsapp<\/span><\/a><\/li><li class='av-share-link av-social-link-linkedin' ><a target=\"_blank\" aria-label=\"Compartir en LinkedIn\" href='https:\/\/linkedin.com\/shareArticle?mini=true&#038;title=Decomisan%20m%C3%A1s%20de%201%20kilo%20400%20gramos%20de%20cannabis%20sativa%20al%20interior%20de%20un%20galp%C3%B3n%20cerca%20de%20Mall%C3%ADn%20Grande&#038;url=https:\/\/radiorevelacionfm.cl\/?p=4944' aria-hidden='false' data-av_icon='\ue8fc' data-av_iconfont='entypo-fontello' title='' data-avia-related-tooltip='Compartir en LinkedIn' rel=\"noopener\"><span class='avia_hidden_link_text'>Compartir en LinkedIn<\/span><\/a><\/li><li class='av-share-link av-social-link-mail' ><a  aria-label=\"Compartir por correo\" href='mailto:?subject=Decomisan%20m%C3%A1s%20de%201%20kilo%20400%20gramos%20de%20cannabis%20sativa%20al%20interior%20de%20un%20galp%C3%B3n%20cerca%20de%20Mall%C3%ADn%20Grande&#038;body=https:\/\/radiorevelacionfm.cl\/?p=4944' aria-hidden='false' data-av_icon='\ue805' data-av_iconfont='entypo-fontello' title='' data-avia-related-tooltip='Compartir por correo'><span class='avia_hidden_link_text'>Compartir por correo<\/span><\/a><\/li><\/ul><\/div><\/div>\n<div  style='height:50px' class='hr hr-invisible   avia-builder-el-8  el_after_av_social_share  el_before_av_comments_list '><span class='hr-inner ' ><span class='hr-inner-style'><\/span><\/span><\/div>\n<div  class='av-buildercomment  av-blog-meta-html-info-disabled av-blog-meta-tag-disabled  '><\/div>\n","protected":false},"excerpt":{"rendered":"","protected":false},"author":1,"featured_media":4948,"comment_status":"open","ping_status":"open","sticky":false,"template":"","format":"standard","meta":{"footnotes":""},"categories":[36],"tags":[],"class_list":["post-4944","post","type-post","status-publish","format-standard","has-post-thumbnail","hentry","category-policial"],"jetpack_featured_media_url":"https:\/\/radiorevelacionfm.cl\/wp-content\/uploads\/2021\/06\/Evidencia-CHCH-2-2-1.jpg","_links":{"self":[{"href":"https:\/\/radiorevelacionfm.cl\/index.php?rest_route=\/wp\/v2\/posts\/4944","targetHints":{"allow":["GET"]}}],"collection":[{"href":"https:\/\/radiorevelacionfm.cl\/index.php?rest_route=\/wp\/v2\/posts"}],"about":[{"href":"https:\/\/radiorevelacionfm.cl\/index.php?rest_route=\/wp\/v2\/types\/post"}],"author":[{"embeddable":true,"href":"https:\/\/radiorevelacionfm.cl\/index.php?rest_route=\/wp\/v2\/users\/1"}],"replies":[{"embeddable":true,"href":"https:\/\/radiorevelacionfm.cl\/index.php?rest_route=%2Fwp%2Fv2%2Fcomments&post=4944"}],"version-history":[{"count":1,"href":"https:\/\/radiorevelacionfm.cl\/index.php?rest_route=\/wp\/v2\/posts\/4944\/revisions"}],"predecessor-version":[{"id":4946,"href":"https:\/\/radiorevelacionfm.cl\/index.php?rest_route=\/wp\/v2\/posts\/4944\/revisions\/4946"}],"wp:featuredmedia":[{"embeddable":true,"href":"https:\/\/radiorevelacionfm.cl\/index.php?rest_route=\/wp\/v2\/media\/4948"}],"wp:attachment":[{"href":"https:\/\/radiorevelacionfm.cl\/index.php?rest_route=%2Fwp%2Fv2%2Fmedia&parent=4944"}],"wp:term":[{"taxonomy":"category","embeddable":true,"href":"https:\/\/radiorevelacionfm.cl\/index.php?rest_route=%2Fwp%2Fv2%2Fcategories&post=4944"},{"taxonomy":"post_tag","embeddable":true,"href":"https:\/\/radiorevelacionfm.cl\/index.php?rest_route=%2Fwp%2Fv2%2Ftags&post=4944"}],"curies":[{"name":"wp","href":"https:\/\/api.w.org\/{rel}","templated":true}]}}