{"id":49437,"date":"2025-01-07T20:23:35","date_gmt":"2025-01-07T23:23:35","guid":{"rendered":"https:\/\/radiorevelacionfm.cl\/?p=49437"},"modified":"2025-01-07T20:23:35","modified_gmt":"2025-01-07T23:23:35","slug":"instalan-totem-de-carga-gratuita-para-telefonos-en-el-museo-regional-de-aysen","status":"publish","type":"post","link":"https:\/\/radiorevelacionfm.cl\/?p=49437","title":{"rendered":"Instalan t\u00f3tem de carga gratuita para tel\u00e9fonos en el Museo Regional de Ays\u00e9n"},"content":{"rendered":"<div class=\"flex_column av_one_full  flex_column_div av-zero-column-padding first  avia-builder-el-0  el_before_av_one_full  avia-builder-el-first  \" style='border-radius:0px; '><div  class='avia-image-container  av-styling-    avia-builder-el-1  avia-builder-el-no-sibling  avia-align-center '  itemprop=\"image\" itemscope=\"itemscope\" itemtype=\"https:\/\/schema.org\/ImageObject\"  ><div class='avia-image-container-inner'><div class='avia-image-overlay-wrap'><img decoding=\"async\" class='wp-image-49438 avia-img-lazy-loading-not-49438 avia_image' src=\"https:\/\/radiorevelacionfm.cl\/wp-content\/uploads\/2025\/01\/Totem-Museo0-1-1.jpeg\" alt='' title='T\u00f3tem Museo0 (1) (1)' height=\"600\" width=\"800\"  itemprop=\"thumbnailUrl\" srcset=\"https:\/\/radiorevelacionfm.cl\/wp-content\/uploads\/2025\/01\/Totem-Museo0-1-1.jpeg 800w, https:\/\/radiorevelacionfm.cl\/wp-content\/uploads\/2025\/01\/Totem-Museo0-1-1-300x225.jpeg 300w, https:\/\/radiorevelacionfm.cl\/wp-content\/uploads\/2025\/01\/Totem-Museo0-1-1-768x576.jpeg 768w, https:\/\/radiorevelacionfm.cl\/wp-content\/uploads\/2025\/01\/Totem-Museo0-1-1-705x529.jpeg 705w, https:\/\/radiorevelacionfm.cl\/wp-content\/uploads\/2025\/01\/Totem-Museo0-1-1-450x338.jpeg 450w, https:\/\/radiorevelacionfm.cl\/wp-content\/uploads\/2025\/01\/Totem-Museo0-1-1-600x450.jpeg 600w\" sizes=\"(max-width: 800px) 100vw, 800px\" \/><\/div><\/div><\/div><\/div><div class=\"flex_column av_one_full  flex_column_div av-zero-column-padding first  avia-builder-el-2  el_after_av_one_full  el_before_av_one_full  column-top-margin\" style='border-radius:0px; '><section class=\"av_textblock_section \"  itemscope=\"itemscope\" itemtype=\"https:\/\/schema.org\/BlogPosting\" itemprop=\"blogPost\" ><div class='avia_textblock  '   itemprop=\"text\" ><p style=\"text-align: center;\"><strong><span style=\"font-size: 18pt;\">Instalan t\u00f3tem de carga gratuita para tel\u00e9fonos en el Museo Regional de Ays\u00e9n<\/span><\/strong><\/p>\n<div id=\"gtx-trans\" style=\"position: absolute; left: -50px; top: 4.31534px;\">\n<div class=\"gtx-trans-icon\"><\/div>\n<\/div>\n<\/div><\/section><\/div><div class=\"flex_column av_one_full  flex_column_div av-zero-column-padding first  avia-builder-el-4  el_after_av_one_full  el_before_av_hr  column-top-margin\" style='border-radius:0px; '><section class=\"av_textblock_section \"  itemscope=\"itemscope\" itemtype=\"https:\/\/schema.org\/BlogPosting\" itemprop=\"blogPost\" ><div class='avia_textblock  '   itemprop=\"text\" ><p style=\"text-align: justify;\">Como parte de su compromiso con la comunidad, Edelaysen instal\u00f3 recientemente un t\u00f3tem de recarga gratuita en el Museo Regional de Ays\u00e9n, ubicado en la comuna de Coyhaique. Esta iniciativa permitir\u00e1 a los visitantes cargar sus dispositivos m\u00f3viles mientras disfrutan de las actividades culturales y eventos que se realizan en este espacio patrimonial de la regi\u00f3n.<\/p>\n<p style=\"text-align: justify;\">La incorporaci\u00f3n del t\u00f3tem no solo representa un aporte pr\u00e1ctico para quienes visitan el museo, sino que tambi\u00e9n busca fortalecer el v\u00ednculo entre la tecnolog\u00eda y la cultura local, ofreciendo la accesibilidad en un entorno que refleja la riqueza hist\u00f3rica y cultural de la regi\u00f3n de Ays\u00e9n.<\/p>\n<p style=\"text-align: justify;\">Yasna Vera, ejecutiva de Edelaysen, resalt\u00f3 la importancia de esta acci\u00f3n como parte de los esfuerzos de la empresa por contribuir al bienestar de la comunidad. \u201cEn Edelaysen trabajamos constantemente para impulsar iniciativas que combinen innovaci\u00f3n, sostenibilidad y desarrollo de espacios p\u00fablicos. Este t\u00f3tem de recarga es una muestra de c\u00f3mo la tecnolog\u00eda puede integrarse a la cultura, mejorando la experiencia de quienes visitan el Museo Regional de Ays\u00e9n y fortaleciendo nuestro compromiso con la regi\u00f3n\u201d.<\/p>\n<p style=\"text-align: justify;\">Se trata de un t\u00f3tem con 6 cajas tipo locker para cargar los dispositivos m\u00f3viles con diferentes modelos de USB, los cuales se cierran con una moneda, donde el cliente puede utilizar este espacio y guardar la llave hasta que complete la bater\u00eda del dispositivo.<\/p>\n<p style=\"text-align: justify;\">\u00c1ngela Morales, encargada de Desarrollo Institucional del Museo Regional de Ays\u00e9n destac\u00f3 que: \u201cEstamos muy contentos porque viene en directo beneficio de los visitantes del museo. Es una solicitud constante que nos realizan muchas veces y que por supuesto, mejora la experiencia de los asistentes porque tenemos servicios por ejemplo como de audio gu\u00edas que se ven a trav\u00e9s del celular y tener la posibilidad de cargarlos ac\u00e1 en el mismo lugar facilita mucho m\u00e1s la experiencia de quienes nos visitan as\u00ed que estamos muy agradecidos de esta donaci\u00f3n y esperamos que sea tambi\u00e9n muy bien utilizada por quienes ingresen al museo\u201d.<\/p>\n<p style=\"text-align: justify;\">Edelaysen invita a la comunidad a conocer y disfrutar de esta nueva experiencia en el Museo Regional, reafirmando su compromiso de aportar a iniciativas que promuevan la cultura, el desarrollo sostenible y el bienestar de la regi\u00f3n.<\/p>\n<p style=\"text-align: justify;\"><strong>\u00a0<\/strong><\/p>\n<p style=\"text-align: justify;\"><strong>\u00a0<\/strong><\/p>\n<p style=\"text-align: justify;\"><strong>\u00a0<\/strong><\/p>\n<\/div><\/section><\/div><div  style='height:50px' class='hr hr-invisible   avia-builder-el-6  el_after_av_one_full  el_before_av_social_share '><span class='hr-inner ' ><span class='hr-inner-style'><\/span><\/span><\/div><\/p>\n<div  class='av-social-sharing-box  avia-builder-el-7  el_after_av_hr  el_before_av_hr  '><div class='av-share-box'><h5 class='av-share-link-description av-no-toc '>Compartir esta noticia<\/h5><ul class='av-share-box-list noLightbox'><li class='av-share-link av-social-link-facebook' ><a target=\"_blank\" aria-label=\"Compartir en Facebook\" href='https:\/\/www.facebook.com\/sharer.php?u=https:\/\/radiorevelacionfm.cl\/?p=49437&#038;t=Instalan%20t%C3%B3tem%20de%20carga%20gratuita%20para%20tel%C3%A9fonos%20en%20el%20Museo%20Regional%20de%20Ays%C3%A9n' aria-hidden='false' data-av_icon='\ue8f3' data-av_iconfont='entypo-fontello' title='' data-avia-related-tooltip='Compartir en Facebook' rel=\"noopener\"><span class='avia_hidden_link_text'>Compartir en Facebook<\/span><\/a><\/li><li class='av-share-link av-social-link-twitter' ><a target=\"_blank\" aria-label=\"Compartir en Twitter\" href='https:\/\/twitter.com\/share?text=Instalan%20t%C3%B3tem%20de%20carga%20gratuita%20para%20tel%C3%A9fonos%20en%20el%20Museo%20Regional%20de%20Ays%C3%A9n&#038;url=https:\/\/radiorevelacionfm.cl\/?p=49437' aria-hidden='false' data-av_icon='\ue8f1' data-av_iconfont='entypo-fontello' title='' data-avia-related-tooltip='Compartir en Twitter' rel=\"noopener\"><span class='avia_hidden_link_text'>Compartir en Twitter<\/span><\/a><\/li><li class='av-share-link av-social-link-whatsapp' ><a target=\"_blank\" aria-label=\"Compartir en Whatsapp\" href='https:\/\/api.whatsapp.com\/send?text=https:\/\/radiorevelacionfm.cl\/?p=49437' aria-hidden='false' data-av_icon='\uf232' data-av_iconfont='entypo-fontello' title='' data-avia-related-tooltip='Compartir en Whatsapp' rel=\"noopener\"><span class='avia_hidden_link_text'>Compartir en Whatsapp<\/span><\/a><\/li><li class='av-share-link av-social-link-linkedin' ><a target=\"_blank\" aria-label=\"Compartir en LinkedIn\" href='https:\/\/linkedin.com\/shareArticle?mini=true&#038;title=Instalan%20t%C3%B3tem%20de%20carga%20gratuita%20para%20tel%C3%A9fonos%20en%20el%20Museo%20Regional%20de%20Ays%C3%A9n&#038;url=https:\/\/radiorevelacionfm.cl\/?p=49437' aria-hidden='false' data-av_icon='\ue8fc' data-av_iconfont='entypo-fontello' title='' data-avia-related-tooltip='Compartir en LinkedIn' rel=\"noopener\"><span class='avia_hidden_link_text'>Compartir en LinkedIn<\/span><\/a><\/li><li class='av-share-link av-social-link-mail' ><a  aria-label=\"Compartir por correo\" href='mailto:?subject=Instalan%20t%C3%B3tem%20de%20carga%20gratuita%20para%20tel%C3%A9fonos%20en%20el%20Museo%20Regional%20de%20Ays%C3%A9n&#038;body=https:\/\/radiorevelacionfm.cl\/?p=49437' aria-hidden='false' data-av_icon='\ue805' data-av_iconfont='entypo-fontello' title='' data-avia-related-tooltip='Compartir por correo'><span class='avia_hidden_link_text'>Compartir por correo<\/span><\/a><\/li><\/ul><\/div><\/div>\n<div  style='height:50px' class='hr hr-invisible   avia-builder-el-8  el_after_av_social_share  el_before_av_comments_list '><span class='hr-inner ' ><span class='hr-inner-style'><\/span><\/span><\/div>\n<div  class='av-buildercomment  av-blog-meta-html-info-disabled av-blog-meta-tag-disabled  '><\/div>\n","protected":false},"excerpt":{"rendered":"","protected":false},"author":1,"featured_media":49438,"comment_status":"open","ping_status":"open","sticky":false,"template":"","format":"standard","meta":{"footnotes":""},"categories":[38],"tags":[],"class_list":["post-49437","post","type-post","status-publish","format-standard","has-post-thumbnail","hentry","category-regional"],"jetpack_featured_media_url":"https:\/\/radiorevelacionfm.cl\/wp-content\/uploads\/2025\/01\/Totem-Museo0-1-1.jpeg","_links":{"self":[{"href":"https:\/\/radiorevelacionfm.cl\/index.php?rest_route=\/wp\/v2\/posts\/49437","targetHints":{"allow":["GET"]}}],"collection":[{"href":"https:\/\/radiorevelacionfm.cl\/index.php?rest_route=\/wp\/v2\/posts"}],"about":[{"href":"https:\/\/radiorevelacionfm.cl\/index.php?rest_route=\/wp\/v2\/types\/post"}],"author":[{"embeddable":true,"href":"https:\/\/radiorevelacionfm.cl\/index.php?rest_route=\/wp\/v2\/users\/1"}],"replies":[{"embeddable":true,"href":"https:\/\/radiorevelacionfm.cl\/index.php?rest_route=%2Fwp%2Fv2%2Fcomments&post=49437"}],"version-history":[{"count":1,"href":"https:\/\/radiorevelacionfm.cl\/index.php?rest_route=\/wp\/v2\/posts\/49437\/revisions"}],"predecessor-version":[{"id":49439,"href":"https:\/\/radiorevelacionfm.cl\/index.php?rest_route=\/wp\/v2\/posts\/49437\/revisions\/49439"}],"wp:featuredmedia":[{"embeddable":true,"href":"https:\/\/radiorevelacionfm.cl\/index.php?rest_route=\/wp\/v2\/media\/49438"}],"wp:attachment":[{"href":"https:\/\/radiorevelacionfm.cl\/index.php?rest_route=%2Fwp%2Fv2%2Fmedia&parent=49437"}],"wp:term":[{"taxonomy":"category","embeddable":true,"href":"https:\/\/radiorevelacionfm.cl\/index.php?rest_route=%2Fwp%2Fv2%2Fcategories&post=49437"},{"taxonomy":"post_tag","embeddable":true,"href":"https:\/\/radiorevelacionfm.cl\/index.php?rest_route=%2Fwp%2Fv2%2Ftags&post=49437"}],"curies":[{"name":"wp","href":"https:\/\/api.w.org\/{rel}","templated":true}]}}