{"id":49435,"date":"2025-01-07T17:22:32","date_gmt":"2025-01-07T20:22:32","guid":{"rendered":"https:\/\/radiorevelacionfm.cl\/?p=49435"},"modified":"2025-01-07T17:22:32","modified_gmt":"2025-01-07T20:22:32","slug":"en-prision-preventiva-quedo-imputado-por-el-delito-de-abuso-sexual-contra-nina-de-cinco-anos","status":"publish","type":"post","link":"https:\/\/radiorevelacionfm.cl\/?p=49435","title":{"rendered":"En prisi\u00f3n preventiva qued\u00f3 imputado por el delito de abuso sexual contra ni\u00f1a de cinco a\u00f1os"},"content":{"rendered":"<div class=\"flex_column av_one_full  flex_column_div av-zero-column-padding first  avia-builder-el-0  el_before_av_one_full  avia-builder-el-first  \" style='border-radius:0px; '><div  class='avia-image-container  av-styling-    avia-builder-el-1  avia-builder-el-no-sibling  avia-align-center '  itemprop=\"image\" itemscope=\"itemscope\" itemtype=\"https:\/\/schema.org\/ImageObject\"  ><div class='avia-image-container-inner'><div class='avia-image-overlay-wrap'><img decoding=\"async\" class='wp-image-8122 avia-img-lazy-loading-not-8122 avia_image' src=\"https:\/\/radiorevelacionfm.cl\/wp-content\/uploads\/2021\/08\/Imagen-referencial-PDI-003-1-1.jpg\" alt='' title='Imagen referencial PDI 003 (1) (1)' height=\"600\" width=\"903\"  itemprop=\"thumbnailUrl\" srcset=\"https:\/\/radiorevelacionfm.cl\/wp-content\/uploads\/2021\/08\/Imagen-referencial-PDI-003-1-1.jpg 903w, https:\/\/radiorevelacionfm.cl\/wp-content\/uploads\/2021\/08\/Imagen-referencial-PDI-003-1-1-300x199.jpg 300w, https:\/\/radiorevelacionfm.cl\/wp-content\/uploads\/2021\/08\/Imagen-referencial-PDI-003-1-1-768x510.jpg 768w, https:\/\/radiorevelacionfm.cl\/wp-content\/uploads\/2021\/08\/Imagen-referencial-PDI-003-1-1-705x468.jpg 705w, https:\/\/radiorevelacionfm.cl\/wp-content\/uploads\/2021\/08\/Imagen-referencial-PDI-003-1-1-600x399.jpg 600w\" sizes=\"(max-width: 903px) 100vw, 903px\" \/><\/div><\/div><\/div><\/div><div class=\"flex_column av_one_full  flex_column_div av-zero-column-padding first  avia-builder-el-2  el_after_av_one_full  el_before_av_one_full  column-top-margin\" style='border-radius:0px; '><section class=\"av_textblock_section \"  itemscope=\"itemscope\" itemtype=\"https:\/\/schema.org\/BlogPosting\" itemprop=\"blogPost\" ><div class='avia_textblock  '   itemprop=\"text\" ><p style=\"text-align: center;\"><strong><span style=\"font-size: 18pt;\">En prisi\u00f3n preventiva qued\u00f3 imputado por el delito de abuso sexual contra ni\u00f1a de cinco a\u00f1os<\/span><\/strong><\/p>\n<div id=\"gtx-trans\" style=\"position: absolute; left: -50px; top: 4.31534px;\">\n<div class=\"gtx-trans-icon\"><\/div>\n<\/div>\n<\/div><\/section><\/div><div class=\"flex_column av_one_full  flex_column_div av-zero-column-padding first  avia-builder-el-4  el_after_av_one_full  el_before_av_hr  column-top-margin\" style='border-radius:0px; '><section class=\"av_textblock_section \"  itemscope=\"itemscope\" itemtype=\"https:\/\/schema.org\/BlogPosting\" itemprop=\"blogPost\" ><div class='avia_textblock  '   itemprop=\"text\" ><p style=\"text-align: justify;\">En un trabajo mancomunado entre la Polic\u00eda de Investigaciones de Chile y el Ministerio P\u00fablico, detectives de la Brigada Investigadora de Delitos Sexuales (BRISEX) Coyhaique lograron la detenci\u00f3n de un hombre de 55 a\u00f1os, imputado por el delito de abuso sexual en contra de una ni\u00f1a de cinco a\u00f1os de edad, hechos que habr\u00edan ocurrido en v\u00edsperas de Navidad en el domicilio de una familia en la comuna de Coyhaique.<\/p>\n<p style=\"text-align: justify;\">Al respecto, el jefe de la BRISEX Coyhaique, comisario Fernando \u00c1lvarez Jeldes, se\u00f1al\u00f3 que, desde el d\u00eda de la denuncia, el personal especializado comenz\u00f3 inmediatamente el trabajo investigativo, \u201ca ra\u00edz de las primeras diligencias que nos encomend\u00f3 la Fiscal\u00eda Local de Coyhaique, realizamos las diligencias investigativas para poder dar con la identificaci\u00f3n de este sujeto, tales como entrevistas, empadronamiento, an\u00e1lisis de informaci\u00f3n, entre otros, donde tambi\u00e9n nos ayud\u00f3 mucho la informaci\u00f3n que nos brindaron las redes sociales\u201d.<\/p>\n<p style=\"text-align: justify;\">Fue as\u00ed que, la tarde de este lunes, \u201cen base a los antecedentes que manej\u00e1bamos de la ubicaci\u00f3n de este sujeto, pudimos dar con \u00e9l en la v\u00eda p\u00fablica, espec\u00edficamente, en Calle Ej\u00e9rcito, donde fue detenido por funcionarios de esta brigada y el d\u00eda de hoy fue puesto a disposici\u00f3n del Juzgado de Garant\u00eda de Coyhaique\u201d, puntualiz\u00f3 el oficial policial.<\/p>\n<p style=\"text-align: justify;\"><strong>Audiencia<\/strong><\/p>\n<p style=\"text-align: justify;\">Este martes, tras la detenci\u00f3n del imputado, el fiscal Luis Contreras Alfaro precis\u00f3 que \u201cse llev\u00f3 a cabo la audiencia de control de detenci\u00f3n y formalizaci\u00f3n de un imputado de sexo masculino, respecto de quien la Fiscal\u00eda requiri\u00f3 una orden de detenci\u00f3n. Esta persona fue sindicada como autor de un delito de abuso sexual en perjuicio de una ni\u00f1a de cinco a\u00f1os de edad, hechos cometidos en el domicilio de la misma el d\u00eda 24 de diciembre del a\u00f1o 2024\u201d.<\/p>\n<p style=\"text-align: justify;\">El persecutor penal indic\u00f3 que \u201ca requerimiento de la Fiscal\u00eda, se pidi\u00f3 al Tribunal la prisi\u00f3n preventiva de esta persona y se otorg\u00f3 por parte del Tribunal la misma, estim\u00e1ndose que la libertad del imputado constituye un peligro para la sociedad y la v\u00edctima, fij\u00e1ndose un plazo de 65 d\u00edas de investigaci\u00f3n para las diligencias pendientes\u201d.<\/p>\n<p style=\"text-align: justify;\"><strong>\u00a0<\/strong><\/p>\n<\/div><\/section><\/div><div  style='height:50px' class='hr hr-invisible   avia-builder-el-6  el_after_av_one_full  el_before_av_social_share '><span class='hr-inner ' ><span class='hr-inner-style'><\/span><\/span><\/div><\/p>\n<div  class='av-social-sharing-box  avia-builder-el-7  el_after_av_hr  el_before_av_hr  '><div class='av-share-box'><h5 class='av-share-link-description av-no-toc '>Compartir esta noticia<\/h5><ul class='av-share-box-list noLightbox'><li class='av-share-link av-social-link-facebook' ><a target=\"_blank\" aria-label=\"Compartir en Facebook\" href='https:\/\/www.facebook.com\/sharer.php?u=https:\/\/radiorevelacionfm.cl\/?p=49435&#038;t=En%20prisi%C3%B3n%20preventiva%20qued%C3%B3%20imputado%20por%20el%20delito%20de%20abuso%20sexual%20contra%20ni%C3%B1a%20de%20cinco%20a%C3%B1os' aria-hidden='false' data-av_icon='\ue8f3' data-av_iconfont='entypo-fontello' title='' data-avia-related-tooltip='Compartir en Facebook' rel=\"noopener\"><span class='avia_hidden_link_text'>Compartir en Facebook<\/span><\/a><\/li><li class='av-share-link av-social-link-twitter' ><a target=\"_blank\" aria-label=\"Compartir en Twitter\" href='https:\/\/twitter.com\/share?text=En%20prisi%C3%B3n%20preventiva%20qued%C3%B3%20imputado%20por%20el%20delito%20de%20abuso%20sexual%20contra%20ni%C3%B1a%20de%20cinco%20a%C3%B1os&#038;url=https:\/\/radiorevelacionfm.cl\/?p=49435' aria-hidden='false' data-av_icon='\ue8f1' data-av_iconfont='entypo-fontello' title='' data-avia-related-tooltip='Compartir en Twitter' rel=\"noopener\"><span class='avia_hidden_link_text'>Compartir en Twitter<\/span><\/a><\/li><li class='av-share-link av-social-link-whatsapp' ><a target=\"_blank\" aria-label=\"Compartir en Whatsapp\" href='https:\/\/api.whatsapp.com\/send?text=https:\/\/radiorevelacionfm.cl\/?p=49435' aria-hidden='false' data-av_icon='\uf232' data-av_iconfont='entypo-fontello' title='' data-avia-related-tooltip='Compartir en Whatsapp' rel=\"noopener\"><span class='avia_hidden_link_text'>Compartir en Whatsapp<\/span><\/a><\/li><li class='av-share-link av-social-link-linkedin' ><a target=\"_blank\" aria-label=\"Compartir en LinkedIn\" href='https:\/\/linkedin.com\/shareArticle?mini=true&#038;title=En%20prisi%C3%B3n%20preventiva%20qued%C3%B3%20imputado%20por%20el%20delito%20de%20abuso%20sexual%20contra%20ni%C3%B1a%20de%20cinco%20a%C3%B1os&#038;url=https:\/\/radiorevelacionfm.cl\/?p=49435' aria-hidden='false' data-av_icon='\ue8fc' data-av_iconfont='entypo-fontello' title='' data-avia-related-tooltip='Compartir en LinkedIn' rel=\"noopener\"><span class='avia_hidden_link_text'>Compartir en LinkedIn<\/span><\/a><\/li><li class='av-share-link av-social-link-mail' ><a  aria-label=\"Compartir por correo\" href='mailto:?subject=En%20prisi%C3%B3n%20preventiva%20qued%C3%B3%20imputado%20por%20el%20delito%20de%20abuso%20sexual%20contra%20ni%C3%B1a%20de%20cinco%20a%C3%B1os&#038;body=https:\/\/radiorevelacionfm.cl\/?p=49435' aria-hidden='false' data-av_icon='\ue805' data-av_iconfont='entypo-fontello' title='' data-avia-related-tooltip='Compartir por correo'><span class='avia_hidden_link_text'>Compartir por correo<\/span><\/a><\/li><\/ul><\/div><\/div>\n<div  style='height:50px' class='hr hr-invisible   avia-builder-el-8  el_after_av_social_share  el_before_av_comments_list '><span class='hr-inner ' ><span class='hr-inner-style'><\/span><\/span><\/div>\n<div  class='av-buildercomment  av-blog-meta-html-info-disabled av-blog-meta-tag-disabled  '><\/div>\n","protected":false},"excerpt":{"rendered":"","protected":false},"author":1,"featured_media":8122,"comment_status":"open","ping_status":"open","sticky":false,"template":"","format":"standard","meta":{"footnotes":""},"categories":[36],"tags":[],"class_list":["post-49435","post","type-post","status-publish","format-standard","has-post-thumbnail","hentry","category-policial"],"jetpack_featured_media_url":"https:\/\/radiorevelacionfm.cl\/wp-content\/uploads\/2021\/08\/Imagen-referencial-PDI-003-1-1.jpg","_links":{"self":[{"href":"https:\/\/radiorevelacionfm.cl\/index.php?rest_route=\/wp\/v2\/posts\/49435","targetHints":{"allow":["GET"]}}],"collection":[{"href":"https:\/\/radiorevelacionfm.cl\/index.php?rest_route=\/wp\/v2\/posts"}],"about":[{"href":"https:\/\/radiorevelacionfm.cl\/index.php?rest_route=\/wp\/v2\/types\/post"}],"author":[{"embeddable":true,"href":"https:\/\/radiorevelacionfm.cl\/index.php?rest_route=\/wp\/v2\/users\/1"}],"replies":[{"embeddable":true,"href":"https:\/\/radiorevelacionfm.cl\/index.php?rest_route=%2Fwp%2Fv2%2Fcomments&post=49435"}],"version-history":[{"count":1,"href":"https:\/\/radiorevelacionfm.cl\/index.php?rest_route=\/wp\/v2\/posts\/49435\/revisions"}],"predecessor-version":[{"id":49436,"href":"https:\/\/radiorevelacionfm.cl\/index.php?rest_route=\/wp\/v2\/posts\/49435\/revisions\/49436"}],"wp:featuredmedia":[{"embeddable":true,"href":"https:\/\/radiorevelacionfm.cl\/index.php?rest_route=\/wp\/v2\/media\/8122"}],"wp:attachment":[{"href":"https:\/\/radiorevelacionfm.cl\/index.php?rest_route=%2Fwp%2Fv2%2Fmedia&parent=49435"}],"wp:term":[{"taxonomy":"category","embeddable":true,"href":"https:\/\/radiorevelacionfm.cl\/index.php?rest_route=%2Fwp%2Fv2%2Fcategories&post=49435"},{"taxonomy":"post_tag","embeddable":true,"href":"https:\/\/radiorevelacionfm.cl\/index.php?rest_route=%2Fwp%2Fv2%2Ftags&post=49435"}],"curies":[{"name":"wp","href":"https:\/\/api.w.org\/{rel}","templated":true}]}}