{"id":49432,"date":"2025-01-07T17:03:03","date_gmt":"2025-01-07T20:03:03","guid":{"rendered":"https:\/\/radiorevelacionfm.cl\/?p=49432"},"modified":"2025-01-13T19:03:22","modified_gmt":"2025-01-13T22:03:22","slug":"declaracion-publica-ante-maltrato-ejercido-por-ex-directora-de-sernameg-aysen-dona-elizabeth-gutierrez-eggers","status":"publish","type":"post","link":"https:\/\/radiorevelacionfm.cl\/?p=49432","title":{"rendered":"Declaraci\u00f3n P\u00fablica ante maltrato ejercido por ex Directora de SernamEG Ays\u00e9n, do\u00f1a Elizabeth Guti\u00e9rrez Eggers"},"content":{"rendered":"<div class=\"flex_column av_one_full  flex_column_div av-zero-column-padding first  avia-builder-el-0  el_before_av_one_full  avia-builder-el-first  \" style='border-radius:0px; '><div  class='avia-image-container  av-styling-    avia-builder-el-1  avia-builder-el-no-sibling  avia-align-center '  itemprop=\"image\" itemscope=\"itemscope\" itemtype=\"https:\/\/schema.org\/ImageObject\"  ><div class='avia-image-container-inner'><div class='avia-image-overlay-wrap'><img decoding=\"async\" class='wp-image-49433 avia-img-lazy-loading-not-49433 avia_image' src=\"https:\/\/radiorevelacionfm.cl\/wp-content\/uploads\/2025\/01\/ANFUSEN-1-1.jpg\" alt='' title='ANFUSEN (1) (1)' height=\"800\" width=\"800\"  itemprop=\"thumbnailUrl\" srcset=\"https:\/\/radiorevelacionfm.cl\/wp-content\/uploads\/2025\/01\/ANFUSEN-1-1.jpg 800w, https:\/\/radiorevelacionfm.cl\/wp-content\/uploads\/2025\/01\/ANFUSEN-1-1-300x300.jpg 300w, https:\/\/radiorevelacionfm.cl\/wp-content\/uploads\/2025\/01\/ANFUSEN-1-1-80x80.jpg 80w, https:\/\/radiorevelacionfm.cl\/wp-content\/uploads\/2025\/01\/ANFUSEN-1-1-768x768.jpg 768w, https:\/\/radiorevelacionfm.cl\/wp-content\/uploads\/2025\/01\/ANFUSEN-1-1-36x36.jpg 36w, https:\/\/radiorevelacionfm.cl\/wp-content\/uploads\/2025\/01\/ANFUSEN-1-1-180x180.jpg 180w, https:\/\/radiorevelacionfm.cl\/wp-content\/uploads\/2025\/01\/ANFUSEN-1-1-705x705.jpg 705w, https:\/\/radiorevelacionfm.cl\/wp-content\/uploads\/2025\/01\/ANFUSEN-1-1-120x120.jpg 120w, https:\/\/radiorevelacionfm.cl\/wp-content\/uploads\/2025\/01\/ANFUSEN-1-1-450x450.jpg 450w, https:\/\/radiorevelacionfm.cl\/wp-content\/uploads\/2025\/01\/ANFUSEN-1-1-600x600.jpg 600w, https:\/\/radiorevelacionfm.cl\/wp-content\/uploads\/2025\/01\/ANFUSEN-1-1-100x100.jpg 100w\" sizes=\"(max-width: 800px) 100vw, 800px\" \/><\/div><\/div><\/div><\/div><div class=\"flex_column av_one_full  flex_column_div av-zero-column-padding first  avia-builder-el-2  el_after_av_one_full  el_before_av_one_full  column-top-margin\" style='border-radius:0px; '><section class=\"av_textblock_section \"  itemscope=\"itemscope\" itemtype=\"https:\/\/schema.org\/BlogPosting\" itemprop=\"blogPost\" ><div class='avia_textblock  '   itemprop=\"text\" ><p style=\"text-align: center;\"><strong><span style=\"font-size: 18pt;\">Declaraci\u00f3n P\u00fablica ante maltrato ejercido por ex Directora de SernamEG Ays\u00e9n, do\u00f1a Elizabeth Guti\u00e9rrez Eggers<\/span><\/strong><\/p>\n<div id=\"gtx-trans\" style=\"position: absolute; left: -50px; top: 4.31534px;\">\n<div class=\"gtx-trans-icon\"><\/div>\n<\/div>\n<\/div><\/section><\/div><div class=\"flex_column av_one_full  flex_column_div av-zero-column-padding first  avia-builder-el-4  el_after_av_one_full  el_before_av_hr  column-top-margin\" style='border-radius:0px; '><section class=\"av_textblock_section \"  itemscope=\"itemscope\" itemtype=\"https:\/\/schema.org\/BlogPosting\" itemprop=\"blogPost\" ><div class='avia_textblock  '   itemprop=\"text\" ><p style=\"text-align: justify;\">La Asociaci\u00f3n de Funcionarios\/as del Servicio Nacional de la Mujer y la Equidad de G\u00e9nero manifiesta su rechazo ante los resultados del sumario administrativo por denuncia de maltrato presentada por funcionarias de la Direcci\u00f3n Regional de Ays\u00e9n en contra de do\u00f1a Elizabeth Guti\u00e9rrez Eggers ex Directora Regional del SernamEG.<\/p>\n<p style=\"text-align: justify;\">As\u00ed tambi\u00e9n, nos gustar\u00eda precisar algunas consideraciones inexactas que se exponen en el art\u00edculo del medio digital \u201cEl L\u00edbero\u201d en nota de fecha 30 de diciembre 2024. Link:<a href=\"https:\/\/ellibero.cl\/actualidad\/sumariada-suspendida-desvinculada-y-absuelta-el-via-crucis-de-una-directora-regional-de-sernameg-que-denuncio-despido-irregular\/\"><u>https:\/\/ellibero.cl\/actualidad\/sumariada-suspendida-desvinculada-y-absuelta-el-via-crucis-de-<\/u><\/a><a href=\"https:\/\/ellibero.cl\/actualidad\/sumariada-suspendida-desvinculada-y-absuelta-el-via-crucis-de-una-directora-regional-de-sernameg-que-denuncio-despido-irregular\/\"><u>una-directora-regional-de-sernameg-que-denuncio-despido-irregular\/<\/u><\/a><\/p>\n<p style=\"text-align: justify;\">En primer lugar, hubo tres funcionarias de esa repartici\u00f3n regional que fueron calificadas por entidades externas, t\u00e9cnicas e imparciales como la Asociaci\u00f3n Chilena de Seguridad (Achs) y el Instituto de Seguridad Laboral (ISL) con una \u2018Enfermedad Profesional\u2019, consignando expresamente que \u00e9stas se produjeron debido \u2018al liderazgo disfuncional que ejerc\u00eda la ex Directora Regional, do\u00f1a Elizabeth Guti\u00e9rrez Eggers\u2019.<\/p>\n<p style=\"text-align: justify;\">El hecho de que se le haya notificado de una resoluci\u00f3n de sobreseimiento, no quiere decir que el maltrato no haya existido realmente en los hechos, sino que no se ha alcanzado el est\u00e1ndar de prueba temporalmente, porque a\u00fan quedan recursos pendientes en dicho proceso administrativo.<\/p>\n<p style=\"text-align: justify;\">La ex Directora Regional cuando lleg\u00f3 al SernamEG sol\u00eda jactarse de que a ella \u2018La hab\u00edan acusado de maltrato varias veces, pero nunca se lo hab\u00edan podido probar\u2019, lo que es a todas luces inadecuado, m\u00e1s a\u00fan en una instituci\u00f3n como la nuestra que trabaja previniendo las violencias.<\/p>\n<p style=\"text-align: justify;\">El art\u00edculo da a entender que ella habr\u00eda sido \u2018desvinculada por razones pol\u00edticas\u2019, lo que no se condice con la realidad, ya que \u00e9sta se produjo mientras a\u00fan se desempe\u00f1aba como Directora Nacional (S) una autoridad de su mismo sector pol\u00edtico. Incluso hasta el d\u00eda de hoy, a casi tres a\u00f1os del cambio de administraci\u00f3n, a\u00fan se desempe\u00f1an como Directoras Regionales del SernamEG algunas autoridades que vienen del gobierno anterior que no fueron removidas.<\/p>\n<p style=\"text-align: justify;\">Nos parece grav\u00edsimo que en dicho art\u00edculo se se\u00f1ale como un \u2018modus operandi\u00b4, en el cual, supuestamente nuestra Asociaci\u00f3n de Funcionarios se habr\u00eda puesto de acuerdo con las autoridades para acusarle de maltrato para que \u2018tuvieran la justificaci\u00f3n&#8217; para desvincularla.<\/p>\n<p style=\"text-align: justify;\">Hay que recordar que a los cargos de alta direcci\u00f3n p\u00fablica en cualquier momento se les puede pedir la renuncia por falta de confianza y que las acciones que realiz\u00f3 nuestra organizaci\u00f3n respondieron a casos de maltrato concretos por el agobio que ello gener\u00f3 en los equipos de trabajo. Donde s\u00ed existi\u00f3 una coordinaci\u00f3n pol\u00edtica evidente fue en las ex Directoras Regionales que salieron por acusaciones de maltrato, pues todas ellas presentaron tutelas laborales con argumentos calcados, todas acciones legales que fueron desestimadas por la justicia, as\u00ed como las acusaciones que realizaron en contra de nuestras dirigentas nacionales por haber realizado acciones en el marco de nuestras labores gremiales, lo que constituye una evidente pr\u00e1ctica anti sindical. Todas esas acusaciones tambi\u00e9n fueron desestimadas en los procesos disciplinarios respectivos, no obstante ello, todo esos casos son expuestos en \u2018El L\u00edbero\u2019 como una \u2018persecuci\u00f3n pol\u00edtica\u2019, omitiendo deliberada e intencionalmente hechos de la realidad que la prueban como inexistente.<\/p>\n<p style=\"text-align: justify;\">Estimamos que quienes se desempe\u00f1an como autoridades en nuestra instituci\u00f3n deben estar a la altura de sus cargos, comprendiendo que existe una gran diferencia entre el control jer\u00e1rquico e infringir temor e intimidaci\u00f3n en contra de las funcionarias, que las reuniones t\u00e9cnicas son instancias a trav\u00e9s de las cuales se revisa, potencia, refuerza y apoya el trabajo de equipo, y que en ning\u00fan caso pueden ser mal usadas, como una instancia para intimidar, insegurizar a trav\u00e9s de formas inadecuadas, justificando con ello un liderazgo disfuncional y comportamientos hostiles hacia las trabajadoras.<\/p>\n<p style=\"text-align: justify;\">Nuestra organizaci\u00f3n tiene como uno de sus principios fundantes la promoci\u00f3n de climas laborales exentos de maltrato, por lo que jam\u00e1s permitir\u00e1 que el miedo se instale como una forma de trabajar, sino todo lo contrario, es el respeto y el trabajo en equipo lo que siempre debe prevalecer, que es nuestra obligaci\u00f3n denunciar a las autoridades que ejercen maltrato y acoso laboral y apoyar a las funcionarias cuando sus derechos son vulnerados.<\/p>\n<\/div><\/section><\/div><div  style='height:50px' class='hr hr-invisible   avia-builder-el-6  el_after_av_one_full  el_before_av_social_share '><span class='hr-inner ' ><span class='hr-inner-style'><\/span><\/span><\/div><\/p>\n<div  class='av-social-sharing-box  avia-builder-el-7  el_after_av_hr  el_before_av_hr  '><div class='av-share-box'><h5 class='av-share-link-description av-no-toc '>Compartir esta noticia<\/h5><ul class='av-share-box-list noLightbox'><li class='av-share-link av-social-link-facebook' ><a target=\"_blank\" aria-label=\"Compartir en Facebook\" href='https:\/\/www.facebook.com\/sharer.php?u=https:\/\/radiorevelacionfm.cl\/?p=49432&#038;t=Declaraci%C3%B3n%20P%C3%BAblica%20ante%20maltrato%20ejercido%20por%20ex%20Directora%20de%20SernamEG%20Ays%C3%A9n%2C%20do%C3%B1a%20Elizabeth%20Guti%C3%A9rrez%20Eggers' aria-hidden='false' data-av_icon='\ue8f3' data-av_iconfont='entypo-fontello' title='' data-avia-related-tooltip='Compartir en Facebook' rel=\"noopener\"><span class='avia_hidden_link_text'>Compartir en Facebook<\/span><\/a><\/li><li class='av-share-link av-social-link-twitter' ><a target=\"_blank\" aria-label=\"Compartir en Twitter\" href='https:\/\/twitter.com\/share?text=Declaraci%C3%B3n%20P%C3%BAblica%20ante%20maltrato%20ejercido%20por%20ex%20Directora%20de%20SernamEG%20Ays%C3%A9n%2C%20do%C3%B1a%20Elizabeth%20Guti%C3%A9rrez%20Eggers&#038;url=https:\/\/radiorevelacionfm.cl\/?p=49432' aria-hidden='false' data-av_icon='\ue8f1' data-av_iconfont='entypo-fontello' title='' data-avia-related-tooltip='Compartir en Twitter' rel=\"noopener\"><span class='avia_hidden_link_text'>Compartir en Twitter<\/span><\/a><\/li><li class='av-share-link av-social-link-whatsapp' ><a target=\"_blank\" aria-label=\"Compartir en Whatsapp\" href='https:\/\/api.whatsapp.com\/send?text=https:\/\/radiorevelacionfm.cl\/?p=49432' aria-hidden='false' data-av_icon='\uf232' data-av_iconfont='entypo-fontello' title='' data-avia-related-tooltip='Compartir en Whatsapp' rel=\"noopener\"><span class='avia_hidden_link_text'>Compartir en Whatsapp<\/span><\/a><\/li><li class='av-share-link av-social-link-linkedin' ><a target=\"_blank\" aria-label=\"Compartir en LinkedIn\" href='https:\/\/linkedin.com\/shareArticle?mini=true&#038;title=Declaraci%C3%B3n%20P%C3%BAblica%20ante%20maltrato%20ejercido%20por%20ex%20Directora%20de%20SernamEG%20Ays%C3%A9n%2C%20do%C3%B1a%20Elizabeth%20Guti%C3%A9rrez%20Eggers&#038;url=https:\/\/radiorevelacionfm.cl\/?p=49432' aria-hidden='false' data-av_icon='\ue8fc' data-av_iconfont='entypo-fontello' title='' data-avia-related-tooltip='Compartir en LinkedIn' rel=\"noopener\"><span class='avia_hidden_link_text'>Compartir en LinkedIn<\/span><\/a><\/li><li class='av-share-link av-social-link-mail' ><a  aria-label=\"Compartir por correo\" href='mailto:?subject=Declaraci%C3%B3n%20P%C3%BAblica%20ante%20maltrato%20ejercido%20por%20ex%20Directora%20de%20SernamEG%20Ays%C3%A9n%2C%20do%C3%B1a%20Elizabeth%20Guti%C3%A9rrez%20Eggers&#038;body=https:\/\/radiorevelacionfm.cl\/?p=49432' aria-hidden='false' data-av_icon='\ue805' data-av_iconfont='entypo-fontello' title='' data-avia-related-tooltip='Compartir por correo'><span class='avia_hidden_link_text'>Compartir por correo<\/span><\/a><\/li><\/ul><\/div><\/div>\n<div  style='height:50px' class='hr hr-invisible   avia-builder-el-8  el_after_av_social_share  el_before_av_comments_list '><span class='hr-inner ' ><span class='hr-inner-style'><\/span><\/span><\/div>\n<div  class='av-buildercomment  av-blog-meta-html-info-disabled av-blog-meta-tag-disabled  '><\/div>\n","protected":false},"excerpt":{"rendered":"","protected":false},"author":1,"featured_media":49433,"comment_status":"open","ping_status":"open","sticky":false,"template":"","format":"standard","meta":{"footnotes":""},"categories":[38],"tags":[],"class_list":["post-49432","post","type-post","status-publish","format-standard","has-post-thumbnail","hentry","category-regional"],"jetpack_featured_media_url":"https:\/\/radiorevelacionfm.cl\/wp-content\/uploads\/2025\/01\/ANFUSEN-1-1.jpg","_links":{"self":[{"href":"https:\/\/radiorevelacionfm.cl\/index.php?rest_route=\/wp\/v2\/posts\/49432","targetHints":{"allow":["GET"]}}],"collection":[{"href":"https:\/\/radiorevelacionfm.cl\/index.php?rest_route=\/wp\/v2\/posts"}],"about":[{"href":"https:\/\/radiorevelacionfm.cl\/index.php?rest_route=\/wp\/v2\/types\/post"}],"author":[{"embeddable":true,"href":"https:\/\/radiorevelacionfm.cl\/index.php?rest_route=\/wp\/v2\/users\/1"}],"replies":[{"embeddable":true,"href":"https:\/\/radiorevelacionfm.cl\/index.php?rest_route=%2Fwp%2Fv2%2Fcomments&post=49432"}],"version-history":[{"count":1,"href":"https:\/\/radiorevelacionfm.cl\/index.php?rest_route=\/wp\/v2\/posts\/49432\/revisions"}],"predecessor-version":[{"id":49434,"href":"https:\/\/radiorevelacionfm.cl\/index.php?rest_route=\/wp\/v2\/posts\/49432\/revisions\/49434"}],"wp:featuredmedia":[{"embeddable":true,"href":"https:\/\/radiorevelacionfm.cl\/index.php?rest_route=\/wp\/v2\/media\/49433"}],"wp:attachment":[{"href":"https:\/\/radiorevelacionfm.cl\/index.php?rest_route=%2Fwp%2Fv2%2Fmedia&parent=49432"}],"wp:term":[{"taxonomy":"category","embeddable":true,"href":"https:\/\/radiorevelacionfm.cl\/index.php?rest_route=%2Fwp%2Fv2%2Fcategories&post=49432"},{"taxonomy":"post_tag","embeddable":true,"href":"https:\/\/radiorevelacionfm.cl\/index.php?rest_route=%2Fwp%2Fv2%2Ftags&post=49432"}],"curies":[{"name":"wp","href":"https:\/\/api.w.org\/{rel}","templated":true}]}}