{"id":49428,"date":"2025-01-08T09:55:09","date_gmt":"2025-01-08T12:55:09","guid":{"rendered":"https:\/\/radiorevelacionfm.cl\/?p=49428"},"modified":"2025-01-08T09:55:09","modified_gmt":"2025-01-08T12:55:09","slug":"el-sorprendente-registro-de-un-chucao-y-un-pudu-en-el-corazon-del-parque-nacional-pumalin","status":"publish","type":"post","link":"https:\/\/radiorevelacionfm.cl\/?p=49428","title":{"rendered":"El sorprendente registro de un chucao y un pud\u00fa en el coraz\u00f3n del Parque Nacional Pumal\u00edn"},"content":{"rendered":"<div class=\"flex_column av_one_full  flex_column_div av-zero-column-padding first  avia-builder-el-0  el_before_av_one_full  avia-builder-el-first  \" style='border-radius:0px; '><div  class='avia-image-container  av-styling-    avia-builder-el-1  avia-builder-el-no-sibling  avia-align-center '  itemprop=\"image\" itemscope=\"itemscope\" itemtype=\"https:\/\/schema.org\/ImageObject\"  ><div class='avia-image-container-inner'><div class='avia-image-overlay-wrap'><img decoding=\"async\" class='wp-image-49429 avia-img-lazy-loading-not-49429 avia_image' src=\"https:\/\/radiorevelacionfm.cl\/wp-content\/uploads\/2025\/01\/pudu-y-chucao-1-1_optimized-1_optimized-1.jpg\" alt='' title='pudu-y-chucao-(1)-(1)_optimized-(1)_optimized (1)' height=\"600\" width=\"896\"  itemprop=\"thumbnailUrl\" srcset=\"https:\/\/radiorevelacionfm.cl\/wp-content\/uploads\/2025\/01\/pudu-y-chucao-1-1_optimized-1_optimized-1.jpg 896w, https:\/\/radiorevelacionfm.cl\/wp-content\/uploads\/2025\/01\/pudu-y-chucao-1-1_optimized-1_optimized-1-300x201.jpg 300w, https:\/\/radiorevelacionfm.cl\/wp-content\/uploads\/2025\/01\/pudu-y-chucao-1-1_optimized-1_optimized-1-768x514.jpg 768w, https:\/\/radiorevelacionfm.cl\/wp-content\/uploads\/2025\/01\/pudu-y-chucao-1-1_optimized-1_optimized-1-705x472.jpg 705w, https:\/\/radiorevelacionfm.cl\/wp-content\/uploads\/2025\/01\/pudu-y-chucao-1-1_optimized-1_optimized-1-450x301.jpg 450w, https:\/\/radiorevelacionfm.cl\/wp-content\/uploads\/2025\/01\/pudu-y-chucao-1-1_optimized-1_optimized-1-600x402.jpg 600w\" sizes=\"(max-width: 896px) 100vw, 896px\" \/><\/div><\/div><\/div><\/div>\n<div class=\"flex_column av_one_full  flex_column_div av-zero-column-padding first  avia-builder-el-2  el_after_av_one_full  el_before_av_one_full  column-top-margin\" style='border-radius:0px; '><section class=\"av_textblock_section \"  itemscope=\"itemscope\" itemtype=\"https:\/\/schema.org\/BlogPosting\" itemprop=\"blogPost\" ><div class='avia_textblock  '   itemprop=\"text\" ><p style=\"text-align: center;\"><strong><span style=\"font-size: 18pt;\">El sorprendente registro de un chucao y un pud\u00fa en el coraz\u00f3n del Parque Nacional Pumal\u00edn<\/span><\/strong><\/p>\n<div id=\"gtx-trans\" style=\"position: absolute; left: -50px; top: 4.31534px;\">\n<div class=\"gtx-trans-icon\"><\/div>\n<\/div>\n<\/div><\/section><\/div>\n<div class=\"flex_column av_one_full  flex_column_div av-zero-column-padding first  avia-builder-el-4  el_after_av_one_full  el_before_av_hr  column-top-margin\" style='border-radius:0px; '><section class=\"av_textblock_section \"  itemscope=\"itemscope\" itemtype=\"https:\/\/schema.org\/BlogPosting\" itemprop=\"blogPost\" ><div class='avia_textblock  '   itemprop=\"text\" ><p style=\"text-align: justify;\"><em>Este hallazgo revela una interacci\u00f3n rara vez documentada entre especies aportando conocimiento sobre posibles estrategias de adaptaci\u00f3n de las aves en climas fr\u00edos.<\/em><\/p>\n<p style=\"text-align: justify;\">Hallazgo que arroja luz sobre un aspecto desconocido de la interacci\u00f3n entre especies nativas en los ecosistemas del sur de Chile, la Fundaci\u00f3n Rewilding Chile, en colaboraci\u00f3n con <a href=\"https:\/\/panthera.org\/\">Panthera<\/a>,\u00a0<a href=\"http:\/\/www.conaf.cl\/\">CONAF<\/a>\u00a0y la\u00a0<a href=\"https:\/\/uchile.cl\/\">Universidad de Chile<\/a>, ha documentado a trav\u00e9s de c\u00e1maras trampa un comportamiento poco com\u00fan:\u00a0un chucao\u00a0(Scelorchilus rubecula)\u00a0retirando pelos de un pud\u00fa\u00a0(Pudu puda) para posiblemente armar su nido. Este\u00a0estudio, titulado\u00a0\u201cUn chucao arrancando el pelo de un pud\u00fa del sur, Pudu puda (Molina, 1782), en el bosque templado chileno\u201d, en el cual se describe esta conducta conocida como cleptotriquia, en la que las aves extraen pelo directamente de mam\u00edferos vivos para construir sus nidos, un fen\u00f3meno extremadamente raro y pocas veces documentado en la literatura cient\u00edfica.<\/p>\n<p style=\"text-align: justify;\">\u201cSi bien el uso de pelo de mam\u00edferos en la construcci\u00f3n de nidos es un fen\u00f3meno conocido y documentado entre las aves, generalmente los p\u00e1jaros recolectan pelos que quedan enganchados en ramas, espinas o incluso en el suelo, el hecho de que un chucao picotee repetidamente y obtenga pelo directamente de un animal vivo, como se observ\u00f3 en esta ocasi\u00f3n, representa una variante casi in\u00e9dita de esta conducta\u201d,\u00a0comenta\u00a0Cristi\u00e1n Estades, del\u00a0Laboratorio de Ecolog\u00eda de Vida Silvestre de la Universidad de Chile.<\/p>\n<p style=\"text-align: justify;\">El equipo de investigadores, compuesto por Fundaci\u00f3n Rewilding Chile y colaboradores de la Universidad de Chile y la organizaci\u00f3n Panthera, sugiere que este comportamiento podr\u00eda ser una estrategia adaptativa del chucao para mejorar la calidad de su nido, optimizando el aislamiento t\u00e9rmico en los fr\u00edos y h\u00famedos bosques templados del sur de Chile. Esta conducta fue\u00a0registrada en diciembre de 2021 en el Parque Nacional Pumal\u00edn Douglas Tompkins, en el marco de un muestreo con c\u00e1maras trampa en la zona. Se obtuvieron 156 im\u00e1genes en las cu\u00e1les se registra c\u00f3mo el chucao se posa repetidamente sobre el lomo del pud\u00fa para extraer pelo durante unos tres minutos, en un per\u00edodo del a\u00f1o que coincide tanto con la \u00e9poca reproductiva del ave como con la muda estacional del pelaje del pud\u00fa.<\/p>\n<p style=\"text-align: justify;\">Este hallazgo abre nuevas preguntas sobre c\u00f3mo las aves adaptan sus estrategias de supervivencia en entornos desafiantes. La creciente disponibilidad y uso de c\u00e1maras trampa contribuye a ampliar nuestra comprensi\u00f3n de la historia natural de la vida silvestre en \u00e1reas remotas, pr\u00edstinas y poco conocidas como en este caso en el Parque Nacional Pumal\u00edn Douglas Tompkins, se\u00f1al\u00f3 Liliana Guzm\u00e1n, investigadora asociada de Rewilding Chile.<\/p>\n<p style=\"text-align: justify;\">\u201cAl analizar las im\u00e1genes se puede concluir que el pud\u00fa no mostr\u00f3 se\u00f1ales de incomodidad frente al comportamiento del chucao, lo cual plantea la posibilidad de que la interacci\u00f3n ofrezca alg\u00fan beneficio indirecto. Podr\u00edamos especular que la remoci\u00f3n del pelo suelto podr\u00eda aliviar al pud\u00fa, similar a c\u00f3mo algunos ciervos experimentan alivio al desprenderse del pelaje viejo. Otra posibilidad es que el pud\u00fa tolere la presencia del chucao al confundir la recolecci\u00f3n de pelo con la eliminaci\u00f3n de par\u00e1sitos u otra interacci\u00f3n mutualista donde ambas especies se podr\u00edan estar viendo beneficiadas\u201d, explic\u00f3 Cristi\u00e1n Saucedo, Director de los programas de vida silvestre de Fundaci\u00f3n Rewilding Chile.<\/p>\n<p style=\"text-align: justify;\">Este hallazgo no solo aporta al conocimiento e interacci\u00f3n entre especies end\u00e9micas de los bosques templados de Chile, sino que tambi\u00e9n destaca la contribuci\u00f3n de la tecnolog\u00eda de c\u00e1maras trampa para documentar comportamientos raros o desconocidos en ambientes remotos.\u00a0\u201cEste hallazgo abre nuevas preguntas sobre c\u00f3mo las aves adaptan sus estrategias de supervivencia en entornos desafiantes. La creciente disponibilidad y uso de c\u00e1maras trampa contribuye a ampliar nuestra comprensi\u00f3n de la historia natural de la vida silvestre en \u00e1reas remotas, pr\u00edstinas y poco conocidas como en este caso en el Parque Nacional Pumal\u00edn Douglas Tompkins\u201d, concluy\u00f3\u00a0Liliana Guzm\u00e1n,\u00a0investigadora asociada de Rewilding Chile.<\/p>\n<\/div><\/section><\/div><div  style='height:50px' class='hr hr-invisible   avia-builder-el-6  el_after_av_one_full  el_before_av_social_share '><span class='hr-inner ' ><span class='hr-inner-style'><\/span><\/span><\/div><\/p>\n<div  class='av-social-sharing-box  avia-builder-el-7  el_after_av_hr  el_before_av_hr  '><div class='av-share-box'><h5 class='av-share-link-description av-no-toc '>Compartir esta noticia<\/h5><ul class='av-share-box-list noLightbox'><li class='av-share-link av-social-link-facebook' ><a target=\"_blank\" aria-label=\"Compartir en Facebook\" href='https:\/\/www.facebook.com\/sharer.php?u=https:\/\/radiorevelacionfm.cl\/?p=49428&#038;t=El%20sorprendente%20registro%20de%20un%20chucao%20y%20un%20pud%C3%BA%20en%20el%20coraz%C3%B3n%20del%20Parque%20Nacional%20Pumal%C3%ADn' aria-hidden='false' data-av_icon='\ue8f3' data-av_iconfont='entypo-fontello' title='' data-avia-related-tooltip='Compartir en Facebook' rel=\"noopener\"><span class='avia_hidden_link_text'>Compartir en Facebook<\/span><\/a><\/li><li class='av-share-link av-social-link-twitter' ><a target=\"_blank\" aria-label=\"Compartir en Twitter\" href='https:\/\/twitter.com\/share?text=El%20sorprendente%20registro%20de%20un%20chucao%20y%20un%20pud%C3%BA%20en%20el%20coraz%C3%B3n%20del%20Parque%20Nacional%20Pumal%C3%ADn&#038;url=https:\/\/radiorevelacionfm.cl\/?p=49428' aria-hidden='false' data-av_icon='\ue8f1' data-av_iconfont='entypo-fontello' title='' data-avia-related-tooltip='Compartir en Twitter' rel=\"noopener\"><span class='avia_hidden_link_text'>Compartir en Twitter<\/span><\/a><\/li><li class='av-share-link av-social-link-whatsapp' ><a target=\"_blank\" aria-label=\"Compartir en Whatsapp\" href='https:\/\/api.whatsapp.com\/send?text=https:\/\/radiorevelacionfm.cl\/?p=49428' aria-hidden='false' data-av_icon='\uf232' data-av_iconfont='entypo-fontello' title='' data-avia-related-tooltip='Compartir en Whatsapp' rel=\"noopener\"><span class='avia_hidden_link_text'>Compartir en Whatsapp<\/span><\/a><\/li><li class='av-share-link av-social-link-linkedin' ><a target=\"_blank\" aria-label=\"Compartir en LinkedIn\" href='https:\/\/linkedin.com\/shareArticle?mini=true&#038;title=El%20sorprendente%20registro%20de%20un%20chucao%20y%20un%20pud%C3%BA%20en%20el%20coraz%C3%B3n%20del%20Parque%20Nacional%20Pumal%C3%ADn&#038;url=https:\/\/radiorevelacionfm.cl\/?p=49428' aria-hidden='false' data-av_icon='\ue8fc' data-av_iconfont='entypo-fontello' title='' data-avia-related-tooltip='Compartir en LinkedIn' rel=\"noopener\"><span class='avia_hidden_link_text'>Compartir en LinkedIn<\/span><\/a><\/li><li class='av-share-link av-social-link-mail' ><a  aria-label=\"Compartir por correo\" href='mailto:?subject=El%20sorprendente%20registro%20de%20un%20chucao%20y%20un%20pud%C3%BA%20en%20el%20coraz%C3%B3n%20del%20Parque%20Nacional%20Pumal%C3%ADn&#038;body=https:\/\/radiorevelacionfm.cl\/?p=49428' aria-hidden='false' data-av_icon='\ue805' data-av_iconfont='entypo-fontello' title='' data-avia-related-tooltip='Compartir por correo'><span class='avia_hidden_link_text'>Compartir por correo<\/span><\/a><\/li><\/ul><\/div><\/div>\n<div  style='height:50px' class='hr hr-invisible   avia-builder-el-8  el_after_av_social_share  el_before_av_comments_list '><span class='hr-inner ' ><span class='hr-inner-style'><\/span><\/span><\/div>\n<div  class='av-buildercomment  av-blog-meta-html-info-disabled av-blog-meta-tag-disabled  '><\/div>\n","protected":false},"excerpt":{"rendered":"","protected":false},"author":1,"featured_media":49429,"comment_status":"open","ping_status":"open","sticky":false,"template":"","format":"standard","meta":{"footnotes":""},"categories":[61],"tags":[],"class_list":["post-49428","post","type-post","status-publish","format-standard","has-post-thumbnail","hentry","category-nacional"],"jetpack_featured_media_url":"https:\/\/radiorevelacionfm.cl\/wp-content\/uploads\/2025\/01\/pudu-y-chucao-1-1_optimized-1_optimized-1.jpg","_links":{"self":[{"href":"https:\/\/radiorevelacionfm.cl\/index.php?rest_route=\/wp\/v2\/posts\/49428","targetHints":{"allow":["GET"]}}],"collection":[{"href":"https:\/\/radiorevelacionfm.cl\/index.php?rest_route=\/wp\/v2\/posts"}],"about":[{"href":"https:\/\/radiorevelacionfm.cl\/index.php?rest_route=\/wp\/v2\/types\/post"}],"author":[{"embeddable":true,"href":"https:\/\/radiorevelacionfm.cl\/index.php?rest_route=\/wp\/v2\/users\/1"}],"replies":[{"embeddable":true,"href":"https:\/\/radiorevelacionfm.cl\/index.php?rest_route=%2Fwp%2Fv2%2Fcomments&post=49428"}],"version-history":[{"count":2,"href":"https:\/\/radiorevelacionfm.cl\/index.php?rest_route=\/wp\/v2\/posts\/49428\/revisions"}],"predecessor-version":[{"id":49431,"href":"https:\/\/radiorevelacionfm.cl\/index.php?rest_route=\/wp\/v2\/posts\/49428\/revisions\/49431"}],"wp:featuredmedia":[{"embeddable":true,"href":"https:\/\/radiorevelacionfm.cl\/index.php?rest_route=\/wp\/v2\/media\/49429"}],"wp:attachment":[{"href":"https:\/\/radiorevelacionfm.cl\/index.php?rest_route=%2Fwp%2Fv2%2Fmedia&parent=49428"}],"wp:term":[{"taxonomy":"category","embeddable":true,"href":"https:\/\/radiorevelacionfm.cl\/index.php?rest_route=%2Fwp%2Fv2%2Fcategories&post=49428"},{"taxonomy":"post_tag","embeddable":true,"href":"https:\/\/radiorevelacionfm.cl\/index.php?rest_route=%2Fwp%2Fv2%2Ftags&post=49428"}],"curies":[{"name":"wp","href":"https:\/\/api.w.org\/{rel}","templated":true}]}}