{"id":49422,"date":"2025-01-07T18:28:35","date_gmt":"2025-01-07T21:28:35","guid":{"rendered":"https:\/\/radiorevelacionfm.cl\/?p=49422"},"modified":"2025-01-07T18:28:35","modified_gmt":"2025-01-07T21:28:35","slug":"alcalde-de-aysen-acompano-juramento-de-marcelo-santana-como-gobernador-regional","status":"publish","type":"post","link":"https:\/\/radiorevelacionfm.cl\/?p=49422","title":{"rendered":"Alcalde de Ays\u00e9n acompa\u00f1\u00f3 juramento de Marcelo Santana como Gobernador Regional"},"content":{"rendered":"<div class=\"flex_column av_one_full  flex_column_div av-zero-column-padding first  avia-builder-el-0  el_before_av_one_full  avia-builder-el-first  \" style='border-radius:0px; '><div  class='avia-image-container  av-styling-    avia-builder-el-1  avia-builder-el-no-sibling  avia-align-center '  itemprop=\"image\" itemscope=\"itemscope\" itemtype=\"https:\/\/schema.org\/ImageObject\"  ><div class='avia-image-container-inner'><div class='avia-image-overlay-wrap'><img decoding=\"async\" class='wp-image-49423 avia-img-lazy-loading-not-49423 avia_image' src=\"https:\/\/radiorevelacionfm.cl\/wp-content\/uploads\/2025\/01\/IMG_9688-1-1.jpg\" alt='' title='IMG_9688 (1) (1)' height=\"600\" width=\"900\"  itemprop=\"thumbnailUrl\" srcset=\"https:\/\/radiorevelacionfm.cl\/wp-content\/uploads\/2025\/01\/IMG_9688-1-1.jpg 900w, https:\/\/radiorevelacionfm.cl\/wp-content\/uploads\/2025\/01\/IMG_9688-1-1-300x200.jpg 300w, https:\/\/radiorevelacionfm.cl\/wp-content\/uploads\/2025\/01\/IMG_9688-1-1-768x512.jpg 768w, https:\/\/radiorevelacionfm.cl\/wp-content\/uploads\/2025\/01\/IMG_9688-1-1-705x470.jpg 705w, https:\/\/radiorevelacionfm.cl\/wp-content\/uploads\/2025\/01\/IMG_9688-1-1-450x300.jpg 450w, https:\/\/radiorevelacionfm.cl\/wp-content\/uploads\/2025\/01\/IMG_9688-1-1-600x400.jpg 600w\" sizes=\"(max-width: 900px) 100vw, 900px\" \/><\/div><\/div><\/div><\/div><div class=\"flex_column av_one_full  flex_column_div av-zero-column-padding first  avia-builder-el-2  el_after_av_one_full  el_before_av_one_full  column-top-margin\" style='border-radius:0px; '><section class=\"av_textblock_section \"  itemscope=\"itemscope\" itemtype=\"https:\/\/schema.org\/BlogPosting\" itemprop=\"blogPost\" ><div class='avia_textblock  '   itemprop=\"text\" ><p style=\"text-align: center;\"><strong><span style=\"font-size: 18pt;\">Alcalde de Ays\u00e9n acompa\u00f1\u00f3 juramento de Marcelo Santana como Gobernador Regional<\/span><\/strong><\/p>\n<div id=\"gtx-trans\" style=\"position: absolute; left: -50px; top: 4.31534px;\">\n<div class=\"gtx-trans-icon\"><\/div>\n<\/div>\n<\/div><\/section><\/div><div class=\"flex_column av_one_full  flex_column_div av-zero-column-padding first  avia-builder-el-4  el_after_av_one_full  el_before_av_hr  column-top-margin\" style='border-radius:0px; '><section class=\"av_textblock_section \"  itemscope=\"itemscope\" itemtype=\"https:\/\/schema.org\/BlogPosting\" itemprop=\"blogPost\" ><div class='avia_textblock  '   itemprop=\"text\" ><p style=\"text-align: justify;\">Hasta la capital regional arrib\u00f3 este lunes el alcalde de Ays\u00e9n, Luis Mart\u00ednez, junto a los miembros del Concejo Municipal, para ser parte de la ceremonia de cambio de mando de Gobernador Regional e Instalaci\u00f3n del Consejo Regional 2025-2029.<\/p>\n<p style=\"text-align: justify;\">Jornada en la que Marcelo Santana Vargas asumi\u00f3 formalmente como primera autoridad regional, tras las elecciones vividas durante octubre de 2024, donde obtuvo el 54,33% de los votos en las urnas.<\/p>\n<p style=\"text-align: justify;\">A respecto, el edil porte\u00f1o se mostr\u00f3 esperanzado de concretar un trabajo mancomunado en pos de los habitantes de la comuna aysenina. \u201cEstamos muy contentos. Volvamos a crecer fue un slogan, pero tambi\u00e9n un compromiso. As\u00ed que s\u00f3lo desearle lo mejor en su gesti\u00f3n a Marcelo, que la regi\u00f3n vuelva a crecer, que volvamos a impulsar a las comunidades, y que los vecinos y vecinas conf\u00eden en nosotros, y en nuestro trabajo\u201d, manifest\u00f3 Mart\u00ednez Gallardo, quien tambi\u00e9n dese\u00f3 los mejores parabienes\u00a0 a los nuevos consejeros regionales por la provincia de Ays\u00e9n, Rosa Gonz\u00e1lez, Ximena Novoa, Eligio Montecinos y Julio Rossel.<\/p>\n<p style=\"text-align: justify;\">Por su parte, el tambi\u00e9n presidente del Consejo Regional, Marcelo Santana, agradeci\u00f3 el apoyo obtenido en Ays\u00e9n, de la mano de Luis Mart\u00ednez. \u201cReiterar el respaldo, el cari\u00f1o de la gente en la comuna. Con el alcalde estamos super comprometidos con el desarrollo de la comuna, vamos a impulsar los temas que sean importantes, que activen Ays\u00e9n, que generen empleo, es necesario que nos pongamos todos de acuerdo y vamos a sumar a quienes se sientan convocados, a enfrentar los a\u00f1os que se vienen, con mucho trabajo pero con mucho optimismo tambi\u00e9n. Estoy confiado en que si hacemos las cosas bien vamos a poder lograr que Ays\u00e9n vuelva a crecer\u201d.<\/p>\n<p style=\"text-align: justify;\">De esta manera, Santana Vargas se transform\u00f3 en el segundo nombre en ostentar el cargo v\u00eda elecci\u00f3n popular, y durante este jueves realizar\u00e1 su primera visita a Puerto Ays\u00e9n como autoridad regional.<\/p>\n<\/div><\/section><\/div><div  style='height:50px' class='hr hr-invisible   avia-builder-el-6  el_after_av_one_full  el_before_av_social_share '><span class='hr-inner ' ><span class='hr-inner-style'><\/span><\/span><\/div><\/p>\n<div  class='av-social-sharing-box  avia-builder-el-7  el_after_av_hr  el_before_av_hr  '><div class='av-share-box'><h5 class='av-share-link-description av-no-toc '>Compartir esta noticia<\/h5><ul class='av-share-box-list noLightbox'><li class='av-share-link av-social-link-facebook' ><a target=\"_blank\" aria-label=\"Compartir en Facebook\" href='https:\/\/www.facebook.com\/sharer.php?u=https:\/\/radiorevelacionfm.cl\/?p=49422&#038;t=Alcalde%20de%20Ays%C3%A9n%20acompa%C3%B1%C3%B3%20juramento%20de%20Marcelo%20Santana%20como%20Gobernador%20Regional' aria-hidden='false' data-av_icon='\ue8f3' data-av_iconfont='entypo-fontello' title='' data-avia-related-tooltip='Compartir en Facebook' rel=\"noopener\"><span class='avia_hidden_link_text'>Compartir en Facebook<\/span><\/a><\/li><li class='av-share-link av-social-link-twitter' ><a target=\"_blank\" aria-label=\"Compartir en Twitter\" href='https:\/\/twitter.com\/share?text=Alcalde%20de%20Ays%C3%A9n%20acompa%C3%B1%C3%B3%20juramento%20de%20Marcelo%20Santana%20como%20Gobernador%20Regional&#038;url=https:\/\/radiorevelacionfm.cl\/?p=49422' aria-hidden='false' data-av_icon='\ue8f1' data-av_iconfont='entypo-fontello' title='' data-avia-related-tooltip='Compartir en Twitter' rel=\"noopener\"><span class='avia_hidden_link_text'>Compartir en Twitter<\/span><\/a><\/li><li class='av-share-link av-social-link-whatsapp' ><a target=\"_blank\" aria-label=\"Compartir en Whatsapp\" href='https:\/\/api.whatsapp.com\/send?text=https:\/\/radiorevelacionfm.cl\/?p=49422' aria-hidden='false' data-av_icon='\uf232' data-av_iconfont='entypo-fontello' title='' data-avia-related-tooltip='Compartir en Whatsapp' rel=\"noopener\"><span class='avia_hidden_link_text'>Compartir en Whatsapp<\/span><\/a><\/li><li class='av-share-link av-social-link-linkedin' ><a target=\"_blank\" aria-label=\"Compartir en LinkedIn\" href='https:\/\/linkedin.com\/shareArticle?mini=true&#038;title=Alcalde%20de%20Ays%C3%A9n%20acompa%C3%B1%C3%B3%20juramento%20de%20Marcelo%20Santana%20como%20Gobernador%20Regional&#038;url=https:\/\/radiorevelacionfm.cl\/?p=49422' aria-hidden='false' data-av_icon='\ue8fc' data-av_iconfont='entypo-fontello' title='' data-avia-related-tooltip='Compartir en LinkedIn' rel=\"noopener\"><span class='avia_hidden_link_text'>Compartir en LinkedIn<\/span><\/a><\/li><li class='av-share-link av-social-link-mail' ><a  aria-label=\"Compartir por correo\" href='mailto:?subject=Alcalde%20de%20Ays%C3%A9n%20acompa%C3%B1%C3%B3%20juramento%20de%20Marcelo%20Santana%20como%20Gobernador%20Regional&#038;body=https:\/\/radiorevelacionfm.cl\/?p=49422' aria-hidden='false' data-av_icon='\ue805' data-av_iconfont='entypo-fontello' title='' data-avia-related-tooltip='Compartir por correo'><span class='avia_hidden_link_text'>Compartir por correo<\/span><\/a><\/li><\/ul><\/div><\/div>\n<div  style='height:50px' class='hr hr-invisible   avia-builder-el-8  el_after_av_social_share  el_before_av_comments_list '><span class='hr-inner ' ><span class='hr-inner-style'><\/span><\/span><\/div>\n<div  class='av-buildercomment  av-blog-meta-html-info-disabled av-blog-meta-tag-disabled  '><\/div>\n","protected":false},"excerpt":{"rendered":"","protected":false},"author":1,"featured_media":49423,"comment_status":"open","ping_status":"open","sticky":false,"template":"","format":"standard","meta":{"footnotes":""},"categories":[38],"tags":[],"class_list":["post-49422","post","type-post","status-publish","format-standard","has-post-thumbnail","hentry","category-regional"],"jetpack_featured_media_url":"https:\/\/radiorevelacionfm.cl\/wp-content\/uploads\/2025\/01\/IMG_9688-1-1.jpg","_links":{"self":[{"href":"https:\/\/radiorevelacionfm.cl\/index.php?rest_route=\/wp\/v2\/posts\/49422","targetHints":{"allow":["GET"]}}],"collection":[{"href":"https:\/\/radiorevelacionfm.cl\/index.php?rest_route=\/wp\/v2\/posts"}],"about":[{"href":"https:\/\/radiorevelacionfm.cl\/index.php?rest_route=\/wp\/v2\/types\/post"}],"author":[{"embeddable":true,"href":"https:\/\/radiorevelacionfm.cl\/index.php?rest_route=\/wp\/v2\/users\/1"}],"replies":[{"embeddable":true,"href":"https:\/\/radiorevelacionfm.cl\/index.php?rest_route=%2Fwp%2Fv2%2Fcomments&post=49422"}],"version-history":[{"count":1,"href":"https:\/\/radiorevelacionfm.cl\/index.php?rest_route=\/wp\/v2\/posts\/49422\/revisions"}],"predecessor-version":[{"id":49424,"href":"https:\/\/radiorevelacionfm.cl\/index.php?rest_route=\/wp\/v2\/posts\/49422\/revisions\/49424"}],"wp:featuredmedia":[{"embeddable":true,"href":"https:\/\/radiorevelacionfm.cl\/index.php?rest_route=\/wp\/v2\/media\/49423"}],"wp:attachment":[{"href":"https:\/\/radiorevelacionfm.cl\/index.php?rest_route=%2Fwp%2Fv2%2Fmedia&parent=49422"}],"wp:term":[{"taxonomy":"category","embeddable":true,"href":"https:\/\/radiorevelacionfm.cl\/index.php?rest_route=%2Fwp%2Fv2%2Fcategories&post=49422"},{"taxonomy":"post_tag","embeddable":true,"href":"https:\/\/radiorevelacionfm.cl\/index.php?rest_route=%2Fwp%2Fv2%2Ftags&post=49422"}],"curies":[{"name":"wp","href":"https:\/\/api.w.org\/{rel}","templated":true}]}}