{"id":49419,"date":"2025-01-07T15:30:09","date_gmt":"2025-01-07T18:30:09","guid":{"rendered":"https:\/\/radiorevelacionfm.cl\/?p=49419"},"modified":"2025-01-07T15:30:09","modified_gmt":"2025-01-07T18:30:09","slug":"oxxean-consolida-la-temporada-de-cruceros-2024-2025-en-la-region-de-aysen","status":"publish","type":"post","link":"https:\/\/radiorevelacionfm.cl\/?p=49419","title":{"rendered":"OXXEAN consolida la temporada de Cruceros 2024-2025 en la Regi\u00f3n de Ays\u00e9n"},"content":{"rendered":"<div class=\"flex_column av_one_full  flex_column_div av-zero-column-padding first  avia-builder-el-0  el_before_av_one_full  avia-builder-el-first  \" style='border-radius:0px; '><div  class='avia-image-container  av-styling-    avia-builder-el-1  avia-builder-el-no-sibling  avia-align-center '  itemprop=\"image\" itemscope=\"itemscope\" itemtype=\"https:\/\/schema.org\/ImageObject\"  ><div class='avia-image-container-inner'><div class='avia-image-overlay-wrap'><img decoding=\"async\" class='wp-image-49420 avia-img-lazy-loading-not-49420 avia_image' src=\"https:\/\/radiorevelacionfm.cl\/wp-content\/uploads\/2025\/01\/1-2025-01-07T151046.453-1-1.jpg\" alt='' title='1 - 2025-01-07T151046.453 (1) (1)' height=\"600\" width=\"900\"  itemprop=\"thumbnailUrl\" srcset=\"https:\/\/radiorevelacionfm.cl\/wp-content\/uploads\/2025\/01\/1-2025-01-07T151046.453-1-1.jpg 900w, https:\/\/radiorevelacionfm.cl\/wp-content\/uploads\/2025\/01\/1-2025-01-07T151046.453-1-1-300x200.jpg 300w, https:\/\/radiorevelacionfm.cl\/wp-content\/uploads\/2025\/01\/1-2025-01-07T151046.453-1-1-768x512.jpg 768w, https:\/\/radiorevelacionfm.cl\/wp-content\/uploads\/2025\/01\/1-2025-01-07T151046.453-1-1-705x470.jpg 705w, https:\/\/radiorevelacionfm.cl\/wp-content\/uploads\/2025\/01\/1-2025-01-07T151046.453-1-1-450x300.jpg 450w, https:\/\/radiorevelacionfm.cl\/wp-content\/uploads\/2025\/01\/1-2025-01-07T151046.453-1-1-600x400.jpg 600w\" sizes=\"(max-width: 900px) 100vw, 900px\" \/><\/div><\/div><\/div><\/div><div class=\"flex_column av_one_full  flex_column_div av-zero-column-padding first  avia-builder-el-2  el_after_av_one_full  el_before_av_one_full  column-top-margin\" style='border-radius:0px; '><section class=\"av_textblock_section \"  itemscope=\"itemscope\" itemtype=\"https:\/\/schema.org\/BlogPosting\" itemprop=\"blogPost\" ><div class='avia_textblock  '   itemprop=\"text\" ><p style=\"text-align: center;\"><strong><span style=\"font-size: 18pt;\">OXXEAN consolida la temporada de Cruceros 2024-2025 en la Regi\u00f3n de Ays\u00e9n<\/span><\/strong><\/p>\n<div id=\"gtx-trans\" style=\"position: absolute; left: -50px; top: 4.31534px;\">\n<div class=\"gtx-trans-icon\"><\/div>\n<\/div>\n<\/div><\/section><\/div><div class=\"flex_column av_one_full  flex_column_div av-zero-column-padding first  avia-builder-el-4  el_after_av_one_full  el_before_av_hr  column-top-margin\" style='border-radius:0px; '><section class=\"av_textblock_section \"  itemscope=\"itemscope\" itemtype=\"https:\/\/schema.org\/BlogPosting\" itemprop=\"blogPost\" ><div class='avia_textblock  '   itemprop=\"text\" ><p style=\"text-align: justify;\">OXXEAN, a trav\u00e9s de su unidad de Puerto Chacabuco, vive actualmente una de las temporadas de cruceros m\u00e1s relevantes de los \u00faltimos a\u00f1os. Con la presencia de l\u00edneas como Viking Cruises, Holland America Line, MSC Cruises, Azamara Cruises, Costa Cruises y Bernhard Schulte Shipmanagement, gestionadas por las agencias Inchcape y Agunsa. As\u00ed, OXXEAN se consolida como un punto estrat\u00e9gico para el turismo en la Patagonia chilena, gracias a su infraestructura moderna y servicios de alta calidad, que incluyen salas de tr\u00e1nsito exclusivas y atenci\u00f3n personalizada en su terminal de pasajeros.<\/p>\n<p style=\"text-align: justify;\">Calixto Vega, Gerente de Operaciones de OXXEAN Puerto Chacabuco, subraya que este a\u00f1o el terminal de pasajeros ha dado un gran salto para mejorar la experiencia de nuestros clientes, el desembarque es mucho m\u00e1s \u00e1gil, permitiendo que los turistas exploren los encantos de la regi\u00f3n de Ays\u00e9n sin demora. Adem\u00e1s, nuestras salas de pasajeros ampliadas son una muestra de c\u00f3mo estamos trabajando para potenciar el turismo regional.<\/p>\n<p style=\"text-align: justify;\">Esta temporada de cruceros est\u00e1 impulsando significativamente la econom\u00eda de Ays\u00e9n, destaca Ivar Pacheco, fundador de OXXEAN. \u201cAl aumentar el flujo de turistas, se genera m\u00e1s puestos de trabajo en diversos sectores. Esto, a su vez, estimula la demanda productiva local. Adem\u00e1s, se fortalece la infraestructura tur\u00edstica de la regi\u00f3n, mejorando la experiencia de los visitantes y generando un c\u00edrculo virtuoso de desarrollo econ\u00f3mico\u201d.<\/p>\n<p style=\"text-align: justify;\">En t\u00e9rminos de infraestructura, OXXEAN Puerto Chacabuco dispone de una sala de pasajeros moderna de 400 m\u00b2, dise\u00f1ada con altos est\u00e1ndares de confort y conectividad. Esta sala, posee una doble l\u00ednea de control de ingreso, lo que permite y asegura una experiencia eficiente y de calidad para los visitantes, reafirmando el compromiso de OXXEAN con la excelencia en cada uno de sus procesos.<\/p>\n<p style=\"text-align: justify;\">Con la llegada de emblem\u00e1ticos buques como el Viking Polaris y el Oosterdam, se espera que esta temporada aumente significativamente la actividad tur\u00edstica en la regi\u00f3n, consolidando a OXXEAN Puerto Chacabuco como un destino destacado para los cruceros que recorren el extremo sur del continente. La comunidad portuaria de OXXEAN est\u00e1 preparada para ofrecer a los turistas una experiencia \u00fanica, resaltando la riqueza natural y cultural de la regi\u00f3n de Ays\u00e9n, fortaleciendo los v\u00ednculos y fomentando una relaci\u00f3n estrecha entre OXXEAN, los turistas y la comunidad local, promoviendo el turismo responsable y generando un impacto positivo en la regi\u00f3n.<\/p>\n<p style=\"text-align: justify;\">Descubre m\u00e1s sobre nuestras operaciones y servicios en <a href=\"http:\/\/www.oxxean.cl\">www.oxxean.cl<\/a><\/p>\n<\/div><\/section><\/div><div  style='height:50px' class='hr hr-invisible   avia-builder-el-6  el_after_av_one_full  el_before_av_social_share '><span class='hr-inner ' ><span class='hr-inner-style'><\/span><\/span><\/div><\/p>\n<div  class='av-social-sharing-box  avia-builder-el-7  el_after_av_hr  el_before_av_hr  '><div class='av-share-box'><h5 class='av-share-link-description av-no-toc '>Compartir esta noticia<\/h5><ul class='av-share-box-list noLightbox'><li class='av-share-link av-social-link-facebook' ><a target=\"_blank\" aria-label=\"Compartir en Facebook\" href='https:\/\/www.facebook.com\/sharer.php?u=https:\/\/radiorevelacionfm.cl\/?p=49419&#038;t=OXXEAN%20consolida%20la%20temporada%20de%20Cruceros%202024-2025%20en%20la%20Regi%C3%B3n%20de%20Ays%C3%A9n' aria-hidden='false' data-av_icon='\ue8f3' data-av_iconfont='entypo-fontello' title='' data-avia-related-tooltip='Compartir en Facebook' rel=\"noopener\"><span class='avia_hidden_link_text'>Compartir en Facebook<\/span><\/a><\/li><li class='av-share-link av-social-link-twitter' ><a target=\"_blank\" aria-label=\"Compartir en Twitter\" href='https:\/\/twitter.com\/share?text=OXXEAN%20consolida%20la%20temporada%20de%20Cruceros%202024-2025%20en%20la%20Regi%C3%B3n%20de%20Ays%C3%A9n&#038;url=https:\/\/radiorevelacionfm.cl\/?p=49419' aria-hidden='false' data-av_icon='\ue8f1' data-av_iconfont='entypo-fontello' title='' data-avia-related-tooltip='Compartir en Twitter' rel=\"noopener\"><span class='avia_hidden_link_text'>Compartir en Twitter<\/span><\/a><\/li><li class='av-share-link av-social-link-whatsapp' ><a target=\"_blank\" aria-label=\"Compartir en Whatsapp\" href='https:\/\/api.whatsapp.com\/send?text=https:\/\/radiorevelacionfm.cl\/?p=49419' aria-hidden='false' data-av_icon='\uf232' data-av_iconfont='entypo-fontello' title='' data-avia-related-tooltip='Compartir en Whatsapp' rel=\"noopener\"><span class='avia_hidden_link_text'>Compartir en Whatsapp<\/span><\/a><\/li><li class='av-share-link av-social-link-linkedin' ><a target=\"_blank\" aria-label=\"Compartir en LinkedIn\" href='https:\/\/linkedin.com\/shareArticle?mini=true&#038;title=OXXEAN%20consolida%20la%20temporada%20de%20Cruceros%202024-2025%20en%20la%20Regi%C3%B3n%20de%20Ays%C3%A9n&#038;url=https:\/\/radiorevelacionfm.cl\/?p=49419' aria-hidden='false' data-av_icon='\ue8fc' data-av_iconfont='entypo-fontello' title='' data-avia-related-tooltip='Compartir en LinkedIn' rel=\"noopener\"><span class='avia_hidden_link_text'>Compartir en LinkedIn<\/span><\/a><\/li><li class='av-share-link av-social-link-mail' ><a  aria-label=\"Compartir por correo\" href='mailto:?subject=OXXEAN%20consolida%20la%20temporada%20de%20Cruceros%202024-2025%20en%20la%20Regi%C3%B3n%20de%20Ays%C3%A9n&#038;body=https:\/\/radiorevelacionfm.cl\/?p=49419' aria-hidden='false' data-av_icon='\ue805' data-av_iconfont='entypo-fontello' title='' data-avia-related-tooltip='Compartir por correo'><span class='avia_hidden_link_text'>Compartir por correo<\/span><\/a><\/li><\/ul><\/div><\/div>\n<div  style='height:50px' class='hr hr-invisible   avia-builder-el-8  el_after_av_social_share  el_before_av_comments_list '><span class='hr-inner ' ><span class='hr-inner-style'><\/span><\/span><\/div>\n<div  class='av-buildercomment  av-blog-meta-html-info-disabled av-blog-meta-tag-disabled  '><\/div>\n","protected":false},"excerpt":{"rendered":"","protected":false},"author":1,"featured_media":49420,"comment_status":"open","ping_status":"open","sticky":false,"template":"","format":"standard","meta":{"footnotes":""},"categories":[54],"tags":[],"class_list":["post-49419","post","type-post","status-publish","format-standard","has-post-thumbnail","hentry","category-turismo"],"jetpack_featured_media_url":"https:\/\/radiorevelacionfm.cl\/wp-content\/uploads\/2025\/01\/1-2025-01-07T151046.453-1-1.jpg","_links":{"self":[{"href":"https:\/\/radiorevelacionfm.cl\/index.php?rest_route=\/wp\/v2\/posts\/49419","targetHints":{"allow":["GET"]}}],"collection":[{"href":"https:\/\/radiorevelacionfm.cl\/index.php?rest_route=\/wp\/v2\/posts"}],"about":[{"href":"https:\/\/radiorevelacionfm.cl\/index.php?rest_route=\/wp\/v2\/types\/post"}],"author":[{"embeddable":true,"href":"https:\/\/radiorevelacionfm.cl\/index.php?rest_route=\/wp\/v2\/users\/1"}],"replies":[{"embeddable":true,"href":"https:\/\/radiorevelacionfm.cl\/index.php?rest_route=%2Fwp%2Fv2%2Fcomments&post=49419"}],"version-history":[{"count":1,"href":"https:\/\/radiorevelacionfm.cl\/index.php?rest_route=\/wp\/v2\/posts\/49419\/revisions"}],"predecessor-version":[{"id":49421,"href":"https:\/\/radiorevelacionfm.cl\/index.php?rest_route=\/wp\/v2\/posts\/49419\/revisions\/49421"}],"wp:featuredmedia":[{"embeddable":true,"href":"https:\/\/radiorevelacionfm.cl\/index.php?rest_route=\/wp\/v2\/media\/49420"}],"wp:attachment":[{"href":"https:\/\/radiorevelacionfm.cl\/index.php?rest_route=%2Fwp%2Fv2%2Fmedia&parent=49419"}],"wp:term":[{"taxonomy":"category","embeddable":true,"href":"https:\/\/radiorevelacionfm.cl\/index.php?rest_route=%2Fwp%2Fv2%2Fcategories&post=49419"},{"taxonomy":"post_tag","embeddable":true,"href":"https:\/\/radiorevelacionfm.cl\/index.php?rest_route=%2Fwp%2Fv2%2Ftags&post=49419"}],"curies":[{"name":"wp","href":"https:\/\/api.w.org\/{rel}","templated":true}]}}