{"id":49416,"date":"2025-01-07T17:07:00","date_gmt":"2025-01-07T20:07:00","guid":{"rendered":"https:\/\/radiorevelacionfm.cl\/?p=49416"},"modified":"2025-01-07T17:07:00","modified_gmt":"2025-01-07T20:07:00","slug":"seremi-de-gobierno-y-reforma-de-pensiones-todos-sabemos-que-chile-y-quienes-han-dedicado-su-vida-al-trabajo-merecen-mejores-pensiones","status":"publish","type":"post","link":"https:\/\/radiorevelacionfm.cl\/?p=49416","title":{"rendered":"Seremi de Gobierno y reforma de pensiones: \u00abTodos sabemos que Chile, y quienes han dedicado su vida al trabajo, merecen mejores pensiones\u00bb"},"content":{"rendered":"<div class=\"flex_column av_one_full  flex_column_div av-zero-column-padding first  avia-builder-el-0  el_before_av_one_full  avia-builder-el-first  \" style='border-radius:0px; '><div  class='avia-image-container  av-styling-    avia-builder-el-1  avia-builder-el-no-sibling  avia-align-center '  itemprop=\"image\" itemscope=\"itemscope\" itemtype=\"https:\/\/schema.org\/ImageObject\"  ><div class='avia-image-container-inner'><div class='avia-image-overlay-wrap'><img decoding=\"async\" class='wp-image-49417 avia-img-lazy-loading-not-49417 avia_image' src=\"https:\/\/radiorevelacionfm.cl\/wp-content\/uploads\/2025\/01\/Reforma-Previsional-Foto-1-1-1.jpeg\" alt='' title='Reforma Previsional Foto 1 (1) (1)' height=\"600\" width=\"800\"  itemprop=\"thumbnailUrl\" srcset=\"https:\/\/radiorevelacionfm.cl\/wp-content\/uploads\/2025\/01\/Reforma-Previsional-Foto-1-1-1.jpeg 800w, https:\/\/radiorevelacionfm.cl\/wp-content\/uploads\/2025\/01\/Reforma-Previsional-Foto-1-1-1-300x225.jpeg 300w, https:\/\/radiorevelacionfm.cl\/wp-content\/uploads\/2025\/01\/Reforma-Previsional-Foto-1-1-1-768x576.jpeg 768w, https:\/\/radiorevelacionfm.cl\/wp-content\/uploads\/2025\/01\/Reforma-Previsional-Foto-1-1-1-705x529.jpeg 705w, https:\/\/radiorevelacionfm.cl\/wp-content\/uploads\/2025\/01\/Reforma-Previsional-Foto-1-1-1-450x338.jpeg 450w, https:\/\/radiorevelacionfm.cl\/wp-content\/uploads\/2025\/01\/Reforma-Previsional-Foto-1-1-1-600x450.jpeg 600w\" sizes=\"(max-width: 800px) 100vw, 800px\" \/><\/div><\/div><\/div><\/div><div class=\"flex_column av_one_full  flex_column_div av-zero-column-padding first  avia-builder-el-2  el_after_av_one_full  el_before_av_one_full  column-top-margin\" style='border-radius:0px; '><section class=\"av_textblock_section \"  itemscope=\"itemscope\" itemtype=\"https:\/\/schema.org\/BlogPosting\" itemprop=\"blogPost\" ><div class='avia_textblock  '   itemprop=\"text\" ><p style=\"text-align: center;\"><strong><span style=\"font-size: 18pt;\">Seremi de Gobierno y reforma de pensiones: \u00abTodos sabemos que Chile, y quienes han dedicado su vida al trabajo, merecen mejores pensiones\u00bb<\/span><\/strong><\/p>\n<div id=\"gtx-trans\" style=\"position: absolute; left: -50px; top: 4.31534px;\">\n<div class=\"gtx-trans-icon\"><\/div>\n<\/div>\n<\/div><\/section><\/div><div class=\"flex_column av_one_full  flex_column_div av-zero-column-padding first  avia-builder-el-4  el_after_av_one_full  el_before_av_hr  column-top-margin\" style='border-radius:0px; '><section class=\"av_textblock_section \"  itemscope=\"itemscope\" itemtype=\"https:\/\/schema.org\/BlogPosting\" itemprop=\"blogPost\" ><div class='avia_textblock  '   itemprop=\"text\" ><p class=\"v1MsoNormal\" style=\"text-align: justify;\"><i>\u00darsula Mix Jim\u00e9nez se refiri\u00f3 a la importancia de avanzar en la reforma previsional y dijo que la iniciativa \u00abest\u00e1 en la \u00faltima fase de su tramitaci\u00f3n\u00bb, reiterando que\u00a0 el compromiso del Gobierno es despachar el proyecto de ley durante el mes de enero.<\/i><\/p>\n<p class=\"v1MsoNormal\" style=\"text-align: justify;\">\u00abEl gobierno del Presidente Gabriel Boric est\u00e1 comprometido con mejorar ya las pensiones de las y los jubilados, porque escucha a las familias, entiende la necesidad de subir las actuales y futuras pensiones, y de terminar con la injusticia que sufren las mujeres solo por vivir m\u00e1s a\u00f1os. Todos sabemos que Chile, y quienes han dedicado su vida al trabajo, merecen mejores pensiones.\u00bb En estos t\u00e9rminos, la portavoz del Gobierno en Ays\u00e9n, \u00darsula Mix Jim\u00e9nez, se\u00f1al\u00f3 este lunes la importancia de contar prontamente con una Reforma al actual sistema de pensiones.<\/p>\n<p class=\"v1MsoNormal\" style=\"text-align: justify;\">La autoridad regional explic\u00f3 que la propuesta del Gobierno busca garantizar un sistema de pensiones m\u00e1s justo y que repare inequidades hist\u00f3ricas, con un nuevo aporte de 6% a cargo del empleador, y que no tocar\u00e1 el actual 10% de propiedad de las y los trabajadores<\/p>\n<p class=\"v1MsoNormal\" style=\"text-align: justify;\">Este aporte busca responder a las necesidades actuales y futuras de las y los trabajadores, fortaleciendo sus cuentas individuales, compensar de manera justa a los pensionados actuales y de los pr\u00f3ximos a\u00f1os con 0,1 UF por a\u00f1o cotizado y compensar a las mujeres por las labores de cuidado y las diferencias estructurales entre hombres y mujeres.<\/p>\n<p class=\"v1MsoNormal\" style=\"text-align: justify;\">\u00abNuestro gobierno busca garantizar un sistema que valore el esfuerzo de toda una vida, subiendo las pensiones, no en 20 a\u00f1os m\u00e1s, sino ahora ya. Hemos sido tremendamente flexibles y seguimos confiando en alcanzar un acuerdo que est\u00e9 en sinton\u00eda con lo que espera Chile. Con mucho di\u00e1logo, hemos cedido e incorporado distintas visiones, en pos de avanzar y dar, finalmente, una respuesta a las y los pensionados, a los trabajadores y a las madres y sus hijos\u00bb, se\u00f1al\u00f3 la vocera.<\/p>\n<p class=\"v1MsoNormal\" style=\"text-align: justify;\">\u00abPor esa raz\u00f3n -a\u00f1adi\u00f3-, es importante tener en cuenta el bienestar de las familias chilenas y no el negocio de unos pocos. Este es el momento de concretar una reforma que Chile necesita y merece con urgencia, y creemos que con voluntad pol\u00edtica y acuerdos, podremos lograr que las pensiones suban ahora, compensando especialmente el esfuerzo de las mujeres\u00bb.<\/p>\n<p class=\"v1MsoNormal\" style=\"text-align: justify;\"><b>Discusi\u00f3n legislativa<\/b><\/p>\n<p class=\"v1MsoNormal\" style=\"text-align: justify;\">El proyecto de Reforma Previsional se vot\u00f3 en la C\u00e1mara de Diputadas y Diputados, dando origen a un texto que ingres\u00f3 al Senado. La Comisi\u00f3n de Trabajo del Senado, por su parte, condujo un proceso de audiencias en que se escuch\u00f3 a m\u00e1s de 40 participantes y encarg\u00f3 a una Comisi\u00f3n T\u00e9cnica el an\u00e1lisis de alternativas en las diversas materias cubiertas por el proyecto del Ejecutivo. Luego de entregado el Informe de la Comisi\u00f3n, el Ejecutivo present\u00f3 el documento Marco para la Discusi\u00f3n en Particular del Proyecto de Reforma Previsional en el Senado.<\/p>\n<p class=\"v1MsoNormal\" style=\"text-align: justify;\">Tras haber acordado el protocolo de tramitaci\u00f3n de la reforma con los parlamentarios de la Comisi\u00f3n de Trabajo del Senado, se han aprobado ocho iniciativas contempladas en la reforma que apuntan a incrementar el ahorro previsional, mejorar las rentabilidades y otorgar mayor transparencia a la industria. El compromiso es que en enero de 2025 finalice el segundo tr\u00e1mite constitucional.<\/p>\n<\/div><\/section><\/div><div  style='height:50px' class='hr hr-invisible   avia-builder-el-6  el_after_av_one_full  el_before_av_social_share '><span class='hr-inner ' ><span class='hr-inner-style'><\/span><\/span><\/div><\/p>\n<div  class='av-social-sharing-box  avia-builder-el-7  el_after_av_hr  el_before_av_hr  '><div class='av-share-box'><h5 class='av-share-link-description av-no-toc '>Compartir esta noticia<\/h5><ul class='av-share-box-list noLightbox'><li class='av-share-link av-social-link-facebook' ><a target=\"_blank\" aria-label=\"Compartir en Facebook\" href='https:\/\/www.facebook.com\/sharer.php?u=https:\/\/radiorevelacionfm.cl\/?p=49416&#038;t=Seremi%20de%20Gobierno%20y%20reforma%20de%20pensiones%3A%20%C2%ABTodos%20sabemos%20que%20Chile%2C%20y%20quienes%20han%20dedicado%20su%20vida%20al%20trabajo%2C%20merecen%20mejores%20pensiones%C2%BB' aria-hidden='false' data-av_icon='\ue8f3' data-av_iconfont='entypo-fontello' title='' data-avia-related-tooltip='Compartir en Facebook' rel=\"noopener\"><span class='avia_hidden_link_text'>Compartir en Facebook<\/span><\/a><\/li><li class='av-share-link av-social-link-twitter' ><a target=\"_blank\" aria-label=\"Compartir en Twitter\" href='https:\/\/twitter.com\/share?text=Seremi%20de%20Gobierno%20y%20reforma%20de%20pensiones%3A%20%C2%ABTodos%20sabemos%20que%20Chile%2C%20y%20quienes%20han%20dedicado%20su%20vida%20al%20trabajo%2C%20merecen%20mejores%20pensiones%C2%BB&#038;url=https:\/\/radiorevelacionfm.cl\/?p=49416' aria-hidden='false' data-av_icon='\ue8f1' data-av_iconfont='entypo-fontello' title='' data-avia-related-tooltip='Compartir en Twitter' rel=\"noopener\"><span class='avia_hidden_link_text'>Compartir en Twitter<\/span><\/a><\/li><li class='av-share-link av-social-link-whatsapp' ><a target=\"_blank\" aria-label=\"Compartir en Whatsapp\" href='https:\/\/api.whatsapp.com\/send?text=https:\/\/radiorevelacionfm.cl\/?p=49416' aria-hidden='false' data-av_icon='\uf232' data-av_iconfont='entypo-fontello' title='' data-avia-related-tooltip='Compartir en Whatsapp' rel=\"noopener\"><span class='avia_hidden_link_text'>Compartir en Whatsapp<\/span><\/a><\/li><li class='av-share-link av-social-link-linkedin' ><a target=\"_blank\" aria-label=\"Compartir en LinkedIn\" href='https:\/\/linkedin.com\/shareArticle?mini=true&#038;title=Seremi%20de%20Gobierno%20y%20reforma%20de%20pensiones%3A%20%C2%ABTodos%20sabemos%20que%20Chile%2C%20y%20quienes%20han%20dedicado%20su%20vida%20al%20trabajo%2C%20merecen%20mejores%20pensiones%C2%BB&#038;url=https:\/\/radiorevelacionfm.cl\/?p=49416' aria-hidden='false' data-av_icon='\ue8fc' data-av_iconfont='entypo-fontello' title='' data-avia-related-tooltip='Compartir en LinkedIn' rel=\"noopener\"><span class='avia_hidden_link_text'>Compartir en LinkedIn<\/span><\/a><\/li><li class='av-share-link av-social-link-mail' ><a  aria-label=\"Compartir por correo\" href='mailto:?subject=Seremi%20de%20Gobierno%20y%20reforma%20de%20pensiones%3A%20%C2%ABTodos%20sabemos%20que%20Chile%2C%20y%20quienes%20han%20dedicado%20su%20vida%20al%20trabajo%2C%20merecen%20mejores%20pensiones%C2%BB&#038;body=https:\/\/radiorevelacionfm.cl\/?p=49416' aria-hidden='false' data-av_icon='\ue805' data-av_iconfont='entypo-fontello' title='' data-avia-related-tooltip='Compartir por correo'><span class='avia_hidden_link_text'>Compartir por correo<\/span><\/a><\/li><\/ul><\/div><\/div>\n<div  style='height:50px' class='hr hr-invisible   avia-builder-el-8  el_after_av_social_share  el_before_av_comments_list '><span class='hr-inner ' ><span class='hr-inner-style'><\/span><\/span><\/div>\n<div  class='av-buildercomment  av-blog-meta-html-info-disabled av-blog-meta-tag-disabled  '><\/div>\n","protected":false},"excerpt":{"rendered":"","protected":false},"author":1,"featured_media":49417,"comment_status":"open","ping_status":"open","sticky":false,"template":"","format":"standard","meta":{"footnotes":""},"categories":[38],"tags":[],"class_list":["post-49416","post","type-post","status-publish","format-standard","has-post-thumbnail","hentry","category-regional"],"jetpack_featured_media_url":"https:\/\/radiorevelacionfm.cl\/wp-content\/uploads\/2025\/01\/Reforma-Previsional-Foto-1-1-1.jpeg","_links":{"self":[{"href":"https:\/\/radiorevelacionfm.cl\/index.php?rest_route=\/wp\/v2\/posts\/49416","targetHints":{"allow":["GET"]}}],"collection":[{"href":"https:\/\/radiorevelacionfm.cl\/index.php?rest_route=\/wp\/v2\/posts"}],"about":[{"href":"https:\/\/radiorevelacionfm.cl\/index.php?rest_route=\/wp\/v2\/types\/post"}],"author":[{"embeddable":true,"href":"https:\/\/radiorevelacionfm.cl\/index.php?rest_route=\/wp\/v2\/users\/1"}],"replies":[{"embeddable":true,"href":"https:\/\/radiorevelacionfm.cl\/index.php?rest_route=%2Fwp%2Fv2%2Fcomments&post=49416"}],"version-history":[{"count":1,"href":"https:\/\/radiorevelacionfm.cl\/index.php?rest_route=\/wp\/v2\/posts\/49416\/revisions"}],"predecessor-version":[{"id":49418,"href":"https:\/\/radiorevelacionfm.cl\/index.php?rest_route=\/wp\/v2\/posts\/49416\/revisions\/49418"}],"wp:featuredmedia":[{"embeddable":true,"href":"https:\/\/radiorevelacionfm.cl\/index.php?rest_route=\/wp\/v2\/media\/49417"}],"wp:attachment":[{"href":"https:\/\/radiorevelacionfm.cl\/index.php?rest_route=%2Fwp%2Fv2%2Fmedia&parent=49416"}],"wp:term":[{"taxonomy":"category","embeddable":true,"href":"https:\/\/radiorevelacionfm.cl\/index.php?rest_route=%2Fwp%2Fv2%2Fcategories&post=49416"},{"taxonomy":"post_tag","embeddable":true,"href":"https:\/\/radiorevelacionfm.cl\/index.php?rest_route=%2Fwp%2Fv2%2Ftags&post=49416"}],"curies":[{"name":"wp","href":"https:\/\/api.w.org\/{rel}","templated":true}]}}