{"id":49414,"date":"2025-01-07T14:58:51","date_gmt":"2025-01-07T17:58:51","guid":{"rendered":"https:\/\/radiorevelacionfm.cl\/?p=49414"},"modified":"2025-01-07T14:58:51","modified_gmt":"2025-01-07T17:58:51","slug":"corte-de-coyhaique-rechaza-recursos-de-proteccion-de-comunidades-indigenas-contra-comision-regional-de-uso-de-borde-costero","status":"publish","type":"post","link":"https:\/\/radiorevelacionfm.cl\/?p=49414","title":{"rendered":"Corte de Coyhaique rechaza recursos de protecci\u00f3n de comunidades ind\u00edgenas contra Comisi\u00f3n Regional de Uso de Borde Costero"},"content":{"rendered":"<div class=\"flex_column av_one_full  flex_column_div av-zero-column-padding first  avia-builder-el-0  el_before_av_one_full  avia-builder-el-first  \" style='border-radius:0px; '><div  class='avia-image-container  av-styling-    avia-builder-el-1  avia-builder-el-no-sibling  avia-align-center '  itemprop=\"image\" itemscope=\"itemscope\" itemtype=\"https:\/\/schema.org\/ImageObject\"  ><div class='avia-image-container-inner'><div class='avia-image-overlay-wrap'><img decoding=\"async\" class='wp-image-6641 avia-img-lazy-loading-not-6641 avia_image' src=\"https:\/\/radiorevelacionfm.cl\/wp-content\/uploads\/2021\/07\/foto-01-corte-1_optimized.jpg\" alt='' title='foto-01-corte--(1)_optimized' height=\"600\" width=\"918\"  itemprop=\"thumbnailUrl\" srcset=\"https:\/\/radiorevelacionfm.cl\/wp-content\/uploads\/2021\/07\/foto-01-corte-1_optimized.jpg 918w, https:\/\/radiorevelacionfm.cl\/wp-content\/uploads\/2021\/07\/foto-01-corte-1_optimized-300x196.jpg 300w, https:\/\/radiorevelacionfm.cl\/wp-content\/uploads\/2021\/07\/foto-01-corte-1_optimized-768x502.jpg 768w, https:\/\/radiorevelacionfm.cl\/wp-content\/uploads\/2021\/07\/foto-01-corte-1_optimized-705x461.jpg 705w, https:\/\/radiorevelacionfm.cl\/wp-content\/uploads\/2021\/07\/foto-01-corte-1_optimized-600x392.jpg 600w\" sizes=\"(max-width: 918px) 100vw, 918px\" \/><\/div><\/div><\/div><\/div><div class=\"flex_column av_one_full  flex_column_div av-zero-column-padding first  avia-builder-el-2  el_after_av_one_full  el_before_av_one_full  column-top-margin\" style='border-radius:0px; '><section class=\"av_textblock_section \"  itemscope=\"itemscope\" itemtype=\"https:\/\/schema.org\/BlogPosting\" itemprop=\"blogPost\" ><div class='avia_textblock  '   itemprop=\"text\" ><p style=\"text-align: center;\"><span style=\"font-size: 18pt;\"><b>Corte de Coyhaique rechaza recursos de protecci\u00f3n de comunidades ind\u00edgenas contra Comisi\u00f3n Regional de Uso de Borde Costero<\/b><\/span><\/p>\n<div id=\"gtx-trans\" style=\"position: absolute; left: -50px; top: 4.31534px;\">\n<div class=\"gtx-trans-icon\"><\/div>\n<\/div>\n<\/div><\/section><\/div><div class=\"flex_column av_one_full  flex_column_div av-zero-column-padding first  avia-builder-el-4  el_after_av_one_full  el_before_av_hr  column-top-margin\" style='border-radius:0px; '><section class=\"av_textblock_section \"  itemscope=\"itemscope\" itemtype=\"https:\/\/schema.org\/BlogPosting\" itemprop=\"blogPost\" ><div class='avia_textblock  '   itemprop=\"text\" ><p class=\"v1MsoNormal\" style=\"text-align: justify;\">La Corte de Apelaciones de Coyhaique rechaz\u00f3 los recursos de protecci\u00f3n presentados por las comunidades ind\u00edgenas Ant\u00fcnen Ra\u00edn y Pu Wapi en contra de las resoluciones, adoptadas por la Comisi\u00f3n Regional de Uso de Borde Costero de la Regi\u00f3n de Ays\u00e9n, que no dio lugar a las solicitudes de asignaci\u00f3n de espacio costero marino delimitado en islas Huichas y Weywen Wapi, presentadas por las recurrentes.<\/p>\n<p class=\"v1MsoNormal\" style=\"text-align: justify;\">En fallos un\u00e1nimes (causa rol 163-2024 y 164-2024), la Primera Sala del tribunal de alzada \u2013integrada por el ministro Luis Aedo, el fiscal judicial Juan Patricio Silva y el abogado (i) Selim Carrasco\u2013 descart\u00f3 actuar ilegal o arbitrario de la comisi\u00f3n recurrida ilegal o arbitraria al denegar las solicitudes de Espacio Costero Marino de los Pueblos Originarios (ECMPO).<\/p>\n<p class=\"v1MsoNormal\" style=\"text-align: justify;\">\u00a0\u00abQue, analizado el actuar de la recurrida, no se advierte ilegalidad alguna, puesto que, recibida la solicitud de ECMPO, se dio curso a su tramitaci\u00f3n, desarroll\u00e1ndose las etapas contempladas en la ley que regula el ramo, proponi\u00e9ndose una reducci\u00f3n del \u00e1rea original por haber superposici\u00f3n; que habi\u00e9ndose subsanado lo anterior se remitieron los antecedentes a la CONADI a efectos de emitir informe del uso consuetudinario invocado; que habi\u00e9ndose acreditado el uso en cuesti\u00f3n se puso en conocimiento de las comunidades ind\u00edgenas pr\u00f3ximas y la comunidad regional y, posteriormente, fue sometida a votaci\u00f3n ante la Comisi\u00f3n Regional de Uso del Borde Costero de la Regi\u00f3n de Ays\u00e9n, la que, en su mayor\u00eda, opt\u00f3 por rechazar la solicitud, lo que se materializ\u00f3 mediante resoluci\u00f3n de la Subsecretar\u00eda de Pesca\u00bb, plantean los fallos.<\/p>\n<p class=\"v1MsoNormal\" style=\"text-align: justify;\">Las resoluciones agregan: \u00abQue, a mayor abundamiento, esta Corte estima que no se est\u00e1 en presencia de un derecho indubitado por parte de la recurrente, toda vez que, corresponde precisamente a la autoridad administrativa dar respuesta a la solicitud ante ella planteada, habi\u00e9ndose sometido a votaci\u00f3n ante un organismo colegiado, rechaz\u00e1ndose, en definitiva, dentro de un procedimiento reglado y sin que, revelados los inconvenientes relativos a su alcance, la solicitante se hubiese allanado siquiera a adecuar o moderar su pretensi\u00f3n a los t\u00e9rminos que le fueran propuestos por la autoridad competente\u00bb.<\/p>\n<p class=\"v1MsoNormal\" style=\"text-align: justify;\">\u00a0\u00ab(&#8230;) en consecuencia, de lo se\u00f1alado en los motivos precedentes y normativa aplicable al caso que se conoce, no puede sino concluirse que no se encuentra demostrado que la recurrida haya actuado en forma ilegal o arbitraria con ocasi\u00f3n de la denegaci\u00f3n de la solicitud de Espacio Costero Marino de los Pueblos Originarios, y del rechazo de la reclamaci\u00f3n deducida contra dicha decisi\u00f3n, no visualiz\u00e1ndose la existencia de un acto u omisi\u00f3n que importe una perturbaci\u00f3n, privaci\u00f3n o amenaza de las garant\u00edas constitucionales contenidas en los numerales 2, 8 y 24 del art\u00edculo 19 de la Constituci\u00f3n Pol\u00edtica que fueron reclamadas, habida consideraci\u00f3n que la recurrente no es titular de derechos indubitados como lo requiere esta acci\u00f3n cautelar, pues la tramitaci\u00f3n seguida ante la autoridad se ajusta a las normas y procedimientos establecidos por ley, y sus decisiones se plasmaron en sendas resoluciones, debidamente fundadas y dando razonabilidad a las argumentaciones vertidas en aquellas, por lo que se proceder\u00e1 a desestimar el recurso planteado (&#8230;)\u00bb, concluye el tribunal de alzada.<\/p>\n<\/div><\/section><\/div><div  style='height:50px' class='hr hr-invisible   avia-builder-el-6  el_after_av_one_full  el_before_av_social_share '><span class='hr-inner ' ><span class='hr-inner-style'><\/span><\/span><\/div><\/p>\n<div  class='av-social-sharing-box  avia-builder-el-7  el_after_av_hr  el_before_av_hr  '><div class='av-share-box'><h5 class='av-share-link-description av-no-toc '>Compartir esta noticia<\/h5><ul class='av-share-box-list noLightbox'><li class='av-share-link av-social-link-facebook' ><a target=\"_blank\" aria-label=\"Compartir en Facebook\" href='https:\/\/www.facebook.com\/sharer.php?u=https:\/\/radiorevelacionfm.cl\/?p=49414&#038;t=Corte%20de%20Coyhaique%20rechaza%20recursos%20de%20protecci%C3%B3n%20de%20comunidades%20ind%C3%ADgenas%20contra%20Comisi%C3%B3n%20Regional%20de%20Uso%20de%20Borde%20Costero' aria-hidden='false' data-av_icon='\ue8f3' data-av_iconfont='entypo-fontello' title='' data-avia-related-tooltip='Compartir en Facebook' rel=\"noopener\"><span class='avia_hidden_link_text'>Compartir en Facebook<\/span><\/a><\/li><li class='av-share-link av-social-link-twitter' ><a target=\"_blank\" aria-label=\"Compartir en Twitter\" href='https:\/\/twitter.com\/share?text=Corte%20de%20Coyhaique%20rechaza%20recursos%20de%20protecci%C3%B3n%20de%20comunidades%20ind%C3%ADgenas%20contra%20Comisi%C3%B3n%20Regional%20de%20Uso%20de%20Borde%20Costero&#038;url=https:\/\/radiorevelacionfm.cl\/?p=49414' aria-hidden='false' data-av_icon='\ue8f1' data-av_iconfont='entypo-fontello' title='' data-avia-related-tooltip='Compartir en Twitter' rel=\"noopener\"><span class='avia_hidden_link_text'>Compartir en Twitter<\/span><\/a><\/li><li class='av-share-link av-social-link-whatsapp' ><a target=\"_blank\" aria-label=\"Compartir en Whatsapp\" href='https:\/\/api.whatsapp.com\/send?text=https:\/\/radiorevelacionfm.cl\/?p=49414' aria-hidden='false' data-av_icon='\uf232' data-av_iconfont='entypo-fontello' title='' data-avia-related-tooltip='Compartir en Whatsapp' rel=\"noopener\"><span class='avia_hidden_link_text'>Compartir en Whatsapp<\/span><\/a><\/li><li class='av-share-link av-social-link-linkedin' ><a target=\"_blank\" aria-label=\"Compartir en LinkedIn\" href='https:\/\/linkedin.com\/shareArticle?mini=true&#038;title=Corte%20de%20Coyhaique%20rechaza%20recursos%20de%20protecci%C3%B3n%20de%20comunidades%20ind%C3%ADgenas%20contra%20Comisi%C3%B3n%20Regional%20de%20Uso%20de%20Borde%20Costero&#038;url=https:\/\/radiorevelacionfm.cl\/?p=49414' aria-hidden='false' data-av_icon='\ue8fc' data-av_iconfont='entypo-fontello' title='' data-avia-related-tooltip='Compartir en LinkedIn' rel=\"noopener\"><span class='avia_hidden_link_text'>Compartir en LinkedIn<\/span><\/a><\/li><li class='av-share-link av-social-link-mail' ><a  aria-label=\"Compartir por correo\" href='mailto:?subject=Corte%20de%20Coyhaique%20rechaza%20recursos%20de%20protecci%C3%B3n%20de%20comunidades%20ind%C3%ADgenas%20contra%20Comisi%C3%B3n%20Regional%20de%20Uso%20de%20Borde%20Costero&#038;body=https:\/\/radiorevelacionfm.cl\/?p=49414' aria-hidden='false' data-av_icon='\ue805' data-av_iconfont='entypo-fontello' title='' data-avia-related-tooltip='Compartir por correo'><span class='avia_hidden_link_text'>Compartir por correo<\/span><\/a><\/li><\/ul><\/div><\/div>\n<div  style='height:50px' class='hr hr-invisible   avia-builder-el-8  el_after_av_social_share  el_before_av_comments_list '><span class='hr-inner ' ><span class='hr-inner-style'><\/span><\/span><\/div>\n<div  class='av-buildercomment  av-blog-meta-html-info-disabled av-blog-meta-tag-disabled  '><\/div>\n","protected":false},"excerpt":{"rendered":"","protected":false},"author":1,"featured_media":6641,"comment_status":"open","ping_status":"open","sticky":false,"template":"","format":"standard","meta":{"footnotes":""},"categories":[55],"tags":[],"class_list":["post-49414","post","type-post","status-publish","format-standard","has-post-thumbnail","hentry","category-justicia"],"jetpack_featured_media_url":"https:\/\/radiorevelacionfm.cl\/wp-content\/uploads\/2021\/07\/foto-01-corte-1_optimized.jpg","_links":{"self":[{"href":"https:\/\/radiorevelacionfm.cl\/index.php?rest_route=\/wp\/v2\/posts\/49414","targetHints":{"allow":["GET"]}}],"collection":[{"href":"https:\/\/radiorevelacionfm.cl\/index.php?rest_route=\/wp\/v2\/posts"}],"about":[{"href":"https:\/\/radiorevelacionfm.cl\/index.php?rest_route=\/wp\/v2\/types\/post"}],"author":[{"embeddable":true,"href":"https:\/\/radiorevelacionfm.cl\/index.php?rest_route=\/wp\/v2\/users\/1"}],"replies":[{"embeddable":true,"href":"https:\/\/radiorevelacionfm.cl\/index.php?rest_route=%2Fwp%2Fv2%2Fcomments&post=49414"}],"version-history":[{"count":1,"href":"https:\/\/radiorevelacionfm.cl\/index.php?rest_route=\/wp\/v2\/posts\/49414\/revisions"}],"predecessor-version":[{"id":49415,"href":"https:\/\/radiorevelacionfm.cl\/index.php?rest_route=\/wp\/v2\/posts\/49414\/revisions\/49415"}],"wp:featuredmedia":[{"embeddable":true,"href":"https:\/\/radiorevelacionfm.cl\/index.php?rest_route=\/wp\/v2\/media\/6641"}],"wp:attachment":[{"href":"https:\/\/radiorevelacionfm.cl\/index.php?rest_route=%2Fwp%2Fv2%2Fmedia&parent=49414"}],"wp:term":[{"taxonomy":"category","embeddable":true,"href":"https:\/\/radiorevelacionfm.cl\/index.php?rest_route=%2Fwp%2Fv2%2Fcategories&post=49414"},{"taxonomy":"post_tag","embeddable":true,"href":"https:\/\/radiorevelacionfm.cl\/index.php?rest_route=%2Fwp%2Fv2%2Ftags&post=49414"}],"curies":[{"name":"wp","href":"https:\/\/api.w.org\/{rel}","templated":true}]}}