{"id":49411,"date":"2025-01-07T14:33:08","date_gmt":"2025-01-07T17:33:08","guid":{"rendered":"https:\/\/radiorevelacionfm.cl\/?p=49411"},"modified":"2025-01-07T14:33:08","modified_gmt":"2025-01-07T17:33:08","slug":"mas-de-10-mil-personas-de-la-region-de-aysen-participaron-en-actividades-culturales-el-2024","status":"publish","type":"post","link":"https:\/\/radiorevelacionfm.cl\/?p=49411","title":{"rendered":"M\u00e1s de 10 mil personas de la Regi\u00f3n de Ays\u00e9n participaron en actividades culturales el 2024"},"content":{"rendered":"<div class=\"flex_column av_one_full  flex_column_div av-zero-column-padding first  avia-builder-el-0  el_before_av_one_full  avia-builder-el-first  \" style='border-radius:0px; '><div  class='avia-image-container  av-styling-    avia-builder-el-1  avia-builder-el-no-sibling  avia-align-center '  itemprop=\"image\" itemscope=\"itemscope\" itemtype=\"https:\/\/schema.org\/ImageObject\"  ><div class='avia-image-container-inner'><div class='avia-image-overlay-wrap'><img decoding=\"async\" class='wp-image-49412 avia-img-lazy-loading-not-49412 avia_image' src=\"https:\/\/radiorevelacionfm.cl\/wp-content\/uploads\/2025\/01\/02-malotun-1_optimized.jpeg\" alt='' title='02-malotun-(1)_optimized' height=\"600\" width=\"900\"  itemprop=\"thumbnailUrl\" srcset=\"https:\/\/radiorevelacionfm.cl\/wp-content\/uploads\/2025\/01\/02-malotun-1_optimized.jpeg 900w, https:\/\/radiorevelacionfm.cl\/wp-content\/uploads\/2025\/01\/02-malotun-1_optimized-300x200.jpeg 300w, https:\/\/radiorevelacionfm.cl\/wp-content\/uploads\/2025\/01\/02-malotun-1_optimized-768x512.jpeg 768w, https:\/\/radiorevelacionfm.cl\/wp-content\/uploads\/2025\/01\/02-malotun-1_optimized-705x470.jpeg 705w, https:\/\/radiorevelacionfm.cl\/wp-content\/uploads\/2025\/01\/02-malotun-1_optimized-450x300.jpeg 450w, https:\/\/radiorevelacionfm.cl\/wp-content\/uploads\/2025\/01\/02-malotun-1_optimized-600x400.jpeg 600w\" sizes=\"(max-width: 900px) 100vw, 900px\" \/><\/div><\/div><\/div><\/div><div class=\"flex_column av_one_full  flex_column_div av-zero-column-padding first  avia-builder-el-2  el_after_av_one_full  el_before_av_one_full  column-top-margin\" style='border-radius:0px; '><section class=\"av_textblock_section \"  itemscope=\"itemscope\" itemtype=\"https:\/\/schema.org\/BlogPosting\" itemprop=\"blogPost\" ><div class='avia_textblock  '   itemprop=\"text\" ><p style=\"text-align: center;\"><span style=\"font-size: 18pt;\"><b>M\u00e1s de 10 mil personas de la Regi\u00f3n de Ays\u00e9n participaron en actividades culturales el 2024<\/b><\/span><\/p>\n<div id=\"gtx-trans\" style=\"position: absolute; left: -50px; top: 4.31534px;\">\n<div class=\"gtx-trans-icon\"><\/div>\n<\/div>\n<\/div><\/section><\/div><div class=\"flex_column av_one_full  flex_column_div av-zero-column-padding first  avia-builder-el-4  el_after_av_one_full  el_before_av_hr  column-top-margin\" style='border-radius:0px; '><section class=\"av_textblock_section \"  itemscope=\"itemscope\" itemtype=\"https:\/\/schema.org\/BlogPosting\" itemprop=\"blogPost\" ><div class='avia_textblock  '   itemprop=\"text\" ><p style=\"text-align: justify;\"><i>Gracias a la labor de\u00a0<span class=\"v1gmail_default\">la\u00a0<\/span>agrupaci\u00f3n Malotun Ortiga, que adem\u00e1s recibi\u00f3 el Premio Regional de Arte, Cultura y Patrimonio, por su Trayectoria en Gesti\u00f3n Cultural. Este a\u00f1o fortalecer\u00e1n las \u00e1reas de formaci\u00f3n, m\u00fasica y artes esc\u00e9nicas.<br \/>\n<\/i><br \/>\nLa temporada de conciertos \u00abThe Dark Side of the Sur\u00bb y el festival de teatro \u00abPatagonia en Escena\u00bb son las iniciativas m\u00e1s masivas, convocando a miles de personas en torno a la cultura y las artes en la Regi\u00f3n de Ays\u00e9n durante el 2024, gracias al trabajo realizado por Malotun Ortiga, organizadores de las mismas y otras en distintas comunas del territorio. Estas iniciativas se concretaron con el cofinanciamiento del Programa de Apoyo a Organizaciones Culturales Colaboradoras, del Ministerio de las Culturas, las Artes y el Patrimonio; el 8% FNDR del Gobierno Regional de Ays\u00e9n; y el FICCOY de la Municipalidad de Coyhaique.<\/p>\n<p style=\"text-align: justify;\">La directora de Malotun, Ver\u00f3nica Ibieta Bassili, describi\u00f3 el 2024 como un a\u00f1o de madurez, consolidaci\u00f3n y reconocimiento por el trabajo realizado. \u00abEstamos por cumplir 15 a\u00f1os como organizaci\u00f3n cultural comunitaria, que gestiona y produce, colaborativamente, actividades art\u00edsticas con \u00e9nfasis en las artes esc\u00e9nicas y la m\u00fasica, en la Regi\u00f3n de Ays\u00e9n. En ese contexto, evaluamos muy positivamente la gesti\u00f3n 2024, logrando trabajar con artistas, colectivos, compa\u00f1\u00edas y bandas de diversos lugares del pa\u00eds, posibilitando la participaci\u00f3n de m\u00e1s de 10.500 personas entre actividades presenciales y remotas\u00bb, expres\u00f3.<\/p>\n<p style=\"text-align: justify;\">Tambi\u00e9n, destac\u00f3 ciertas iniciativas que se han consolidado con el paso del tiempo. \u00abPor una parte, el festival de teatro \u00abPatagonia en Escena\u00bb, que tuvo su XIII edici\u00f3n en noviembre, m\u00e1s una extensi\u00f3n de oto\u00f1o en mayo. En el \u00e1rea musical, tuvimos la novena temporada de conciertos \u00abThe Dark Side of The Sur\u00bb, que cuentan con entrevistas y conversaci\u00f3n en vivo con las bandas, todo es grabado, editado y difundido a trav\u00e9s de medios radiales, televisivos y de YouTube\u00bb, recalc\u00f3.<\/p>\n<p style=\"text-align: justify;\">La descentralizaci\u00f3n de la oferta cultural en beneficio de comunas alejadas de Coyhaique, tambi\u00e9n signific\u00f3 un avance. \u00abAdem\u00e1s de programar artistas nacionales, destacamos que el 35% de las actividades presenciales del a\u00f1o se realizaron fuera de la capital regional, alcanzando tres provincias de la Regi\u00f3n de Ays\u00e9n, con la convicci\u00f3n de que las comunidades con baja densidad poblacional tienen el mismo derecho a la participaci\u00f3n cultural que las grandes ciudades del pa\u00eds\u00bb, afirm\u00f3.<\/p>\n<p style=\"text-align: justify;\">Adem\u00e1s, el 2024<span class=\"v1gmail_default\">,<\/span>\u00a0recibieron un galard\u00f3n muy especial, el Premio Regional de Arte, Cultura y Patrimonio 2024, en la categor\u00eda de Trayectoria en Gesti\u00f3n Cultural, otorgado por el Ministerio de las Culturas, las Artes y el Patrimonio. \u00abEs un logro que nos llena de orgullo y refuerza nuestro compromiso con el trabajo comunitario en torno a las artes y la cultura, que no ser\u00eda posible sin la participaci\u00f3n de distintas instituciones, organizaciones y artistas, m\u00e1s la participaci\u00f3n voluntaria de personas que se suman a apoyar, a quienes les estamos profundamente agradecidos\u00bb, sostuvo.<\/p>\n<p style=\"text-align: justify;\">De esta manera, el 2025 se proyecta como un a\u00f1o con nuevas metas y desaf\u00edos para Malotun. \u00abContinuaremos reforzando la formaci\u00f3n, programaci\u00f3n musical y artes esc\u00e9nicas. Algunos fondos ya se encuentran adjudicados y estamos a la espera de la apertura y postulaci\u00f3n de otros que posibiliten sumar nuevos p\u00fablicos a las iniciativas. Invitamos a la comunidad a estar atentos a nuestras redes\u00bb, concluy\u00f3 Ver\u00f3nica Ibieta.<\/p>\n<\/div><\/section><\/div><div  style='height:50px' class='hr hr-invisible   avia-builder-el-6  el_after_av_one_full  el_before_av_social_share '><span class='hr-inner ' ><span class='hr-inner-style'><\/span><\/span><\/div><\/p>\n<div  class='av-social-sharing-box  avia-builder-el-7  el_after_av_hr  el_before_av_hr  '><div class='av-share-box'><h5 class='av-share-link-description av-no-toc '>Compartir esta noticia<\/h5><ul class='av-share-box-list noLightbox'><li class='av-share-link av-social-link-facebook' ><a target=\"_blank\" aria-label=\"Compartir en Facebook\" href='https:\/\/www.facebook.com\/sharer.php?u=https:\/\/radiorevelacionfm.cl\/?p=49411&#038;t=M%C3%A1s%20de%2010%20mil%20personas%20de%20la%20Regi%C3%B3n%20de%20Ays%C3%A9n%20participaron%20en%20actividades%20culturales%20el%202024' aria-hidden='false' data-av_icon='\ue8f3' data-av_iconfont='entypo-fontello' title='' data-avia-related-tooltip='Compartir en Facebook' rel=\"noopener\"><span class='avia_hidden_link_text'>Compartir en Facebook<\/span><\/a><\/li><li class='av-share-link av-social-link-twitter' ><a target=\"_blank\" aria-label=\"Compartir en Twitter\" href='https:\/\/twitter.com\/share?text=M%C3%A1s%20de%2010%20mil%20personas%20de%20la%20Regi%C3%B3n%20de%20Ays%C3%A9n%20participaron%20en%20actividades%20culturales%20el%202024&#038;url=https:\/\/radiorevelacionfm.cl\/?p=49411' aria-hidden='false' data-av_icon='\ue8f1' data-av_iconfont='entypo-fontello' title='' data-avia-related-tooltip='Compartir en Twitter' rel=\"noopener\"><span class='avia_hidden_link_text'>Compartir en Twitter<\/span><\/a><\/li><li class='av-share-link av-social-link-whatsapp' ><a target=\"_blank\" aria-label=\"Compartir en Whatsapp\" href='https:\/\/api.whatsapp.com\/send?text=https:\/\/radiorevelacionfm.cl\/?p=49411' aria-hidden='false' data-av_icon='\uf232' data-av_iconfont='entypo-fontello' title='' data-avia-related-tooltip='Compartir en Whatsapp' rel=\"noopener\"><span class='avia_hidden_link_text'>Compartir en Whatsapp<\/span><\/a><\/li><li class='av-share-link av-social-link-linkedin' ><a target=\"_blank\" aria-label=\"Compartir en LinkedIn\" href='https:\/\/linkedin.com\/shareArticle?mini=true&#038;title=M%C3%A1s%20de%2010%20mil%20personas%20de%20la%20Regi%C3%B3n%20de%20Ays%C3%A9n%20participaron%20en%20actividades%20culturales%20el%202024&#038;url=https:\/\/radiorevelacionfm.cl\/?p=49411' aria-hidden='false' data-av_icon='\ue8fc' data-av_iconfont='entypo-fontello' title='' data-avia-related-tooltip='Compartir en LinkedIn' rel=\"noopener\"><span class='avia_hidden_link_text'>Compartir en LinkedIn<\/span><\/a><\/li><li class='av-share-link av-social-link-mail' ><a  aria-label=\"Compartir por correo\" href='mailto:?subject=M%C3%A1s%20de%2010%20mil%20personas%20de%20la%20Regi%C3%B3n%20de%20Ays%C3%A9n%20participaron%20en%20actividades%20culturales%20el%202024&#038;body=https:\/\/radiorevelacionfm.cl\/?p=49411' aria-hidden='false' data-av_icon='\ue805' data-av_iconfont='entypo-fontello' title='' data-avia-related-tooltip='Compartir por correo'><span class='avia_hidden_link_text'>Compartir por correo<\/span><\/a><\/li><\/ul><\/div><\/div>\n<div  style='height:50px' class='hr hr-invisible   avia-builder-el-8  el_after_av_social_share  el_before_av_comments_list '><span class='hr-inner ' ><span class='hr-inner-style'><\/span><\/span><\/div>\n<div  class='av-buildercomment  av-blog-meta-html-info-disabled av-blog-meta-tag-disabled  '><\/div>\n","protected":false},"excerpt":{"rendered":"","protected":false},"author":1,"featured_media":49412,"comment_status":"open","ping_status":"open","sticky":false,"template":"","format":"standard","meta":{"footnotes":""},"categories":[52],"tags":[],"class_list":["post-49411","post","type-post","status-publish","format-standard","has-post-thumbnail","hentry","category-cultura"],"jetpack_featured_media_url":"https:\/\/radiorevelacionfm.cl\/wp-content\/uploads\/2025\/01\/02-malotun-1_optimized.jpeg","_links":{"self":[{"href":"https:\/\/radiorevelacionfm.cl\/index.php?rest_route=\/wp\/v2\/posts\/49411","targetHints":{"allow":["GET"]}}],"collection":[{"href":"https:\/\/radiorevelacionfm.cl\/index.php?rest_route=\/wp\/v2\/posts"}],"about":[{"href":"https:\/\/radiorevelacionfm.cl\/index.php?rest_route=\/wp\/v2\/types\/post"}],"author":[{"embeddable":true,"href":"https:\/\/radiorevelacionfm.cl\/index.php?rest_route=\/wp\/v2\/users\/1"}],"replies":[{"embeddable":true,"href":"https:\/\/radiorevelacionfm.cl\/index.php?rest_route=%2Fwp%2Fv2%2Fcomments&post=49411"}],"version-history":[{"count":1,"href":"https:\/\/radiorevelacionfm.cl\/index.php?rest_route=\/wp\/v2\/posts\/49411\/revisions"}],"predecessor-version":[{"id":49413,"href":"https:\/\/radiorevelacionfm.cl\/index.php?rest_route=\/wp\/v2\/posts\/49411\/revisions\/49413"}],"wp:featuredmedia":[{"embeddable":true,"href":"https:\/\/radiorevelacionfm.cl\/index.php?rest_route=\/wp\/v2\/media\/49412"}],"wp:attachment":[{"href":"https:\/\/radiorevelacionfm.cl\/index.php?rest_route=%2Fwp%2Fv2%2Fmedia&parent=49411"}],"wp:term":[{"taxonomy":"category","embeddable":true,"href":"https:\/\/radiorevelacionfm.cl\/index.php?rest_route=%2Fwp%2Fv2%2Fcategories&post=49411"},{"taxonomy":"post_tag","embeddable":true,"href":"https:\/\/radiorevelacionfm.cl\/index.php?rest_route=%2Fwp%2Fv2%2Ftags&post=49411"}],"curies":[{"name":"wp","href":"https:\/\/api.w.org\/{rel}","templated":true}]}}