{"id":4941,"date":"2021-06-05T18:24:34","date_gmt":"2021-06-05T21:24:34","guid":{"rendered":"https:\/\/radiorevelacionfm.cl\/?p=4941"},"modified":"2021-06-05T18:24:34","modified_gmt":"2021-06-05T21:24:34","slug":"votacion-unanime-ife-de-emergencia-llegara-a-mas-de-7-millones-de-hogares","status":"publish","type":"post","link":"https:\/\/radiorevelacionfm.cl\/?p=4941","title":{"rendered":"Votaci\u00f3n un\u00e1nime IFE de emergencia llegar\u00e1 a m\u00e1s de 7 millones de hogares"},"content":{"rendered":"<div class=\"flex_column av_one_full  flex_column_div av-zero-column-padding first  avia-builder-el-0  el_before_av_one_full  avia-builder-el-first  \" style='border-radius:0px; '><div  class='avia-image-container  av-styling-    avia-builder-el-1  avia-builder-el-no-sibling  avia-align-center '  itemprop=\"image\" itemscope=\"itemscope\" itemtype=\"https:\/\/schema.org\/ImageObject\"  ><div class='avia-image-container-inner'><div class='avia-image-overlay-wrap'><img decoding=\"async\" class='wp-image-4942 avia-img-lazy-loading-not-4942 avia_image' src=\"https:\/\/radiorevelacionfm.cl\/wp-content\/uploads\/2021\/06\/BILLETES-2.jpg\" alt='' title='BILLETES (2)' height=\"600\" width=\"900\"  itemprop=\"thumbnailUrl\" srcset=\"https:\/\/radiorevelacionfm.cl\/wp-content\/uploads\/2021\/06\/BILLETES-2.jpg 900w, https:\/\/radiorevelacionfm.cl\/wp-content\/uploads\/2021\/06\/BILLETES-2-300x200.jpg 300w, https:\/\/radiorevelacionfm.cl\/wp-content\/uploads\/2021\/06\/BILLETES-2-768x512.jpg 768w, https:\/\/radiorevelacionfm.cl\/wp-content\/uploads\/2021\/06\/BILLETES-2-705x470.jpg 705w, https:\/\/radiorevelacionfm.cl\/wp-content\/uploads\/2021\/06\/BILLETES-2-600x400.jpg 600w\" sizes=\"(max-width: 900px) 100vw, 900px\" \/><\/div><\/div><\/div><\/div><div class=\"flex_column av_one_full  flex_column_div av-zero-column-padding first  avia-builder-el-2  el_after_av_one_full  el_before_av_one_full  column-top-margin\" style='border-radius:0px; '><section class=\"av_textblock_section \"  itemscope=\"itemscope\" itemtype=\"https:\/\/schema.org\/BlogPosting\" itemprop=\"blogPost\" ><div class='avia_textblock  '   itemprop=\"text\" ><p style=\"text-align: center;\"><strong><span style=\"font-size: 18pt;\">Votaci\u00f3n un\u00e1nime IFE de emergencia llegar\u00e1 a m\u00e1s de 7 millones de hogares<\/span><\/strong><\/p>\n<div id=\"gtx-trans\" style=\"position: absolute; left: -50px; top: 4.31534px;\">\n<div class=\"gtx-trans-icon\"><\/div>\n<\/div>\n<\/div><\/section><\/div><div class=\"flex_column av_one_full  flex_column_div av-zero-column-padding first  avia-builder-el-4  el_after_av_one_full  el_before_av_hr  column-top-margin\" style='border-radius:0px; '><section class=\"av_textblock_section \"  itemscope=\"itemscope\" itemtype=\"https:\/\/schema.org\/BlogPosting\" itemprop=\"blogPost\" ><div class='avia_textblock  '   itemprop=\"text\" ><p style=\"text-align: justify;\">El Senado en sesi\u00f3n especial despach\u00f3 en forma un\u00e1nime, la iniciativa que espera llegar a m\u00e1s de 15 millones de chilenos con un aporte que \u201cir\u00e1 sobre pensiones, contratos de trabajo o ingresos informales de cualquier tipo, siempre y cuando los ingresos no superen los $800 mil por integrante familiar\u201d.<\/p>\n<p style=\"text-align: justify;\">En condiciones de ser remitida para su tr\u00e1mite de promulgaci\u00f3n qued\u00f3 el proyecto que establece el Ingreso Familiar de Emergencia (IFE) y que beneficiar\u00e1 a un universo de\u00a0<strong>m\u00e1s de 7 millones de hogares <\/strong>con unos 15 millones de chilenos, con el 100% de aporte entre junio y agosto y el 50% entre septiembre y diciembre.<\/p>\n<p style=\"text-align: justify;\">Con este resultado, la norma queda a un paso de ser promulgada como ley, pues los senadores no realizaron cambios al texto aprobado por los diputados.<\/p>\n<p style=\"text-align: justify;\">Durante la sesi\u00f3n especial convocada para analizar \u00e9sta y otras iniciativas de la llamada agenda de los m\u00ednimos comunes, se dio cuenta del tr\u00e1mite del proyecto en la Comisi\u00f3n de Hacienda y de los compromisos administrativos del Ejecutivo que acogieron las indicaciones planteadas por los senadores y senadores. Adem\u00e1s, se consign\u00f3 la importancia del acuerdo alcanzado y se refiri\u00f3 al debate sobre los apoyos a las pymes adelantando que, sobre ese punto, la\u00a0<strong>Comisi\u00f3n sesionar\u00e1 a partir de las 20 horas de este s\u00e1bado 5 de junio.<\/strong><\/p>\n<p style=\"text-align: justify;\"><strong>Dentro de los principales aspectos del IFE de emergencia se cuentan:<\/strong><\/p>\n<ul style=\"text-align: justify;\">\n<li>Ampl\u00eda su cobertura al 100% de la poblaci\u00f3n nacional de mayor vulnerabilidad, en el tramo de ingresos hasta 800 mil pesos l\u00edquidos.<\/li>\n<li>Extiende los aportes por familia. \u201cEstos ingresos (IFE emergencia) se van a colocar por sobre los ingresos de familias, es decir, sobre pensiones de cualquier tipo, sobre montos asociados a contratos o ingresos informales de cualquier tipo\u201d.<\/li>\n<li>Aumenta el plazo m\u00e1ximo para el cobro de cada uno de los aportes del IFE, hasta agosto y, a partir de septiembre, con un aporte decreciente que se mantendr\u00e1 hasta fin de a\u00f1o, con la posibilidad de renovar dicha herramienta de transferencias directas.<\/li>\n<li>Se espera que unos 5,7 millones de hogares reciban los aportes de forma autom\u00e1tica en junio y, gracias a una campa\u00f1a activa, se espera llegar en total a m\u00e1s de 7 millones de hogares con este ingreso de emergencia.<\/li>\n<\/ul>\n<p style=\"text-align: justify;\">En lo fundamental, el texto aprobado incrementa el aporte para hogares de 3 y 4 integrantes,\u00a0<strong>hasta llegar a 400 y 500 mil<\/strong>\u00a0pesos, respectivamente y, por otra parte, se extiende el plazo a septiembre, pero pagando el 50% del beneficio.<\/p>\n<p style=\"text-align: justify;\">Adem\u00e1s, aumenta a partir de junio, los montos del ingreso entregado a cada familia, por medio de un incremento a los aportes vigentes, el cual depender\u00e1 del n\u00famero de integrantes del grupo familiar.<\/p>\n<\/div><\/section><\/div><div  style='height:50px' class='hr hr-invisible   avia-builder-el-6  el_after_av_one_full  el_before_av_social_share '><span class='hr-inner ' ><span class='hr-inner-style'><\/span><\/span><\/div><\/p>\n<div  class='av-social-sharing-box  avia-builder-el-7  el_after_av_hr  el_before_av_hr  '><div class='av-share-box'><h5 class='av-share-link-description av-no-toc '>Compartir esta noticia<\/h5><ul class='av-share-box-list noLightbox'><li class='av-share-link av-social-link-facebook' ><a target=\"_blank\" aria-label=\"Compartir en Facebook\" href='https:\/\/www.facebook.com\/sharer.php?u=https:\/\/radiorevelacionfm.cl\/?p=4941&#038;t=Votaci%C3%B3n%20un%C3%A1nime%20IFE%20de%20emergencia%20llegar%C3%A1%20a%20m%C3%A1s%20de%207%20millones%20de%20hogares' aria-hidden='false' data-av_icon='\ue8f3' data-av_iconfont='entypo-fontello' title='' data-avia-related-tooltip='Compartir en Facebook' rel=\"noopener\"><span class='avia_hidden_link_text'>Compartir en Facebook<\/span><\/a><\/li><li class='av-share-link av-social-link-twitter' ><a target=\"_blank\" aria-label=\"Compartir en Twitter\" href='https:\/\/twitter.com\/share?text=Votaci%C3%B3n%20un%C3%A1nime%20IFE%20de%20emergencia%20llegar%C3%A1%20a%20m%C3%A1s%20de%207%20millones%20de%20hogares&#038;url=https:\/\/radiorevelacionfm.cl\/?p=4941' aria-hidden='false' data-av_icon='\ue8f1' data-av_iconfont='entypo-fontello' title='' data-avia-related-tooltip='Compartir en Twitter' rel=\"noopener\"><span class='avia_hidden_link_text'>Compartir en Twitter<\/span><\/a><\/li><li class='av-share-link av-social-link-whatsapp' ><a target=\"_blank\" aria-label=\"Compartir en Whatsapp\" href='https:\/\/api.whatsapp.com\/send?text=https:\/\/radiorevelacionfm.cl\/?p=4941' aria-hidden='false' data-av_icon='\uf232' data-av_iconfont='entypo-fontello' title='' data-avia-related-tooltip='Compartir en Whatsapp' rel=\"noopener\"><span class='avia_hidden_link_text'>Compartir en Whatsapp<\/span><\/a><\/li><li class='av-share-link av-social-link-linkedin' ><a target=\"_blank\" aria-label=\"Compartir en LinkedIn\" href='https:\/\/linkedin.com\/shareArticle?mini=true&#038;title=Votaci%C3%B3n%20un%C3%A1nime%20IFE%20de%20emergencia%20llegar%C3%A1%20a%20m%C3%A1s%20de%207%20millones%20de%20hogares&#038;url=https:\/\/radiorevelacionfm.cl\/?p=4941' aria-hidden='false' data-av_icon='\ue8fc' data-av_iconfont='entypo-fontello' title='' data-avia-related-tooltip='Compartir en LinkedIn' rel=\"noopener\"><span class='avia_hidden_link_text'>Compartir en LinkedIn<\/span><\/a><\/li><li class='av-share-link av-social-link-mail' ><a  aria-label=\"Compartir por correo\" href='mailto:?subject=Votaci%C3%B3n%20un%C3%A1nime%20IFE%20de%20emergencia%20llegar%C3%A1%20a%20m%C3%A1s%20de%207%20millones%20de%20hogares&#038;body=https:\/\/radiorevelacionfm.cl\/?p=4941' aria-hidden='false' data-av_icon='\ue805' data-av_iconfont='entypo-fontello' title='' data-avia-related-tooltip='Compartir por correo'><span class='avia_hidden_link_text'>Compartir por correo<\/span><\/a><\/li><\/ul><\/div><\/div>\n<div  style='height:50px' class='hr hr-invisible   avia-builder-el-8  el_after_av_social_share  el_before_av_comments_list '><span class='hr-inner ' ><span class='hr-inner-style'><\/span><\/span><\/div>\n<div  class='av-buildercomment  av-blog-meta-html-info-disabled av-blog-meta-tag-disabled  '><\/div>\n","protected":false},"excerpt":{"rendered":"","protected":false},"author":1,"featured_media":4942,"comment_status":"open","ping_status":"open","sticky":false,"template":"","format":"standard","meta":{"footnotes":""},"categories":[61,38],"tags":[],"class_list":["post-4941","post","type-post","status-publish","format-standard","has-post-thumbnail","hentry","category-nacional","category-regional"],"jetpack_featured_media_url":"https:\/\/radiorevelacionfm.cl\/wp-content\/uploads\/2021\/06\/BILLETES-2.jpg","_links":{"self":[{"href":"https:\/\/radiorevelacionfm.cl\/index.php?rest_route=\/wp\/v2\/posts\/4941","targetHints":{"allow":["GET"]}}],"collection":[{"href":"https:\/\/radiorevelacionfm.cl\/index.php?rest_route=\/wp\/v2\/posts"}],"about":[{"href":"https:\/\/radiorevelacionfm.cl\/index.php?rest_route=\/wp\/v2\/types\/post"}],"author":[{"embeddable":true,"href":"https:\/\/radiorevelacionfm.cl\/index.php?rest_route=\/wp\/v2\/users\/1"}],"replies":[{"embeddable":true,"href":"https:\/\/radiorevelacionfm.cl\/index.php?rest_route=%2Fwp%2Fv2%2Fcomments&post=4941"}],"version-history":[{"count":1,"href":"https:\/\/radiorevelacionfm.cl\/index.php?rest_route=\/wp\/v2\/posts\/4941\/revisions"}],"predecessor-version":[{"id":4943,"href":"https:\/\/radiorevelacionfm.cl\/index.php?rest_route=\/wp\/v2\/posts\/4941\/revisions\/4943"}],"wp:featuredmedia":[{"embeddable":true,"href":"https:\/\/radiorevelacionfm.cl\/index.php?rest_route=\/wp\/v2\/media\/4942"}],"wp:attachment":[{"href":"https:\/\/radiorevelacionfm.cl\/index.php?rest_route=%2Fwp%2Fv2%2Fmedia&parent=4941"}],"wp:term":[{"taxonomy":"category","embeddable":true,"href":"https:\/\/radiorevelacionfm.cl\/index.php?rest_route=%2Fwp%2Fv2%2Fcategories&post=4941"},{"taxonomy":"post_tag","embeddable":true,"href":"https:\/\/radiorevelacionfm.cl\/index.php?rest_route=%2Fwp%2Fv2%2Ftags&post=4941"}],"curies":[{"name":"wp","href":"https:\/\/api.w.org\/{rel}","templated":true}]}}